{"id":10329,"date":"2015-12-05T08:08:14","date_gmt":"2015-12-05T08:08:14","guid":{"rendered":"https:\/\/chartedefontevraultprovidentialisme.wordpress.com\/?p=10329"},"modified":"2015-12-05T08:08:14","modified_gmt":"2015-12-05T08:08:14","slug":"biennale-blanche-2015-le-retour-ou-la-b-b-vue-de-linterieur-13-le-soutien-dune-association-commemorative","status":"publish","type":"post","link":"https:\/\/charte-fontevrault-providentialisme.fr\/index.php\/2015\/12\/05\/biennale-blanche-2015-le-retour-ou-la-b-b-vue-de-linterieur-13-le-soutien-dune-association-commemorative\/","title":{"rendered":"Biennale Blanche 2015 , le retour ou la B.B vue de l\u2019int\u00e9rieur (14). LE SOUTIEN D&#8217;UNE ASSOCIATION COMMEMORATIVE"},"content":{"rendered":"<p class=\"p1\"><span style=\"color:#ff6600;\">NDLRB.<\/span><strong><span style=\"color:#ff6600;\"> \u00a0Ce mail \u00e9tait naturellement sign\u00e9 lorsque nous l&#8217;avons re\u00e7u.<\/span><\/strong><\/p>\n<p class=\"p1\"><em><span style=\"color:#008000;\">Encore merci pour votre soutien, ainsi que pour votre nouvelle \u00e9dition de la <strong>Biennale blanche (2015)<\/strong>, tr\u00e8s belle initiative dont je ne puis qu&#8217;esp\u00e9rer la poursuite.<\/span><\/em><\/p>\n","protected":false},"excerpt":{"rendered":"<p>NDLRB. \u00a0Ce mail \u00e9tait naturellement sign\u00e9 lorsque nous l&#8217;avons re\u00e7u. Encore merci pour votre soutien, ainsi que pour votre nouvelle \u00e9dition de la Biennale blanche (2015), tr\u00e8s belle initiative dont&#8230; <a href=\"https:\/\/charte-fontevrault-providentialisme.fr\/index.php\/2015\/12\/05\/biennale-blanche-2015-le-retour-ou-la-b-b-vue-de-linterieur-13-le-soutien-dune-association-commemorative\/\">Cliquez pour lire davantage &raquo;<\/a><\/p>\n","protected":false},"author":2,"featured_media":0,"comment_status":"open","ping_status":"open","sticky":false,"template":"","format":"standard","meta":{"footnotes":""},"categories":[10],"tags":[1192,1708],"class_list":["post-10329","post","type-post","status-publish","format-standard","hentry","category-blogs-et-sites-memoriels","tag-asiem","tag-biennale-blanche-2015"],"_links":{"self":[{"href":"https:\/\/charte-fontevrault-providentialisme.fr\/index.php\/wp-json\/wp\/v2\/posts\/10329","targetHints":{"allow":["GET"]}}],"collection":[{"href":"https:\/\/charte-fontevrault-providentialisme.fr\/index.php\/wp-json\/wp\/v2\/posts"}],"about":[{"href":"https:\/\/charte-fontevrault-providentialisme.fr\/index.php\/wp-json\/wp\/v2\/types\/post"}],"author":[{"embeddable":true,"href":"https:\/\/charte-fontevrault-providentialisme.fr\/index.php\/wp-json\/wp\/v2\/users\/2"}],"replies":[{"embeddable":true,"href":"https:\/\/charte-fontevrault-providentialisme.fr\/index.php\/wp-json\/wp\/v2\/comments?post=10329"}],"version-history":[{"count":0,"href":"https:\/\/charte-fontevrault-providentialisme.fr\/index.php\/wp-json\/wp\/v2\/posts\/10329\/revisions"}],"wp:attachment":[{"href":"https:\/\/charte-fontevrault-providentialisme.fr\/index.php\/wp-json\/wp\/v2\/media?parent=10329"}],"wp:term":[{"taxonomy":"category","embeddable":true,"href":"https:\/\/charte-fontevrault-providentialisme.fr\/index.php\/wp-json\/wp\/v2\/categories?post=10329"},{"taxonomy":"post_tag","embeddable":true,"href":"https:\/\/charte-fontevrault-providentialisme.fr\/index.php\/wp-json\/wp\/v2\/tags?post=10329"}],"curies":[{"name":"wp","href":"https:\/\/api.w.org\/{rel}","templated":true}]}}