{"id":12098,"date":"2016-07-17T09:46:14","date_gmt":"2016-07-17T09:46:14","guid":{"rendered":"https:\/\/chartedefontevraultprovidentialisme.wordpress.com\/?p=12098"},"modified":"2016-07-17T09:46:14","modified_gmt":"2016-07-17T09:46:14","slug":"attentat-de-nice-un-ministre-de-linterieur-particulierement-mal-in-forme-ce-qui-nest-pas-rassurant","status":"publish","type":"post","link":"https:\/\/charte-fontevrault-providentialisme.fr\/index.php\/2016\/07\/17\/attentat-de-nice-un-ministre-de-linterieur-particulierement-mal-in-forme-ce-qui-nest-pas-rassurant\/","title":{"rendered":"Attentat de Nice ; un Ministre de l&#8217;Int\u00e9rieur particuli\u00e8rement mal inform\u00e9 sur l&#8217;Islamisme, ce  qui n&#8217;est pas rassurant."},"content":{"rendered":"<p><span style=\"color:#008000;\">Pour le premier ministre, Manuel Valls, <span style=\"color:#ff0000;\">l&#8217;auteur de l&#8217;attentat de Nice &#8220;<em>est un terroriste sans doute li\u00e9 \u00e0 l&#8217;islamisme radical<\/em>&#8220;<\/span> mais pour le ministre de l&#8217;Int\u00e9rieur, <span style=\"color:#ff0000;\">Bernard Cazeneuve, rien ne permet pour l&#8217;instant de l&#8217;affirmer.<\/span><\/span><\/p>\n<p><span style=\"color:#0000ff;\">http:\/\/tempsreel.nouvelobs.com\/societe\/attaque-de-nice\/20160716.OBS4752\/attentat-de-nice-sur-l-islamisme-radical-valls-et-cazeneuve-ne-disent-pas-la-meme-chose.html<\/span><\/p>\n<p><span style=\"color:#008000;\">L&#8217;Etat islamique revendique l&#8217;attentat de jeudi \u00e0 Nice, selon l&#8217;organe de propagande du groupe djihadiste Amaq. &#8220;<em>L&#8217;auteur de l&#8217;op\u00e9ration (&#8230;) men\u00e9e \u00e0 Nice en France est un soldat de l&#8217;Etat islamique. Il a ex\u00e9cut\u00e9 l&#8217;op\u00e9ration en r\u00e9ponse aux appels lanc\u00e9s pour prendre pour cible les ressortissants des pays de la coalition qui combat l&#8217;EI&#8221;<\/em>, affirme Amaq citant une &#8220;<em>source de s\u00e9curit\u00e9<\/em>&#8220;.<\/span><\/p>\n<p><span style=\"color:#008000;\">Selon une source proche de l&#8217;enqu\u00eate contact\u00e9e par Le Figaro, le minist\u00e8re de l&#8217;Int\u00e9rieur a bien pris acte de la revendication mais cherche \u00e0 l&#8217;authentifier. Selon nos informations, les services de police n&#8217;ont toutefois toujours pas trouv\u00e9 le moindre \u00e9l\u00e9ment prouvant que l&#8217;auteur du massacre de Nice ait fait all\u00e9geance \u00e0 l&#8217;Etat islamiste, comme le font habituellement les terroristes avant de mourir en &#8220;martyr&#8221;<\/span><\/p>\n<p><span style=\"color:#008000;\">De source proche de l&#8217;enqu\u00eate, on n&#8217;exclut pas que l'&#8221;<em>ordre<\/em>&#8221; de Daech provienne en fait des messages de propagande djihadiste tels que ceux d&#8217;Al Adanani quand il \u00e9crivait &#8220;<em>\u00e9crasez les tous&#8230;<\/em>&#8220;<\/span><\/p>\n<p><span style=\"color:#008000;\">L&#8217;attaque de jeudi a fait 84 morts et plus de 200 bless\u00e9s, selon le dernier bilan officiel.<\/span><\/p>\n<p><span style=\"color:#0000ff;\">http:\/\/www.lefigaro.fr\/flash-actu\/2016\/07\/16\/97001-20160716FILWWW00041-l-etat-islamique-revendique-l-attentat-de-nice.php<\/span><\/p>\n<p><strong>NDLRB<\/strong> . <span style=\"color:#008000;\">Nous esp\u00e9rons\u00a0 que\u00a0 cet autisme minist\u00e9riel n&#8217;ait pas pour\u00a0 cause principal de d\u00e9douaner l&#8217;Islam dans\u00a0 toutes ses\u00a0 composantes m\u00eame si :<\/span><\/p>\n<p><span style=\"color:#008000;\"><img loading=\"lazy\" decoding=\"async\" class=\"aligncenter wp-image-12089\" src=\"https:\/\/charte-fontevrault-providentialisme.fr\/wp-content\/uploads\/2016\/07\/padama10.jpg\" alt=\"padama10\" width=\"232\" height=\"174\" srcset=\"https:\/\/charte-fontevrault-providentialisme.fr\/wp-content\/uploads\/2016\/07\/padama10.jpg 720w, https:\/\/charte-fontevrault-providentialisme.fr\/wp-content\/uploads\/2016\/07\/padama10-300x225.jpg 300w, https:\/\/charte-fontevrault-providentialisme.fr\/wp-content\/uploads\/2016\/07\/padama10-624x468.jpg 624w, https:\/\/charte-fontevrault-providentialisme.fr\/wp-content\/uploads\/2016\/07\/padama10-240x180.jpg 240w\" sizes=\"auto, (max-width: 232px) 100vw, 232px\" \/>pas d&#8217;amalgam bien entendu&#8230;<\/span><\/p>\n<p>&nbsp;<\/p>\n","protected":false},"excerpt":{"rendered":"<p>Pour le premier ministre, Manuel Valls, l&#8217;auteur de l&#8217;attentat de Nice &#8220;est un terroriste sans doute li\u00e9 \u00e0 l&#8217;islamisme radical&#8220; mais pour le ministre de l&#8217;Int\u00e9rieur, Bernard Cazeneuve, rien ne&#8230; <a href=\"https:\/\/charte-fontevrault-providentialisme.fr\/index.php\/2016\/07\/17\/attentat-de-nice-un-ministre-de-linterieur-particulierement-mal-in-forme-ce-qui-nest-pas-rassurant\/\">Cliquez pour lire davantage &raquo;<\/a><\/p>\n","protected":false},"author":2,"featured_media":0,"comment_status":"open","ping_status":"open","sticky":false,"template":"","format":"standard","meta":{"footnotes":""},"categories":[21],"tags":[1274,1276,1609,4140,6657,9642,10005,11939,15368,18263],"class_list":["post-12098","post","type-post","status-publish","format-standard","hentry","category-limites-de-la-republique","tag-attentat-a-nice-du-14-juillet-2016","tag-attentats-islamistes","tag-bernard-cazeneuve","tag-commune-de-nice-06000","tag-etat-islamique","tag-http-tempsreel-nouvelobs-com","tag-http-www-lefigaro-fr","tag-islam","tag-manuel-valls","tag-padamalgam"],"_links":{"self":[{"href":"https:\/\/charte-fontevrault-providentialisme.fr\/index.php\/wp-json\/wp\/v2\/posts\/12098","targetHints":{"allow":["GET"]}}],"collection":[{"href":"https:\/\/charte-fontevrault-providentialisme.fr\/index.php\/wp-json\/wp\/v2\/posts"}],"about":[{"href":"https:\/\/charte-fontevrault-providentialisme.fr\/index.php\/wp-json\/wp\/v2\/types\/post"}],"author":[{"embeddable":true,"href":"https:\/\/charte-fontevrault-providentialisme.fr\/index.php\/wp-json\/wp\/v2\/users\/2"}],"replies":[{"embeddable":true,"href":"https:\/\/charte-fontevrault-providentialisme.fr\/index.php\/wp-json\/wp\/v2\/comments?post=12098"}],"version-history":[{"count":0,"href":"https:\/\/charte-fontevrault-providentialisme.fr\/index.php\/wp-json\/wp\/v2\/posts\/12098\/revisions"}],"wp:attachment":[{"href":"https:\/\/charte-fontevrault-providentialisme.fr\/index.php\/wp-json\/wp\/v2\/media?parent=12098"}],"wp:term":[{"taxonomy":"category","embeddable":true,"href":"https:\/\/charte-fontevrault-providentialisme.fr\/index.php\/wp-json\/wp\/v2\/categories?post=12098"},{"taxonomy":"post_tag","embeddable":true,"href":"https:\/\/charte-fontevrault-providentialisme.fr\/index.php\/wp-json\/wp\/v2\/tags?post=12098"}],"curies":[{"name":"wp","href":"https:\/\/api.w.org\/{rel}","templated":true}]}}