{"id":12404,"date":"2016-08-15T06:32:02","date_gmt":"2016-08-15T06:32:02","guid":{"rendered":"https:\/\/chartedefontevraultprovidentialisme.wordpress.com\/?p=12404"},"modified":"2016-08-15T06:32:02","modified_gmt":"2016-08-15T06:32:02","slug":"aujourdhui-15-aout-2016-fete-nationale-de-la-france","status":"publish","type":"post","link":"https:\/\/charte-fontevrault-providentialisme.fr\/index.php\/2016\/08\/15\/aujourdhui-15-aout-2016-fete-nationale-de-la-france\/","title":{"rendered":"Aujourd&#8217;hui 15 ao\u00fbt 2016. F\u00eate nationale de la France."},"content":{"rendered":"<div id=\"attachment_12405\" style=\"width: 322px\" class=\"wp-caption aligncenter\"><a href=\"https:\/\/charte-fontevrault-providentialisme.fr\/wp-content\/uploads\/2016\/08\/image-92.png\"><img loading=\"lazy\" decoding=\"async\" aria-describedby=\"caption-attachment-12405\" class=\"wp-image-12405 size-full\" src=\"https:\/\/charte-fontevrault-providentialisme.fr\/wp-content\/uploads\/2016\/08\/image-92.png\" alt=\"Image-92\" width=\"312\" height=\"404\" srcset=\"https:\/\/charte-fontevrault-providentialisme.fr\/wp-content\/uploads\/2016\/08\/image-92.png 312w, https:\/\/charte-fontevrault-providentialisme.fr\/wp-content\/uploads\/2016\/08\/image-92-232x300.png 232w\" sizes=\"auto, (max-width: 312px) 100vw, 312px\" \/><\/a><p id=\"caption-attachment-12405\" class=\"wp-caption-text\">http:\/\/www.riposte-catholique.fr\/americatho\/histoire\/noublions-pas-le-voeu-de-louis-xiii<\/p><\/div>\n<p><span style=\"color:#ff9900;\">Extrait de L\u2019Ann\u00e9e liturgique de dom Gu\u00e9ranger, abb\u00e9 de Saint-Pierre de Solesmes. Il s\u2019agit du passage concernant le v\u0153u de Louis XIII. Notre tradition catholique et nationale. Un acte conforme \u00e0 la reconnaissance de la Royaut\u00e9 sociale de Notre-Seigneur J\u00e9sus-Christ.<\/span><\/p>\n<p><span style=\"color:#ff00ff;\">\u00ab Aujourd\u2019hui, dans toutes les \u00e9glises de France, a lieu la procession solennelle institu\u00e9e en souvenir et confirmation du v\u0153u par lequel Louis XIII d\u00e9dia le royaume tr\u00e8s chr\u00e9tien \u00e0 la Bienheureuse Vierge.<\/span><br \/>\n<span style=\"color:#ff00ff;\">Par lettres donn\u00e9es \u00e0 Saint-Germain-en-Laye, le 10 f\u00e9vrier 1638, le pieux roi d\u00e9clarait consacrer \u00e0 Marie sa personne, son \u00e9tat, sa couronne, ses sujets.<\/span> \u00ab <span style=\"color:#008000;\">Nous enjoignons \u00e0 l\u2019archev\u00eaque de Paris, disait-il ensuite, que tous les ans, le jour et f\u00eate de l\u2019Assomption, il fasse faire comm\u00e9moration de notre pr\u00e9sente d\u00e9claration \u00e0 la grande Messe qui se dira en <em>son \u00e9glise cath\u00e9drale, et qu\u2019apr\u00e8s les V\u00eapres dudit jour il soit fait une procession en ladite \u00e9glise, \u00e0 laquelle assisteront toutes les compagnies souveraines et le corps de ville avec pareille c\u00e9r\u00e9monie que celle qui s\u2019observe aux processions plus solennelles. Ce que nous voulons aussi \u00eatre fait en toutes les \u00e9glises tant paroissiales que celles des monast\u00e8res de ladite ville et faubourgs, et en toutes les villes, bourgs et villages dudit dioc\u00e8se de Paris. Exhortons pareillement tous les archev\u00eaques et \u00e9v\u00eaques de notre royaume, et n\u00e9anmoins leur enjoignons de faire c\u00e9l\u00e9brer la Messe solennelle en leurs \u00e9glises \u00e9piscopales, et autres \u00e9glises de leurs dioc\u00e8ses ; entendant qu\u2019\u00e0 ladite c\u00e9r\u00e9monie les cours de parlement et autres compagnies souveraines, les principaux officiers des villes y soient pr\u00e9sents. Nous exhortons lesdits archev\u00eaques et \u00e9v\u00eaques\u2026 d\u2019admonester tous nos peuples d\u2019avoir une d\u00e9votion particuli\u00e8re \u00e0 la Vierge, d\u2019implorer en ce jour sa protection, afin que sous une si puissante patronne notre royaume soit \u00e0 couvert de toutes les entreprises de ses ennemis ; qu\u2019il jouisse longuement d\u2019une bonne paix ; que Dieu y soit servi et r\u00e9v\u00e9r\u00e9 si saintement, que nous et nos sujets puissions arriver heureusement \u00e0 la derni\u00e8re fin pour laquelle nous avons tous \u00e9t\u00e9 cr\u00e9\u00e9s ; car tel est notre plaisir.<\/em> <\/span>\u00bb<br \/>\n<span style=\"color:#008000;\">A nouveau donc, le royaume de France s\u2019affirmait le royaume de Marie. Moins d\u2019un mois apr\u00e8s la premi\u00e8re f\u00eate c\u00e9l\u00e9br\u00e9e conform\u00e9ment aux royales prescriptions, le 5 septembre 1638, naissait d\u2019une union st\u00e9rile vingt ans celui qui fut Louis XIV. Lui-m\u00eame devait renouveler la cons\u00e9cration \u00e0 Marie de la couronne et du sceptre de France (25 Mars 1650). <span style=\"color:#ff0000;\">L\u2019Assomption demeura, elle est toujours, pour ceux que ne s\u00e9duisent pas des dates de r\u00e9volte et d\u2019assassinat*, la f\u00eate nationale du pays.<\/span><\/span><br \/>\n<span style=\"color:#ff6600;\">Voici les pri\u00e8res sp\u00e9ciales qui se dirent tous les ans jusqu\u2019\u00e0 la chute de la monarchie, en ex\u00e9cution du v\u0153u de Louis XIII.<\/span><\/p>\n<p><span style=\"color:#008000;\"><em>Nous donnons l\u2019Oraison dans son texte primitif.<\/em><\/span><br \/>\n<span style=\"color:#008000;\">ANTIENNE.<\/span><br \/>\n<span style=\"color:#008000;\">Nous\u00a0 avons\u00a0 recours\u00a0 \u00e0\u00a0 votre protection sainte\u00a0 M\u00e8re de Dieu : dans\u00a0 nos besoins ne m\u00e9prisez pas nos pri\u00e8res ; mais d\u00e9livrez-nous toujours de tous maux, Vierge glorieuse et b\u00e9nie.<\/span><br \/>\n<span style=\"color:#008000;\">V\/. O Dieu, donnez au roi votre science du jugement et au fils du roi celle de votre justice.<\/span><br \/>\n<span style=\"color:#008000;\">R\/. Pour juger votre peuple dans l\u2019\u00e9quit\u00e9 et vos pauvres dans la droiture.<\/span><br \/>\n<span style=\"color:#008000;\">ORAISON.<\/span><br \/>\n<span style=\"color:#008000;\">Dieu, roi des rois et des royaumes, leur guide et leur gardien, vous qui avez donn\u00e9 comme fils \u00e0 la bienheureuse Vierge Marie votre propre Fils unique et le lui avez soumis : accueillez favorablement les v\u0153ux de votre serviteur le tr\u00e8s chr\u00e9tien roi des Francs, de son peuple fid\u00e8le et de tout le royaume; ils se soumettent eux-m\u00eames \u00e0 l\u2019empire de cette bienheureuse Vierge, ils se d\u00e9vouent, s\u2019engagent et se consacrent \u00e0 son service : puissent-ils en retour obtenir,durant cette vie la tranquillit\u00e9 et la paix, au ciel l\u2019\u00e9ternelle libert\u00e9. Par le m\u00eame J\u00e9sus-Christ, notre Seigneur.<\/span><\/p>\n<p>*)\u00a0<span style=\"color:#ff00ff;\"> Les R\u00e9publicains ont tellement conscience ( <strong>NDLRB<\/strong>. <em>La Charte de Fontevrault est au regret de ne\u00a0 pouvoir partager l&#8217;optimisme du r\u00e9dacteur de ces lignes<\/em>) de l&#8217;horreur des massacres du 14 juillet, qu&#8217;ils essayent r\u00e9guli\u00e8rement d&#8217;\u00e9dulcorer ce fait en nous serinant que le 14 juillet est le rappel de la &#8220;f\u00eate de la f\u00e9d\u00e9ration&#8221;, de 1790,\u00a0 f\u00eate soit disant de r\u00e9conciliation qui fut une mascarade\u00a0 o\u00f9 le Roi Louis XVI subit toutes les pressions pour le faire porter la cocarde &#8220;bleu-blanc-rouge&#8221; et accepter les d\u00e9viances politiques impos\u00e9es ce jour l\u00e0, par la haute bourgeoisie et la noblesse citadine boursicotante,\u00a0 La correspondance du Roi avec son cousin d&#8217;Espagne au cours des 3 ann\u00e9es pr\u00e9c\u00e9dant sa mort, montre bien \u00e0 quel point le Roi d\u00e9saprouvait la plus grande partie des &#8220;r\u00e9formes&#8221; mises en place et avait vu leurs effets nocifs sur le long terme, ces effets trouvent leur aboutissement total en NOTRE TEMPS et montrent leurs effets ven\u00e9neux. Le Roi avait eu ce &#8220;discernement des esprits&#8221; avant tous. Puisse cette jeunesse qui se l\u00e8ve actuellement se vacciner enfin contre tous les leurres que lui ont pr\u00e9sent\u00e9s les id\u00e9ologues des fausses lumi\u00e8res.<\/span><\/p>\n<p><span style=\"color:#0000ff;\">http:\/\/www.allianceroyalenievre.com\/article-34901080.html<\/span><\/p>\n","protected":false},"excerpt":{"rendered":"<p>Extrait de L\u2019Ann\u00e9e liturgique de dom Gu\u00e9ranger, abb\u00e9 de Saint-Pierre de Solesmes. Il s\u2019agit du passage concernant le v\u0153u de Louis XIII. Notre tradition catholique et nationale. Un acte conforme&#8230; <a href=\"https:\/\/charte-fontevrault-providentialisme.fr\/index.php\/2016\/08\/15\/aujourdhui-15-aout-2016-fete-nationale-de-la-france\/\">Cliquez pour lire davantage &raquo;<\/a><\/p>\n","protected":false},"author":5,"featured_media":0,"comment_status":"open","ping_status":"open","sticky":false,"template":"","format":"standard","meta":{"footnotes":""},"categories":[7,12],"tags":[152,383,1263,4370,5595,9733,14765,14942,21875,30227],"class_list":["post-12404","post","type-post","status-publish","format-standard","hentry","category-blogs-et-sites-catholiques","category-blogs-et-sites-providentialistes","tag-1638-10-fevrier","tag-abbaye-de-saint-pierre-de-solesmes","tag-assomption","tag-commune-de-solesmes-72300","tag-dom-gueranger","tag-http-www-allianceroyalenievre-com","tag-louis-xiii","tag-luis","tag-regnum-galliae-regnum-mariae","tag-voeu-de-louis-xiii"],"_links":{"self":[{"href":"https:\/\/charte-fontevrault-providentialisme.fr\/index.php\/wp-json\/wp\/v2\/posts\/12404","targetHints":{"allow":["GET"]}}],"collection":[{"href":"https:\/\/charte-fontevrault-providentialisme.fr\/index.php\/wp-json\/wp\/v2\/posts"}],"about":[{"href":"https:\/\/charte-fontevrault-providentialisme.fr\/index.php\/wp-json\/wp\/v2\/types\/post"}],"author":[{"embeddable":true,"href":"https:\/\/charte-fontevrault-providentialisme.fr\/index.php\/wp-json\/wp\/v2\/users\/5"}],"replies":[{"embeddable":true,"href":"https:\/\/charte-fontevrault-providentialisme.fr\/index.php\/wp-json\/wp\/v2\/comments?post=12404"}],"version-history":[{"count":0,"href":"https:\/\/charte-fontevrault-providentialisme.fr\/index.php\/wp-json\/wp\/v2\/posts\/12404\/revisions"}],"wp:attachment":[{"href":"https:\/\/charte-fontevrault-providentialisme.fr\/index.php\/wp-json\/wp\/v2\/media?parent=12404"}],"wp:term":[{"taxonomy":"category","embeddable":true,"href":"https:\/\/charte-fontevrault-providentialisme.fr\/index.php\/wp-json\/wp\/v2\/categories?post=12404"},{"taxonomy":"post_tag","embeddable":true,"href":"https:\/\/charte-fontevrault-providentialisme.fr\/index.php\/wp-json\/wp\/v2\/tags?post=12404"}],"curies":[{"name":"wp","href":"https:\/\/api.w.org\/{rel}","templated":true}]}}