{"id":13178,"date":"2016-11-19T15:00:49","date_gmt":"2016-11-19T15:00:49","guid":{"rendered":"https:\/\/chartedefontevraultprovidentialisme.wordpress.com\/?p=13178"},"modified":"2016-11-19T15:00:49","modified_gmt":"2016-11-19T15:00:49","slug":"en-pologne-intronisation-du-christ-comme-roi-de-pologne-programme-du-samedi-19-novembre-2016","status":"publish","type":"post","link":"https:\/\/charte-fontevrault-providentialisme.fr\/index.php\/2016\/11\/19\/en-pologne-intronisation-du-christ-comme-roi-de-pologne-programme-du-samedi-19-novembre-2016\/","title":{"rendered":"En Pologne : Intronisation du Christ comme Roi de Pologne. Programme du samedi 19 novembre 2016"},"content":{"rendered":"<ol>\n<li><span style=\"color:#008000;\"><em>Ah si la France pouvait \u00a0faire la m\u00eame \u00a0chose<\/em><\/span>.<\/li>\n<\/ol>\n<hr \/>\n<div class=\"page\" title=\"Page 1\">\n<div class=\"layoutArea\">\n<div class=\"column\">\n<p><strong>TRADUCTION DU TEXTE OFFICIEL DE LA PROCLAMATION DE L\u2019INTRONISATION :<\/strong><\/p>\n<p><span style=\"color:#008000;\">E\u0301ternel Roi des Sie\u0300cles, Seigneur Je\u0301sus-Christ, notre Dieu et Sauveur,<\/span><\/p>\n<p><span style=\"color:#008000;\">En cette anne\u0301e jubilaire du 1050e\u0300me anniversaire du Bapte\u0302me de la Pologne, en cette anne\u0301e du Jubile\u0301 extraordinaire de la Mise\u0301ricorde, nous voici, nous Polonais, rassemble\u0301s devant Vous, avec nos hie\u0301rarchies religieuse et se\u0301culie\u0300re, afin de reconnai\u0302tre Votre Re\u0300gne, se soumettre a\u0300 Votre Loi, Vous confier et consacrer notre Patrie et toute la Nation.<\/span><\/p>\n<p>&nbsp;<\/p>\n<\/div>\n<\/div>\n<\/div>\n<p><span style=\"color:#008000;\"> Nous proclamons devant le Ciel et la Terre, que nous avons besoin de Votre Re\u0300gne. Nous proclamons que Vous seul avez le Saint Droit sur nous, sans fin.<\/span><br \/>\n<span style=\"color:#008000;\"> C&#8217;est pourquoi nous inclinons avec humilite\u0301 nos fronts devant Vous Roi de L\u2019Univers, et nous proclamons Votre Re\u0300gne sur la Pologne et toute notre Nation qui vit dans la Patrie ou disperse\u0301e dans le monde entier.<\/span><br \/>\n<span style=\"color:#008000;\"> Souhaitant adorer la majeste\u0301 de Votre puissance et de Votre gloire, avec beaucoup de foi et d&#8217;amour, nous proclamons :<\/span><br \/>\n<span style=\"color:#008000;\"> Christ, re\u0301gnez sur nous !<\/span><br \/>\n<span style=\"color:#008000;\"> &#8211; Dans nos c\u0153urs, Christ re\u0301gnez sur nous !<\/span><br \/>\n<span style=\"color:#008000;\"> &#8211; Dans nos familles, Christ re\u0301gnez sur nous !<\/span><br \/>\n<span style=\"color:#008000;\"> &#8211; Dans nos paroisses, Christ re\u0301gnez sur nous !<\/span><br \/>\n<span style=\"color:#008000;\"> &#8211; Dans nos e\u0301coles et nos universite\u0301s, Christ re\u0301gnez sur nous !<\/span><br \/>\n<span style=\"color:#008000;\"> &#8211; Dans nos moyens de communication sociale, Christ re\u0301gnez sur nous !<\/span><br \/>\n<span style=\"color:#008000;\"> &#8211; Dans nos bureaux, nos lieux de travail, dans nos services et nos conge\u0301s, Christ re\u0301gnez sur nous ! &#8211; Dans nos villes et nos villages, Christ re\u0301gnez sur nous !<\/span><br \/>\n<span style=\"color:#008000;\"> &#8211; Dans toute la nation et l\u2019E\u0301tat polonais, Christ re\u0301gnez sur nous !<\/span><br \/>\n<span style=\"color:#008000;\"> Nous Vous be\u0301nissons et nous Vous remercions Seigneur Je\u0301sus-Christ :<\/span><br \/>\n<span style=\"color:#008000;\"> &#8211; Pour l&#8217;amour insondable de votre C\u0153ur Sacre\u0301,<\/span><br \/>\n<span style=\"color:#008000;\"> Christ, notre Roi, nous vous remercions !<\/span><br \/>\n<span style=\"color:#008000;\"> &#8211; Pour la gra\u0302ce du bapte\u0302me et de l&#8217;alliance avec notre nation maintenue depuis des sie\u0300cles,<\/span><br \/>\n<span style=\"color:#008000;\"> Christ, notre Roi, nous vous remercions !<\/span><br \/>\n<span style=\"color:#008000;\"> &#8211; Pour la pre\u0301sence maternelle et royale de Marie dans notre histoire,<\/span><br \/>\n<span style=\"color:#008000;\"> Christ, notre Roi, nous vous remercions !<\/span><br \/>\n<span style=\"color:#008000;\"> -Pour Votre grande et permanente mise\u0301ricorde envers nous,<\/span><br \/>\n<span style=\"color:#008000;\"> Christ, notre Roi, nous vous remercions !<\/span><br \/>\n<span style=\"color:#008000;\"> &#8211; Pour Votre fide\u0301lite\u0301, malgre\u0301 nos trahisons et nos faiblesses,<\/span><br \/>\n<span style=\"color:#008000;\"> Christ, notre Roi, nous vous remercions !<\/span><\/p>\n<p>&nbsp;<\/p>\n<p><span style=\"color:#008000;\">Conscients de nos fautes et insultes inflige\u0301es a\u0300 Votre c\u0153ur, nous nous repentons pour tous nos pe\u0301che\u0301s, et en particulier pour le de\u0301tournement de la Sainte Foi et pour le manque d&#8217;amour envers Vous et nos prochains. Nous demandons pardon pour les pe\u0301che\u0301s de notre socie\u0301te\u0301 et de notre nation, pour leurs vices, leurs de\u0301pendances et leurs asservissements.<\/span><br \/>\n<span style=\"color:#008000;\"> Nous renonc\u0327ons au diable et a\u0300 toutes ses \u0153uvres.<\/span><br \/>\n<span style=\"color:#008000;\"> Nous nous soumettons humblement a\u0300 Votre Seigneurie et a\u0300 Votre Loi.<\/span><br \/>\n<span style=\"color:#008000;\"> Nous nous engageons a\u0300 soumettre toute notre vie personnelle, familiale et nationale a\u0300 Votre Loi :<\/span><br \/>\n<span style=\"color:#008000;\"> &#8211; Nous nous engageons a\u0300 de\u0301fendre Votre sainte adoration, a\u0300 pre\u0302cher Votre Gloire Royale,<\/span><br \/>\n<span style=\"color:#008000;\"> Christ, notre Roi, nous nous engageons !<\/span><br \/>\n<span style=\"color:#008000;\"> &#8211; Nous nous engageons a\u0300 faire Votre volonte\u0301 et a\u0300 prote\u0301ger la droiture de nos consciences,<\/span><br \/>\n<span style=\"color:#008000;\"> Christ, notre Roi, nous nous engageons !<\/span><br \/>\n<span style=\"color:#008000;\"> &#8211; Nous nous engageons a\u0300 prendre soin de la saintete\u0301 de nos familles et de l&#8217;e\u0301ducation chre\u0301tienne des enfants,<\/span><br \/>\n<span style=\"color:#008000;\"> Christ, notre Roi, nous nous engageons !<\/span><br \/>\n<span style=\"color:#008000;\"> &#8211; Nous nous engageons a\u0300 construire Votre royaume et le de\u0301fendre dans notre nation,<\/span><br \/>\n<span style=\"color:#008000;\"> Christ, notre Roi, nous nous engageons !<\/span><br \/>\n<span style=\"color:#008000;\"> &#8211; Nous promettons de participer activement a\u0300 la vie de l&#8217;E\u0301glise et de prote\u0301ger ses droits,<\/span><br \/>\n<span style=\"color:#008000;\"> Christ, notre Roi, nous nous engageons !<\/span><br \/>\n<span style=\"color:#008000;\"> Seul Souverain des nations et de l&#8217;ensemble de la cre\u0301ation, Roi des rois et Seigneur des dirigeants, nous Vous confions l\u2019E\u0301tat polonais et ceux qui le gouvernent. Faites que tous ceux qui exercent le pouvoir, l&#8217;accomplissent de fac\u0327on e\u0301quitable et constituent les lois en accord avec Vos Lois !<\/span><br \/>\n<span style=\"color:#008000;\"> Au nom de l&#8217;amour fraternel, nous Vous confions toutes les nations du monde, en particulier celles qui sont devenues les auteurs de notre croix polonaise.<\/span><br \/>\n<span style=\"color:#008000;\"> Faites, qu&#8217;elles reconnaissent en Vous leur le\u0301gitime Seigneur et Roi, et profitent du temps qui leur est donne\u0301 par le Pe\u0300re, pour qu&#8217;elles se soumettent volontairement a\u0300 Votre Seigneurie.<\/span><br \/>\n<span style=\"color:#008000;\"> Seigneur Je\u0301sus-Christ, Roi de nos c\u0153urs, daignez rendre nos c\u0153urs semblables a\u0300 Votre C\u0153ur Sacre\u0301.<\/span><br \/>\n<span style=\"color:#008000;\"> Laissez Votre Saint-Esprit descendre et renouveler la face de la terre, de cette terre. Qu\u2019Il nous soutienne dans la mise en \u0153uvre des obligations de\u0301coulant du pre\u0301sent acte national, qu\u2019Il nous prote\u0300ge du mal et qu\u2019Il accomplisse notre sanctification.<\/span><br \/>\n<span style=\"color:#008000;\"> Nous remettons nos re\u0301solutions et nos engagements dans le C\u0153ur Immacule\u0301 de Marie. Nous nous confions a\u0300 la protection Maternelle de la Reine de Pologne et a\u0300 l&#8217;intercession des saints patrons de notre patrie.<\/span><br \/>\n<span style=\"color:#008000;\"> Christ, Re\u0301gnez sur nous ! Re\u0301gnez dans notre patrie, et Re\u0301gnez dans tous les pays pour la plus grande gloire de la Tre\u0300s Sainte Trinite\u0301 et le salut des hommes.<\/span><br \/>\n<span style=\"color:#008000;\"> Faites que notre patrie et le monde entier soit couvert de Votre Re\u0300gne : pour un Royaume de Ve\u0301rite\u0301 et de Vie, un Royaume de saintete\u0301 et de gra\u0302ce, un Royaume de justice, d&#8217;amour et de paix.<\/span><br \/>\n<span style=\"color:#008000;\"> Voici qu&#8217;en son 1050e\u0300me anniversaire de son bapte\u0302me, la Pologne a reconnue officiellement la Royaute\u0301 de Notre Seigneur Je\u0301sus-Christ.<\/span><\/p>\n<p style=\"text-align:center;\">&#8212;&#8212;&#8212;-o&#8212;&#8212;&#8212;-<\/p>\n<p style=\"text-align:center;\"><span style=\"color:#ff6600;\">Et encore :<\/span><\/p>\n<p><span style=\"color:#0000ff;\">http:\/\/yvesdaoudal.hautetfort.com\/archive\/2016\/11\/19\/l-acte-d-accueil-du-christ-comme-roi-de-pologne-5876392.html#article-comments<\/span><\/p>\n<p style=\"text-align:center;\"><span style=\"color:#ff0000;\">MAIS MALHEUREUSEMENT<\/span><\/p>\n<p style=\"text-align:center;\">\u00ab <span style=\"color:#ff00ff;\">L&#8217;acte de reconnaissance nationale de J\u00e9sus comme notre Roi, a \u00e9t\u00e9 d\u00e9cid\u00e9 par l&#8217;ensemble des \u00e9v\u00eaques de Pologne et a \u00e9t\u00e9 lu seulement par un l\u2019\u00e9v\u00eaque, patron de la conf\u00e9rence \u00e9piscopale de Pologne. Le pr\u00e9sident de la Pologne a particip\u00e9 \u00e0 la c\u00e9r\u00e9monie, mais, comme dit un pr\u00eatre polonais,<span style=\"text-decoration:underline;\"> puisque le Pr\u00e9sident n&#8217;a pas lu le texte devant l&#8217;assembl\u00e9e, l&#8217;acte d&#8217;intronisation n&#8217;est pas complet<\/span> \u00bb<\/span>.<\/p>\n","protected":false},"excerpt":{"rendered":"<p>Ah si la France pouvait \u00a0faire la m\u00eame \u00a0chose. TRADUCTION DU TEXTE OFFICIEL DE LA PROCLAMATION DE L\u2019INTRONISATION : E\u0301ternel Roi des Sie\u0300cles, Seigneur Je\u0301sus-Christ, notre Dieu et Sauveur, En&#8230; <a href=\"https:\/\/charte-fontevrault-providentialisme.fr\/index.php\/2016\/11\/19\/en-pologne-intronisation-du-christ-comme-roi-de-pologne-programme-du-samedi-19-novembre-2016\/\">Cliquez pour lire davantage &raquo;<\/a><\/p>\n","protected":false},"author":2,"featured_media":0,"comment_status":"open","ping_status":"open","sticky":false,"template":"","format":"standard","meta":{"footnotes":""},"categories":[7,12],"tags":[11875,20010],"class_list":["post-13178","post","type-post","status-publish","format-standard","hentry","category-blogs-et-sites-catholiques","category-blogs-et-sites-providentialistes","tag-intronisation-du-christ-roi","tag-pologne"],"_links":{"self":[{"href":"https:\/\/charte-fontevrault-providentialisme.fr\/index.php\/wp-json\/wp\/v2\/posts\/13178","targetHints":{"allow":["GET"]}}],"collection":[{"href":"https:\/\/charte-fontevrault-providentialisme.fr\/index.php\/wp-json\/wp\/v2\/posts"}],"about":[{"href":"https:\/\/charte-fontevrault-providentialisme.fr\/index.php\/wp-json\/wp\/v2\/types\/post"}],"author":[{"embeddable":true,"href":"https:\/\/charte-fontevrault-providentialisme.fr\/index.php\/wp-json\/wp\/v2\/users\/2"}],"replies":[{"embeddable":true,"href":"https:\/\/charte-fontevrault-providentialisme.fr\/index.php\/wp-json\/wp\/v2\/comments?post=13178"}],"version-history":[{"count":0,"href":"https:\/\/charte-fontevrault-providentialisme.fr\/index.php\/wp-json\/wp\/v2\/posts\/13178\/revisions"}],"wp:attachment":[{"href":"https:\/\/charte-fontevrault-providentialisme.fr\/index.php\/wp-json\/wp\/v2\/media?parent=13178"}],"wp:term":[{"taxonomy":"category","embeddable":true,"href":"https:\/\/charte-fontevrault-providentialisme.fr\/index.php\/wp-json\/wp\/v2\/categories?post=13178"},{"taxonomy":"post_tag","embeddable":true,"href":"https:\/\/charte-fontevrault-providentialisme.fr\/index.php\/wp-json\/wp\/v2\/tags?post=13178"}],"curies":[{"name":"wp","href":"https:\/\/api.w.org\/{rel}","templated":true}]}}