{"id":13608,"date":"2017-01-24T15:52:32","date_gmt":"2017-01-24T15:52:32","guid":{"rendered":"https:\/\/chartedefontevraultprovidentialisme.wordpress.com\/?p=13608"},"modified":"2017-01-24T15:52:32","modified_gmt":"2017-01-24T15:52:32","slug":"herve-volto-cja-la-sainte-ampoule","status":"publish","type":"post","link":"https:\/\/charte-fontevrault-providentialisme.fr\/index.php\/2017\/01\/24\/herve-volto-cja-la-sainte-ampoule\/","title":{"rendered":"Herv\u00e9 Volto, CJA. LA SAINTE AMPOULE"},"content":{"rendered":"<p class=\"p1\"><span class=\"s1\" style=\"color:#ff00ff;\">LA SAINTE AMPOULE<\/span><\/p>\n<p class=\"p1\"><span class=\"s1\" style=\"color:#ff00ff;\"><em>Votre serviteur a voulu \u00e9crire cet article \u00e0 l&#8217;attention de nos amis transalpains. Les Royalistes Fran\u00e7ais d&#8217;un certain \u00e2ge seront heureux de se voir conforter dans leurs traditions et dans leur Foi. Les plus jeunes apprendront peut \u00eatre quelque chose..<\/em>.<\/span><\/p>\n<p class=\"p1\"><span class=\"s1\">L<span style=\"color:#008000;\">e miracle auquel on ne veut plus croire existe \u00e0 l&#8217;\u00e9tat permanent : c&#8217;est notre HISTOIRE. Dans la nuit de No\u00ebl 496, \u00e0 minuit, au jour anniversaire et \u00e0 l&#8217;heure m\u00eame de Sa naissance, le Christ lors de la naissance spirituelle de notre France et de nos Rois voulut par un miracle \u00e9clatant affirmer la Mission Divine de notre Pays et de la Race Royale de Francus, au moment m\u00eame o\u00f9 Saint Remy venait de baptiser Clovis et allait proclamer cette mission au nom du Tout-Puissant, pour sanctionner solennellement les paroles divinement inspir\u00e9es de Son ministre. Au Baptist\u00e8re de Reims, dans la proph\u00e9tie de Saint-R\u00e9my sont annonc\u00e9s non seulement la Mission Divine de la France mais aussi le fait que cette derni\u00e8re ne peut s&#8217;accomplir que par sa Maison Royale :<\/span><\/span><\/p>\n<div id=\"attachment_13614\" style=\"width: 354px\" class=\"wp-caption alignleft\"><img loading=\"lazy\" decoding=\"async\" aria-describedby=\"caption-attachment-13614\" class=\"wp-image-13614 size-full\" src=\"https:\/\/chartedefontevraultprovidentialisme.files.wordpress.com\/2017\/01\/clovisremi.jpg\" alt=\"clovisremi\" width=\"344\" height=\"250\" srcset=\"https:\/\/charte-fontevrault-providentialisme.fr\/wp-content\/uploads\/2017\/01\/clovisremi.jpg 344w, https:\/\/charte-fontevrault-providentialisme.fr\/wp-content\/uploads\/2017\/01\/clovisremi-300x218.jpg 300w\" sizes=\"auto, (max-width: 344px) 100vw, 344px\" \/><p id=\"caption-attachment-13614\" class=\"wp-caption-text\">15 janvier : Saint Remi, Ev\u00eaque de Reims et ap\u00f4tre des Francs (437-533) http:\/\/notredamedesneiges.over-blog.com\/article-5239670.html<\/p><\/div>\n<p class=\"p1\"><span class=\"s1\" style=\"color:#008000;\">&#8211;<i>APPRENEZ, MON FILS, QUE LE ROYAUME DE FRANCE EST PREDESTINE PAR DIEU A LA DEFENSE DE L\u2019EGLISE ROMAINE QUI EST LA SEULE VERITABLE EGLISE DU CHRIST. CE ROYAUME SERA UN JOUR GRAND ENTRE TOUS LES ROYAUMES. ET IL EMBRASSERA TOUTES LES LIMITES DE L&#8217;EMPIRE ROMAIN <\/i>!<i> ET IL SOUMETTRA TOUS LES PEUPLES A SON SCEPTRE <\/i>!<i> IL DURERA JUSQU\u2019A LA FIN DES TEMPS <\/i>!<i> IL SERA VICTORIEUX ET PROSPERE TANT QU&#8217;IL SERA FIDELE A LA FOI ROMAINE. MAIS IL SERA RUDEMENT CHATIE TOUTES LES FOIS QU&#8217;IL SERA INFIDELE A SA VOCATION<\/i> (Migne. Patr. lat. CXXXV, p. 51 et sv. Flodoard, <i>Historia Ecclesi\u00e6 Remensis<\/i>. Lib. 1, cap. 13. Bibl. Nat. A. 112 \u00e0 329) .<\/span><\/p>\n<p class=\"p1\"><span class=\"s1\" style=\"color:#008000;\"><b>Pas de Mission Divine de la France <i>sans continuit\u00e9 Royale<\/i><\/b>! Cette continuit\u00e9 Royale a \u00e9t\u00e9 interrompue en 1830 : depuis, le Royaume de France est sous une R\u00e9gence diabolique. Mais il n&#8217;est pas impossible de mettre fin \u00e0 cette R\u00e9gence : c&#8217;est l&#8217;esp\u00e9rance Royaliste, qui se r\u00e9alisera par le retour de la Royaut\u00e9 en France !<\/span><\/p>\n<p class=\"p1\"><span class=\"s1\" style=\"color:#008000;\">Et la proph\u00e9tie dite de Raban Maur \u00a0<span style=\"font-family:'Comic Sans MS';font-size:11pt;\">Au IXe si\u00e8cle, Raban Maur, archev\u00eaque de Mayence, rapporte que Saint Remi, \u00e0 la veille du bapt\u00eame de Clovis, aurait proph\u00e9tis\u00e9 dans les termes qui sont rapport\u00e9s ci-dessous , termes \u00a0qui\u00a0<\/span>semblent r\u00e9sumer toutes les proph\u00e9ties du Grand Monarque qui reviendra \u00e0 la fin des temps r\u00e9tablir la Royaut\u00e9 et faire reprendre \u00e0 la France sa Mission Divine :<\/span><\/p>\n<p class=\"p1\"><img loading=\"lazy\" decoding=\"async\" class=\"aligncenter wp-image-13616\" src=\"https:\/\/chartedefontevraultprovidentialisme.files.wordpress.com\/2017\/01\/unknown.jpg\" alt=\"unknown\" width=\"381\" height=\"267\" \/><\/p>\n<p class=\"p1\"><span class=\"s1\" style=\"color:#008000;\">\u00a0 \u00a0 \u00a0 \u00a0&#8211;<i>VERS LA FIN DES TEMPS, UN DESCENDANT DES ROIS DE FRANCE REGNERA SUR TOUT L&#8217;ANTIQUE EMPIRE ROMAIN. IL SERA LE PLUS GRAND DES ROIS DE FRANCE ET LE DERNIER DE SA RACE. APRES UN REGNE DES PLUS GLORIEUX, IL IRA A JERUSALEM, SUR LE MONT DES OLIVIERS, DEPOSER SA COURONNE ET SON SCEPTRE, ET C&#8217;EST AINSI QUE FINIRA LE SAINT EMPIRE ROMAIN ET CHRETIEN<\/i> (Voir : <i>Bloc Catholique<\/i>, mars-avril 1923, n\u00b0 187, p. 51 : Les Francs, peuple \u00e9lu) .<\/span><\/p>\n<p class=\"p1\"><span class=\"s1\" style=\"color:#008000;\">\u00a0 \u00a0 \u00a0 \u00a0 Mais n&#8217;allons pas trop vite. Un nouveau miracle devait se produire le jour m\u00eame au Baptist\u00e8re : Clovis baptis\u00e9, ce fut le tour \u00e0 ses 3000 guerriers Francs. Et il \u00e9tait pr\u00e9vu le Sacre Royal sur le champ, \u00e0 la fin du Bapt\u00eame des 3000 Francs! <\/span><\/p>\n<p class=\"p1\"><span class=\"s1\" style=\"color:#008000;\">\u00a0 \u00a0 \u00a0Imaginez la sc\u00e8ne : la basilique est remplie de guerriers Francs et de leurs familiers! Le Sacre Royal va avoir lieu !<\/span><\/p>\n<div id=\"attachment_13739\" style=\"width: 329px\" class=\"wp-caption aligncenter\"><a href=\"https:\/\/chartedefontevraultprovidentialisme.files.wordpress.com\/2017\/01\/jan-victors-samuel-annointing-david.jpg\"><img loading=\"lazy\" decoding=\"async\" aria-describedby=\"caption-attachment-13739\" class=\"wp-image-13739\" src=\"https:\/\/chartedefontevraultprovidentialisme.files.wordpress.com\/2017\/01\/jan-victors-samuel-annointing-david.jpg\" alt=\"jan-victors-samuel-annointing-david\" width=\"319\" height=\"352\" \/><\/a><p id=\"caption-attachment-13739\" class=\"wp-caption-text\">Samuel lors de l&#8217;onction de David peint par Jan Victors . https:\/\/fr.wikipedia.org\/wiki\/Samuel#\/media\/File:Jan-victors-samuel-annointing-david.jpg<\/p><\/div>\n<p class=\"p1\"><span class=\"s1\" style=\"color:#008000;\">Pourquoi le Sacre ?<\/span><\/p>\n<p class=\"p1\"><span class=\"s1\" style=\"color:#008000;\">En France, si le Sang fait le Prince, <i>le Sacre fait le Roi <\/i>(I er livre Samuel 16:1). Dans les textes bibliques, l&#8217;Onction d&#8217;huile est r\u00e9serv\u00e9e au Roi ( I er livre de \u00a0Samuel 10:1-2), \u00e0 qui elle conf\u00e8re un caract\u00e8res Sacr\u00e9 (I er livre de Samuel 9:26) comme repr\u00e9sentant de Dieu sur la Terre.<\/span><\/p>\n<p class=\"p1\"><span class=\"s1\" style=\"color:#008000;\"><b>L&#8217;Onction Sacrale de Reims infuse la Personne Divine \u00e0 la Personne Royale <\/b>(Exode 30:22; I Samuel 10:1-2; I Samuel 9:26-33), <b>faisant du Roi de France<\/b> (Isa\u00ef 49:12) <b>l&#8217;Oint du Seigneur <\/b>(II Samuel 9:26; Exode 3:31-33) <b>!<\/b>!!<\/span><\/p>\n<p class=\"p1\"><span class=\"s1\" style=\"color:#008000;\">Voici d\u00e9finit <strong><span style=\"color:#ff6600;\">\u00a0le principe Royal : <i>le Roi est la seule autorit\u00e9 L\u00e9gitime \u00e9manant de Dieu<\/i>.<\/span><\/strong><\/span><\/p>\n<p class=\"p1\"><span class=\"s1\" style=\"color:#008000;\"><b>Le B.A.BA du Royalisme: <i>la Gr\u00e2ce Divine qui fait les Rois de France \u00e9chappe au pouvoir des hommes, elle ne peut \u00eatre interrompue et elle est \u00e9ternellement transmissible \u00e0 ceux que Dieu a choisi. Elle ne l\u2019a jamais \u00e9t\u00e9 interrompue et elle ne le sera jamais. On peut d\u00e9capiter les Rois, les exiler, les oublier, la Gr\u00e2ce Divine court toujours, comme un torrent imp\u00e9tueux dont les effets s\u2019accumulent<\/i><\/b>.<\/span><\/p>\n<p class=\"p1\"><span style=\"color:#008000;\"><span class=\"s1\">Une demande l\u00e9gitime : <b>Pourquoi l&#8217;Onction Sacrale de Reims est-elle r\u00e9serv\u00e9e <\/b><\/span><span class=\"s2\"><b>au seul Roi de France<\/b><\/span><span class=\"s1\"><b>?<\/b><\/span><\/span><\/p>\n<div id=\"attachment_13618\" style=\"width: 426px\" class=\"wp-caption aligncenter\"><img loading=\"lazy\" decoding=\"async\" aria-describedby=\"caption-attachment-13618\" class=\"wp-image-13618 \" src=\"https:\/\/chartedefontevraultprovidentialisme.files.wordpress.com\/2017\/01\/panneau-sculpte-bas-relief-roi-david-harpe-israel-loupe-orne-noyer-xviieme.jpg?w=300\" alt=\"panneau-sculpte-bas-relief-roi-david-harpe-israel-loupe-orne-noyer-xviieme\" width=\"416\" height=\"318\" srcset=\"https:\/\/charte-fontevrault-providentialisme.fr\/wp-content\/uploads\/2017\/01\/panneau-sculpte-bas-relief-roi-david-harpe-israel-loupe-orne-noyer-xviieme.jpg 1000w, https:\/\/charte-fontevrault-providentialisme.fr\/wp-content\/uploads\/2017\/01\/panneau-sculpte-bas-relief-roi-david-harpe-israel-loupe-orne-noyer-xviieme-300x229.jpg 300w, https:\/\/charte-fontevrault-providentialisme.fr\/wp-content\/uploads\/2017\/01\/panneau-sculpte-bas-relief-roi-david-harpe-israel-loupe-orne-noyer-xviieme-768x585.jpg 768w, https:\/\/charte-fontevrault-providentialisme.fr\/wp-content\/uploads\/2017\/01\/panneau-sculpte-bas-relief-roi-david-harpe-israel-loupe-orne-noyer-xviieme-624x475.jpg 624w\" sizes=\"auto, (max-width: 416px) 100vw, 416px\" \/><p id=\"caption-attachment-13618\" class=\"wp-caption-text\">http:\/\/www.antiques-delaval.com\/fr\/sculpture-bois\/4928-panneau-sculpte-bas-relief-roi-david-harpe-israel-loupe-orne-noyer-xviieme.html<\/p><\/div>\n<p class=\"p1\"><span class=\"s1\" style=\"color:#008000;\"><b>L&#8217;\u00e9ternit\u00e9 de la descendance Davidique est une promesse Divine <\/b>(II Samuel 7:8-13) et <b>l&#8217;Ascendance Davidique des Rois de France est <i>prouv\u00e9e<\/i> <\/b>(Romains 9:5; Isa\u00efe 4:2; Isa\u00efe 45:8; J\u00e9r\u00e9mie 23:5; Zaccharie 6:12; Isa\u00efe 49:12<b>), elle explique le caract\u00e8re Sacr\u00e9 et Divin de la Royaut\u00e9 en France<i> <\/i>!<\/b><strong>!! <\/strong><span style=\"color:#0000ff;\">\u00a0<\/span><\/span><span class=\"s1\" style=\"color:#0000ff;\">https:\/\/chartedefontevraultprovidentialisme.wordpress.com\/2016\/02\/15\/caractere-sacre-et-divin-de-la-royaute-en-france-par-herve-volto-cja\/<\/span><\/p>\n<p class=\"p1\"><span class=\"s1\" style=\"color:#008000;\">&#8211;<b><i>On n&#8217;en versera pas sur le corps d&#8217;un homme quelconque et vous n&#8217;en ferez pas de semblable, de m\u00eame composition. C&#8217;est une chose Sainte, elle sera Sainte pour vous<\/i><\/b> (Exode 30:32) <b>!<\/b>!!<\/span><\/p>\n<p class=\"p1\"><span class=\"s1\" style=\"color:#008000;\">C&#8217;est pourtant ce qui a \u00e9t\u00e9 fait avec l&#8217;Empereur Napol\u00e9on I\u00b0 !<\/span><\/p>\n<p class=\"p1\"><span class=\"s1\" style=\"color:#008000;\">Mais le Divin Christ-Roi pr\u00e9cise :<\/span><\/p>\n<p class=\"p1\"><span class=\"s1\" style=\"color:#008000;\">&#8211;<i>Tout arbre que n&#8217;a point plant\u00e9 mon P\u00e8re sera arrach\u00e9<\/i> (Mat, XV, 13).<\/span><\/p>\n<p class=\"p1\"><span class=\"s1\" style=\"color:#008000;\">Napol\u00e9on II, dit l&#8217;Aiglon, fils de Napol\u00e9on I\u00b0, ne r\u00e8gnera pas. Pas plus que le Prince Imp\u00e9rial, fil de Napol\u00e9on III. Les L\u00e9gitimistes diront la m\u00eame chose du fils de Louis Philippe et les Orl\u00e9anistes feront remarquer carr\u00e9ment <b>que le Comte de Chambord n&#8217;a eu aucune descendance<\/b>&#8230;<\/span><\/p>\n<p class=\"p1\"><span class=\"s1\" style=\"color:#008000;\">Mais retournons au Sacre de Clovis et laissons parler Hincmar (Hincmar , <i>Vita Sancti Remigii<\/i>, cap. XXXVIII, (Migne, t. 125, p. 1160). ) :<\/span><\/p>\n<p class=\"p1\"><span class=\"s1\" style=\"color:#008000;\">&#8211;<i>D\u00e9s qu&#8217;on fut arriv\u00e9 au baptist\u00e8re, le clerc qui portait le chr\u00eame, s\u00e9par\u00e9 par la foule de l&#8217;officiant, ne put arriver \u00e0 le rejoindre. Le saint Chr\u00eame fit d\u00e9faut. Le pontife alors l\u00e8ve au ciel ses yeux en larmes et supplie le Seigneur de le secourir en cette n\u00e9cessit\u00e9 pressante. SOUDAIN APPARAIT, VOLTIGEANT A PORTEE DE SA MAIN, AUX YEUX RAVIS ET ETONNES DE L&#8217;IMMENSE FOULE, UNE BLANCHE COLOMBE TENANT EN SON BEC, UNE AMPOULE D&#8217;HUILE SAINTE DONT LE PARFUM D\u2019UNE INEXPRIMABLE SUAVITE EMBAUMA TOUTE L\u2019ASSISTANCE. DES QUE LE PRELAT EUT RE\u00c7U L\u2019AMPOULE, LA COLOMBE DISPARUT <\/i>!<\/span><\/p>\n<div id=\"attachment_13612\" style=\"width: 260px\" class=\"wp-caption aligncenter\"><img loading=\"lazy\" decoding=\"async\" aria-describedby=\"caption-attachment-13612\" class=\"wp-image-13612\" src=\"https:\/\/chartedefontevraultprovidentialisme.files.wordpress.com\/2017\/01\/imgres-1.jpg\" alt=\"imgres-1\" width=\"250\" height=\"324\" \/><p id=\"caption-attachment-13612\" class=\"wp-caption-text\"><span style=\"color:#0000ff;\">https:\/\/fr.wikipedia.org\/wiki\/Sainte_Ampoule<\/span><\/p><\/div>\n<p class=\"p1\"><span class=\"s1\" style=\"color:#008000;\">C\u2019est avec le Saint Chr\u00eame contenu dans cette ampoule, qu&#8217;ont \u00e9t\u00e9 Sacr\u00e9s tous nos Rois : La sainte ampoule fut bris\u00e9e en 1793 par le r\u00e9volutionnaire Philippe Ruhl (1737-1795) <span style=\"color:#0000ff;\">https:\/\/fr.wikipedia.org\/wiki\/Philippe_R%C3%BChl<\/span> , mais un eccl\u00e9siastique et un magistrat de cette ville qui, dans ces temps affreux craignirent de compromettre un grand nombre de gens de bien, s&#8217;ils enlevaient ce pr\u00e9cieux vase, avaient eu le soin d&#8217;en retirer une partie du baume qu&#8217;il contenait. Partag\u00e9 entre cet eccl\u00e9siastique et ce magistrat, ce baume a \u00e9t\u00e9 gard\u00e9 religieusement. En 1819, les parcelles en ont \u00e9t\u00e9 r\u00e9unies dans le tombeau de saint Remy sous la garde du Cur\u00e9 de Saint-Remy de Reims, et des preuves authentiques, constat\u00e9es dans un proc\u00e8s-verbal lequel a \u00e9t\u00e9 d\u00e9pos\u00e9 au greffe du Tribunal de Reims, ne laissent aucun doute sur la fid\u00e8le conservation de ce pr\u00e9cieux monument du sacre de Clovis (Clausel de Coussergues, <i>Du Sacre des Rois de France *<\/i>, mai 1825, p. 127).<\/span><\/p>\n<h5><span style=\"color:#0000ff;\">* https:\/\/books.google.fr\/books?id=zUYH6CCqIP8C&amp;pg=PA429&amp;lpg=PA429&amp;dq=Clausel+de+Coussergues+%22du+sacre++des+rois+de+france%22&amp;source=bl&amp;ots=rIqfDmRCPU&amp;sig=EE2GJ78Blcw2pMmRK0Z7_zhEiGM&amp;hl=fr&amp;sa=X&amp;ved=0ahUKEwicvKKG0uLRAhVGWRQKHU-wCBQQ6AEIKTAD#v=onepage&amp;q=Clausel%20de%20Coussergues%20%22du%20sacre%20%20des%20rois%20de%20france%22&amp;f=fals<\/span>e<\/h5>\n<p class=\"p1\"><span class=\"s1\" style=\"color:#008000;\">Comme au Bapt\u00eame du Christ, c&#8217;est \u00ab<i>le Saint-Esprit qui par l&#8217;effet d&#8217;une gr\u00e2ce singuli\u00e8re apparut sous la forme d&#8217;une colombe et donna ce baume divin au pontife <\/i>(C\u00e9r\u00e9monial du Sacre des Rois de France : <i>Pri\u00e8re \u00e0 saint Remy<\/i>)\u00bb voulant assister visiblement au Sacre du premier de nos Rois, pour marquer ainsi d&#8217;un signe sacr\u00e9 de toute sp\u00e9ciale pr\u00e9dilection notre Monarchie, consacrer tous nos Rois et imprimer sur leur front un caract\u00e8re ind\u00e9l\u00e9bile qui leur assurerait la Primaut\u00e9 sur tous les autres Souverains de la terre ; enfin les munir de Ses sept dons pour qu&#8217;ils pussent accomplir leur mission providentielle dans le monde.<\/span><\/p>\n<p class=\"p1\"><span class=\"s1\" style=\"color:#ff6600;\">Ainsi, pour le Sacre de nos Rois, Dieu a voulu non d&#8217;une huile terrestre, mais d&#8217;une huile c\u00e9leste afin que le Roi de France (tout comme le Christ) fut non pas fictivement mais tr\u00e8s r\u00e9ellement et v\u00e9ritablement \u00ab<i>l&#8217;Oint<\/i>\u00bb du Seigneur. Ce privil\u00e8ge UNIQUE \u00e9tait reconnu dans le monde entier. Dans toutes les c\u00e9r\u00e9monies diplomatiques, en effet, l&#8217;ambassadeur du Roi de France avait le pas sur ceux de tous les autres Souverains parce que son Ma\u00eetre \u00e9tait \u00ab<i>Sacr\u00e9 d&#8217;une huile apport\u00e9e du ciel<\/i>\u00bb ainsi que le reconna\u00eet un d\u00e9cret de la R\u00e9publique de Venise dat\u00e9 de 1558. Hommage universel rendu au miracle de la Sainte Ampoule et reconnaissance \u00e9clatante de la pr\u00e9\u00e9minence du Roi Tr\u00e8s Chr\u00e9tien sur tous les autres Princes de la terre (Sur l\u2019authenticit\u00e9 de tous ces faits, voir l&#8217;\u00e9tude que le Marquis de La Franquerie a publi\u00e9e dans le <i>Bloc Anti-R\u00e9volutionnaire <\/i>N\u00b0 de janvier-f\u00e9vrier 1933 sous le titre : <i>Dom Mabillon, d\u00e9fenseur des privil\u00e8ges miraculeux des Rois de France<\/i>. Abb\u00e9 de Vertot \u00a0(1655-1735) <span style=\"color:#0000ff;\">https:\/\/fr.wikipedia.org\/wiki\/Ren\u00e9_Aubert_de_Vertot\u00a0<\/span>: <i>Dissertation sur la Sainte Ampoule<\/i>. (Histoire de l&#8217;Acad\u00e9mie des Inscriptions et Belles Lettres, II, p. 619, 1736. <i>Annales Benedict<\/i> : toutes les \u00e9tudes de Dom Mabillon sur ces questions. Chanoine Desailly : <i>L&#8217;authenticit\u00e9 du grand testament de saint Remy<\/i>, Dumoulin \u00e0 Paris).<\/span><\/p>\n<p class=\"p1\"><span class=\"s1\" style=\"color:#008000;\">C\u2019\u00e9tait pour comm\u00e9morer toutes ces merveilles que le peuple, \u00e0 chaque Sacre, criait :<\/span><\/p>\n<p class=\"p1\"><span class=\"s1\" style=\"color:#008000;\">&#8211;<i>No\u00ebl<\/i> ! <i>No\u00ebl<\/i> ! <i>Vive le Roi <\/i>! <i>No\u00ebl<\/i> ! <i>No\u00eb<\/i>l !<\/span><\/p>\n<p class=\"p1\"><span class=\"s1\" style=\"color:#008000;\">A l&#8217;occasion de son bapt\u00eame et de son Sacre, Clovis re\u00e7ut des f\u00e9licitations de nombreux \u00e9v\u00eaques gaulois et \u00e9trangers; il est deux lettres qui, entre toutes, m\u00e9ritent d&#8217;\u00eatre mentionn\u00e9es, celle de saint Avit, \u00e9v\u00eaque de Vienne.<\/span><\/p>\n<p class=\"p1\"><span class=\"s1\">&#8211;<span style=\"color:#008000;\"><i>Le No\u00ebl du Seigneur<\/i>, \u00e9crit saint Avit (Acta Sanctorurn, 12 octobris, Sanctus Remigius), <i>est aussi le No\u00ebl des Francs ; vous \u00eates n\u00e9 au Christ, le jour o\u00f9 le Christ est n\u00e9 pour nous&#8230; Votre foi est notre victoire, et nous sommes les vainqueurs partout o\u00f9 vous combattez<\/i> (Cit\u00e9 par Zeller : Les Francs M\u00e9rovingiens : Clovis et ses fils, p. 34) .<\/span><\/span><\/p>\n<p class=\"p1\"><span class=\"s1\" style=\"color:#008000;\">Et celle du Pape Anastase Il :<\/span><\/p>\n<p class=\"p1\"><span class=\"s1\" style=\"color:#008000;\">&#8211;<i>Glorieux Fils, nous nous f\u00e9licitons que votre av\u00e8nement \u00e0 la foi inaugure notre pontificat. Un si grand \u00e9v\u00e9nement fait tressaillir de joie le si\u00e8ge de Pierre&#8230; Que la joie de votre P\u00e8re vous fasse cro\u00eetre dans les saintes oeuvres. Comblez nos d\u00e9sirs, soyez notre couronne et que notre m\u00e8re I&#8217;Eglise s&#8217;applaudisse des progr\u00e8s du grand Roi qu&#8217;elle vient d&#8217;enfanter \u00e0 Dieu. Illustre et glorieux Fils, soyez sa gloire, soyez POUR ELLE UNE COLONNE DE FER<\/i> ! <i>Nous louons Dieu, qui Vous a retir\u00e9 de la puissance des t\u00e9n\u00e8bres, pour faire d&#8217;un si grand Prince LE DEFENSEUR DE SON EGLISE et opposer votre gloire aux attaques des pervers. Continuez donc cher et glorieux Fils, afin que le Dieu tout-puissant entoure votre s\u00e9r\u00e9nit\u00e9 et votre royaume de Sa protection et commande \u00e0 Ses anges de vous prot\u00e9ger dans toutes vos voies et vous donne la victoire sur tous vos ennemis<\/i> ( 4Anast. II, \u00e9p. Il ad Clod. t. VI, Conc. Col. 1282, cit\u00e9 par Bossuet : Politique tir\u00e9e de l&#8217;Ecriture Sainte, t. I, livre VII, p. 529, ed. Delestre Boulage 1822, et par Zeller : op. cit. p. 38) .<\/span><\/p>\n<p class=\"p1\"><span class=\"s1\"><b>On retrouve ici la vocation Catholique de la France et de la Race Royale de Francus. La France, selon Paul-Marie Couteaux, est une Foi partag\u00e9e, une langue, des partages historiques, enfin une Souverainet\u00e9 que l&#8217;Union Europ\u00e9enne lui fait perdre. Le Roi garantit l&#8217;impartialit\u00e9 et la dur\u00e9e, ce que ne garantie pas un Pr\u00e9sident \u00e9lu. la R\u00e9publique, ce n&#8217;est pas seulement un Gouvernement neutre qui se met en place, c&#8217;est un \u00c9tat ath\u00e9e et anticl\u00e9rical, \u00e9tabli sur la volont\u00e9 des loges, uniquement pour d\u00e9truire le Catholicisme et rendre la France impuissante en la divisant<\/b>.<\/span><\/p>\n<div id=\"attachment_13623\" style=\"width: 609px\" class=\"wp-caption aligncenter\"><img loading=\"lazy\" decoding=\"async\" aria-describedby=\"caption-attachment-13623\" class=\"wp-image-13623 size-full\" src=\"https:\/\/chartedefontevraultprovidentialisme.files.wordpress.com\/2017\/01\/salamanque1.jpg\" alt=\"salamanque1\" width=\"599\" height=\"399\" srcset=\"https:\/\/charte-fontevrault-providentialisme.fr\/wp-content\/uploads\/2017\/01\/salamanque1.jpg 599w, https:\/\/charte-fontevrault-providentialisme.fr\/wp-content\/uploads\/2017\/01\/salamanque1-300x200.jpg 300w\" sizes=\"auto, (max-width: 599px) 100vw, 599px\" \/><p id=\"caption-attachment-13623\" class=\"wp-caption-text\">http:\/\/www.jlturbet.net\/article-espagne-un-temple-maconnique-reconstitue-a-salamanque-119433055.html<\/p><\/div>\n<p class=\"p1\"><span class=\"s1\"><span style=\"color:#008000;\">La Monarchie rassemble au contraire, unifiant les Fran\u00e7ais, arbitrant au-dessus des factions et donnant \u00e0 la politique la continuit\u00e9 Royale, et donc la stabilit\u00e9<\/span>.<\/span><\/p>\n<p class=\"p1\"><span class=\"s1\" style=\"color:#008000;\">Le Sacre de Reims infuse en la personne Royale la III\u00b0 Personne Divine et lui donne les Gr\u00e2ces de gouvernement. Le dernier \u00e0 avoir \u00e9t\u00e9 Sacr\u00e9 de l&#8217;huile Sainte fut Charles X en 1825. Le message de l&#8217;apparition de la Rue du Bac (1830) indique, rapellons-le, qu&#8217;<i>il ne peut y avoir de Mision Divine de la France sans continuit\u00e9 Royale<\/i>.<\/span><\/p>\n<p class=\"p1\"><span class=\"s1\" style=\"color:#008000;\">Il faut que les Fran\u00e7ais connaissent cette Mission Divine de la France -\u00eatre la Fille A\u00een\u00e9e de l&#8217;Eglise et l&#8217;Educatrice des Peuples- et en p\u00e9n\u00e8trent l&#8217;exceptionnelle grandeur afin qu&#8217;ils puissent \u00eatre les dociles instruments de la Providence dans l&#8217;ex\u00e9cution des desseins Divins sur le monde et, par l&#8217;\u00e9lan de leur d\u00e9vouement et de leur amour envers Dieu se montrent dignes de cette Mission qui est la cl\u00e9 de vo\u00fbte de l&#8217;Histoire de France, l&#8217;explication de son pass\u00e9, la cause de sa Grandeur et le garant de son avenir ; Mission qui constitue, apr\u00e8s celle du peuple d&#8217;Isra\u00ebl, le privil\u00e8ge le plus glorieux et le plus transcendant qui ait jamais \u00e9t\u00e9 accord\u00e9 \u00e0 aucun peuple : promouvoir la Chr\u00e9tient\u00e9 et assurer le triomphe de la Royaut\u00e9 du Christ sur le monde. <i>Non fecit taliter omni nationi<\/i>&#8230;\u00a0<em>Il n\u2019a point trait\u00e9 de la sorte toutes les autres nations\u00a0; et il ne leur a point manifest\u00e9 ses pr\u00e9ceptes. <\/em>Psaume \u00a0147 de David.<\/span><\/p>\n<div id=\"attachment_13620\" style=\"width: 650px\" class=\"wp-caption aligncenter\"><img loading=\"lazy\" decoding=\"async\" aria-describedby=\"caption-attachment-13620\" class=\"wp-image-13620 size-large\" src=\"https:\/\/chartedefontevraultprovidentialisme.files.wordpress.com\/2017\/01\/img_2284-e1372386709439.jpg?w=640\" alt=\"img_2284-e1372386709439\" width=\"640\" height=\"480\" srcset=\"https:\/\/charte-fontevrault-providentialisme.fr\/wp-content\/uploads\/2017\/01\/img_2284-e1372386709439.jpg 1600w, https:\/\/charte-fontevrault-providentialisme.fr\/wp-content\/uploads\/2017\/01\/img_2284-e1372386709439-300x225.jpg 300w, https:\/\/charte-fontevrault-providentialisme.fr\/wp-content\/uploads\/2017\/01\/img_2284-e1372386709439-1024x768.jpg 1024w, https:\/\/charte-fontevrault-providentialisme.fr\/wp-content\/uploads\/2017\/01\/img_2284-e1372386709439-768x576.jpg 768w, https:\/\/charte-fontevrault-providentialisme.fr\/wp-content\/uploads\/2017\/01\/img_2284-e1372386709439-1536x1152.jpg 1536w, https:\/\/charte-fontevrault-providentialisme.fr\/wp-content\/uploads\/2017\/01\/img_2284-e1372386709439-624x468.jpg 624w, https:\/\/charte-fontevrault-providentialisme.fr\/wp-content\/uploads\/2017\/01\/img_2284-e1372386709439-240x180.jpg 240w\" sizes=\"auto, (max-width: 640px) 100vw, 640px\" \/><p id=\"caption-attachment-13620\" class=\"wp-caption-text\">https:\/\/fatherjerabek.files.wordpress.com\/2013\/06\/img_2284-e1372386709439.jpg. Eglise de Santiago de Quer\u00e9taro ( Mexique)<\/p><\/div>\n<p class=\"p1\"><span class=\"s1\" style=\"color:#008000;\">\u00a0 \u00a0 \u00a0 \u00a0La mission du Roi \u00e0 venir, <i>qui qu&#8217;il sera<\/i>, promis et annonc\u00e9 par les proph\u00e9ties du Grand Monarque, sera de r\u00e9tablir la Royaut\u00e9 et de faire reprendre \u00e0 la France sa Mission Divine. la france Royale redeviendra la Fille A\u00een\u00e9e d l&#8217;Eglise et l&#8217;Educatrice des Peuples. A nous, Royalistes, de maintenir un \u00e9tat d&#8217;esprit Monarchique en France et, dans l&#8217;attente du Roi, de d\u00e9fendre l&#8217;int\u00e9ret national&#8230;<\/span><\/p>\n<p class=\"p1\"><span class=\"s1\"><span style=\"color:#ff6600;\">Herv\u00e9 J. VOLTO, CJA, Pr\u00e9sident Honoraire de la Charte de Fontevrault (Pr\u00e9sident 1991-1994), membre du Chapitre G\u00e9n\u00e9ral et D\u00e9l\u00e9gu\u00e9 Officiel pour l\u2019Itali<\/span>e<\/span><\/p>\n<p class=\"p1\"><span class=\"s1\" style=\"color:#800080;\">A lire : Marquis de la Franquerie, <i>La Mission Divine de la France <\/i>(Ed. Sainte Jeanne d&#8217;Arc). \u00a0 \u00a0 \u00a0 \u00a0 \u00a0 \u00a0 \u00a0 \u00a0 \u00a0 \u00a0 \u00a0 \u00a0 \u00a0 \u00a0 \u00a0 \u00a0 \u00a0 \u00a0 \u00a0 \u00a0 \u00a0 \u00a0 \u00a0 \u00a0 \u00a0 \u00a0 \u00a0 \u00a0 \u00a0 <\/span><span style=\"color:#0000ff;\">https:\/\/fr.wikipedia.org\/wiki\/Andr\u00e9_de_La_Franquerie<\/span><\/p>\n<p class=\"p1\"><span class=\"s1\">____<\/span><\/p>\n<p><span style=\"color:#0000ff;\"><span style=\"color:#ff6600;\">Voir aussi :<\/span> https:\/\/chartedefontevraultprovidentialisme.wordpress.com\/2015\/10\/07\/le-7-octobre-1793-destruction-de-la-sainte-ampoule-par-la-haine-des-revolutionnaires-contre-la-foi-catholique\/<\/span><\/p>\n<p class=\"p1\"><span class=\"s1\">A para\u00eetre : <i>Les armes de France<\/i>.<\/span><\/p>\n","protected":false},"excerpt":{"rendered":"<p>LA SAINTE AMPOULE Votre serviteur a voulu \u00e9crire cet article \u00e0 l&#8217;attention de nos amis transalpains. Les Royalistes Fran\u00e7ais d&#8217;un certain \u00e2ge seront heureux de se voir conforter dans leurs&#8230; <a href=\"https:\/\/charte-fontevrault-providentialisme.fr\/index.php\/2017\/01\/24\/herve-volto-cja-la-sainte-ampoule\/\">Cliquez pour lire davantage &raquo;<\/a><\/p>\n","protected":false},"author":2,"featured_media":0,"comment_status":"open","ping_status":"open","sticky":false,"template":"","format":"standard","meta":{"footnotes":""},"categories":[4,7],"tags":[972,984,1186,1428,1669,3384,3423,5948,1367,8349,9031,339,13340,14313,14321,14334,14338,15773,18451,18870,19445,22825,22851,24255],"class_list":["post-13608","post","type-post","status-publish","format-standard","hentry","category-action-royaliste","category-blogs-et-sites-catholiques","tag-apparition","tag-apparitions-mariales","tag-ascendance-davidique-des-rois-de-france","tag-bapteme-de-clovis","tag-bible","tag-clausel-de-coussergues","tag-clovis","tag-ed-sainte-jeanne-darc","tag-epitre-aux-romains","tag-grand-monarque","tag-herve-volto-cja","tag-https-fr-wikipedia-org","tag-la-mission-divine-de-la-france","tag-livre-disaie","tag-livre-de-jeremie","tag-livre-de-samuel","tag-livre-de-zaccharie","tag-marquis-de-la-franquerie","tag-pape-anastase-ii","tag-paul-marie-couteaux","tag-philippe-ruhl","tag-roi-david","tag-roi-de-france-charles-x","tag-saint-avit"],"_links":{"self":[{"href":"https:\/\/charte-fontevrault-providentialisme.fr\/index.php\/wp-json\/wp\/v2\/posts\/13608","targetHints":{"allow":["GET"]}}],"collection":[{"href":"https:\/\/charte-fontevrault-providentialisme.fr\/index.php\/wp-json\/wp\/v2\/posts"}],"about":[{"href":"https:\/\/charte-fontevrault-providentialisme.fr\/index.php\/wp-json\/wp\/v2\/types\/post"}],"author":[{"embeddable":true,"href":"https:\/\/charte-fontevrault-providentialisme.fr\/index.php\/wp-json\/wp\/v2\/users\/2"}],"replies":[{"embeddable":true,"href":"https:\/\/charte-fontevrault-providentialisme.fr\/index.php\/wp-json\/wp\/v2\/comments?post=13608"}],"version-history":[{"count":0,"href":"https:\/\/charte-fontevrault-providentialisme.fr\/index.php\/wp-json\/wp\/v2\/posts\/13608\/revisions"}],"wp:attachment":[{"href":"https:\/\/charte-fontevrault-providentialisme.fr\/index.php\/wp-json\/wp\/v2\/media?parent=13608"}],"wp:term":[{"taxonomy":"category","embeddable":true,"href":"https:\/\/charte-fontevrault-providentialisme.fr\/index.php\/wp-json\/wp\/v2\/categories?post=13608"},{"taxonomy":"post_tag","embeddable":true,"href":"https:\/\/charte-fontevrault-providentialisme.fr\/index.php\/wp-json\/wp\/v2\/tags?post=13608"}],"curies":[{"name":"wp","href":"https:\/\/api.w.org\/{rel}","templated":true}]}}