{"id":13640,"date":"2017-01-14T08:28:45","date_gmt":"2017-01-14T08:28:45","guid":{"rendered":"https:\/\/chartedefontevraultprovidentialisme.wordpress.com\/?p=13640"},"modified":"2017-01-14T08:28:45","modified_gmt":"2017-01-14T08:28:45","slug":"limoges-21-janvier-2017-ceremonies-commemoratives-de-lassassinat-du-roi-louis-xvi","status":"publish","type":"post","link":"https:\/\/charte-fontevrault-providentialisme.fr\/index.php\/2017\/01\/14\/limoges-21-janvier-2017-ceremonies-commemoratives-de-lassassinat-du-roi-louis-xvi\/","title":{"rendered":"Urgent. LIMOGES. 21 Janvier 2017. C\u00e9r\u00e9monies comm\u00e9moratives de l&#8217;assassinat du roi Louis XVI."},"content":{"rendered":"<p><strong><em><span style=\"color:#008080;\"><span style=\"color:#008000;\">\u00a0 \u00a0Merci de relayer aujourd&#8217;hui m\u00eame cet important avis \u00e0 vos \u00a0amis militants et aussi \u00e0 vos amis curieux\u00a0de tout et , par cons\u00e9quent, du roi<\/span>.<\/span><\/em><\/strong><\/p>\n<p><strong>AVIS IMPORTANT<\/strong>. \u00a0<span style=\"color:#ff00ff;\">Vous d\u00e9sirez participer \u00a0au d\u00e9jeuner des royalistes du limousin qui sera servi au Croquembouche le \u00a021 janvier 2017 ? <strong>URGENT<\/strong><\/span><\/p>\n<p><span style=\"color:#0000ff;\">\u00a0 \u00a0Alors \u00a0merci de prendre \u00a0contact \u00a0ce SAMEDI ou demain DIMANCHE \u00e0 la rigueur LUNDI avec Madame Claudine Valenti \u00a0dont les coordonn\u00e9es vous sont \u00a0donn\u00e9es , infra page 2 \u00a0du <span style=\"text-decoration:underline;\">Royaliste Limousin et Marchois<\/span>. <\/span><em><span style=\"color:#0000ff;\">Laissez un message \u00a0indiquant \u00a0votre nom et le nombre de \u00a0convives \u00a0si elle ne \u00a0d\u00e9croche pas<\/span> .<\/em><img loading=\"lazy\" decoding=\"async\" class=\"aligncenter size-full wp-image-13642\" src=\"https:\/\/chartedefontevraultprovidentialisme.files.wordpress.com\/2017\/01\/lrl-janv-2017-a.jpeg\" alt=\"lrl-janv-2017-a\" width=\"637\" height=\"877\" srcset=\"https:\/\/charte-fontevrault-providentialisme.fr\/wp-content\/uploads\/2017\/01\/lrl-janv-2017-a.jpeg 637w, https:\/\/charte-fontevrault-providentialisme.fr\/wp-content\/uploads\/2017\/01\/lrl-janv-2017-a-218x300.jpeg 218w, https:\/\/charte-fontevrault-providentialisme.fr\/wp-content\/uploads\/2017\/01\/lrl-janv-2017-a-624x859.jpeg 624w\" sizes=\"auto, (max-width: 637px) 100vw, 637px\" \/><img loading=\"lazy\" decoding=\"async\" class=\"aligncenter size-full wp-image-13641\" src=\"https:\/\/chartedefontevraultprovidentialisme.files.wordpress.com\/2017\/01\/lrl-janv-2017-b.jpeg\" alt=\"lrl-janv-2017-b\" width=\"637\" height=\"877\" srcset=\"https:\/\/charte-fontevrault-providentialisme.fr\/wp-content\/uploads\/2017\/01\/lrl-janv-2017-b.jpeg 637w, https:\/\/charte-fontevrault-providentialisme.fr\/wp-content\/uploads\/2017\/01\/lrl-janv-2017-b-218x300.jpeg 218w, https:\/\/charte-fontevrault-providentialisme.fr\/wp-content\/uploads\/2017\/01\/lrl-janv-2017-b-624x859.jpeg 624w\" sizes=\"auto, (max-width: 637px) 100vw, 637px\" \/><\/p>\n<p><span style=\"color:#ff6600;\">Et aussi :<\/span><\/p>\n<p><span style=\"color:#0000ff;\">https:\/\/conseildansesperanceduroi.wordpress.com\/2017\/01\/14\/ceremonies-commemoratives-de-lassassinat-du-roi-louis-xvi-a-limoge<\/span>s\/<\/p>\n<p><span style=\"color:#0000ff;\">https:\/\/chartedefontevraultprovidentialisme.wordpress.com\/2017\/01\/17\/le-chanoine-guimbretiere-icrsp-annonce-la-messe-pour-le-roi-a-la-chapelle-des-papillons-limoges-le-21-janvier-2016\/<\/span><\/p>\n<p><span style=\"color:#0000ff;\">https:\/\/chartedefontevraultprovidentialisme.wordpress.com\/2017\/01\/17\/philippe-pichon-imrf-limousin-relaye-les-ceremonies-du-21-janvier-2017-a-limoges\/<\/span><\/p>\n<p><span style=\"color:#0000ff;\">https:\/\/chartedefontevraultprovidentialisme.wordpress.com\/2017\/01\/17\/le-populaire-du-centre-a-bien-voulu-annoncer-la-messe-commemorative-du-21-janvier-2017-a-limoges\/<\/span><\/p>\n","protected":false},"excerpt":{"rendered":"<p>\u00a0 \u00a0Merci de relayer aujourd&#8217;hui m\u00eame cet important avis \u00e0 vos \u00a0amis militants et aussi \u00e0 vos amis curieux\u00a0de tout et , par cons\u00e9quent, du roi. AVIS IMPORTANT. \u00a0Vous d\u00e9sirez&#8230; <a href=\"https:\/\/charte-fontevrault-providentialisme.fr\/index.php\/2017\/01\/14\/limoges-21-janvier-2017-ceremonies-commemoratives-de-lassassinat-du-roi-louis-xvi\/\">Cliquez pour lire davantage &raquo;<\/a><\/p>\n","protected":false},"author":2,"featured_media":0,"comment_status":"open","ping_status":"open","sticky":false,"template":"","format":"standard","meta":{"footnotes":""},"categories":[4],"tags":[676,818,1303,2650,2731,3374,6165,6970,13398,16165,19430,22331],"class_list":["post-13640","post","type-post","status-publish","format-standard","hentry","category-action-royaliste","tag-alain-texier-cja","tag-anatole-france","tag-aumonier-de-la-federation-philippe-meynier","tag-chanoine-florent-guimbretiere","tag-chapelle-des-papillons-limoges","tag-claudine-valenti","tag-eglise-saint-michel-des-lions-limoges","tag-federation-philippe-meynier","tag-la-royale","tag-messes-pour-le-roi-louis-xvi","tag-philippe-pichon","tag-resto-cave-le-croquenbouche"],"_links":{"self":[{"href":"https:\/\/charte-fontevrault-providentialisme.fr\/index.php\/wp-json\/wp\/v2\/posts\/13640","targetHints":{"allow":["GET"]}}],"collection":[{"href":"https:\/\/charte-fontevrault-providentialisme.fr\/index.php\/wp-json\/wp\/v2\/posts"}],"about":[{"href":"https:\/\/charte-fontevrault-providentialisme.fr\/index.php\/wp-json\/wp\/v2\/types\/post"}],"author":[{"embeddable":true,"href":"https:\/\/charte-fontevrault-providentialisme.fr\/index.php\/wp-json\/wp\/v2\/users\/2"}],"replies":[{"embeddable":true,"href":"https:\/\/charte-fontevrault-providentialisme.fr\/index.php\/wp-json\/wp\/v2\/comments?post=13640"}],"version-history":[{"count":0,"href":"https:\/\/charte-fontevrault-providentialisme.fr\/index.php\/wp-json\/wp\/v2\/posts\/13640\/revisions"}],"wp:attachment":[{"href":"https:\/\/charte-fontevrault-providentialisme.fr\/index.php\/wp-json\/wp\/v2\/media?parent=13640"}],"wp:term":[{"taxonomy":"category","embeddable":true,"href":"https:\/\/charte-fontevrault-providentialisme.fr\/index.php\/wp-json\/wp\/v2\/categories?post=13640"},{"taxonomy":"post_tag","embeddable":true,"href":"https:\/\/charte-fontevrault-providentialisme.fr\/index.php\/wp-json\/wp\/v2\/tags?post=13640"}],"curies":[{"name":"wp","href":"https:\/\/api.w.org\/{rel}","templated":true}]}}