{"id":14779,"date":"2017-05-04T19:55:07","date_gmt":"2017-05-04T19:55:07","guid":{"rendered":"https:\/\/chartedefontevraultprovidentialisme.wordpress.com\/?p=14779"},"modified":"2017-05-04T19:55:07","modified_gmt":"2017-05-04T19:55:07","slug":"la-confiscation-du-politique-par-les-partis-interview-de-s-a-r-le-prince-sixte-henri-de-bourbon-parme","status":"publish","type":"post","link":"https:\/\/charte-fontevrault-providentialisme.fr\/index.php\/2017\/05\/04\/la-confiscation-du-politique-par-les-partis-interview-de-s-a-r-le-prince-sixte-henri-de-bourbon-parme\/","title":{"rendered":"La confiscation du \u00ab politique \u00bb par les partis (Interview de S.A.R. le prince Sixte Henri de Bourbon-Parme)"},"content":{"rendered":"<p class=\"p1\">Par <a href=\"http:\/\/www.medias-presse.info\/author\/kersauzie\/\"><span class=\"s2\">L\u00e9o Kersauzie<\/span><\/a> \u2014 4 mai 2017<\/p>\n<p class=\"p2\">&#8212;&#8212;&#8212;&#8212;&#8211;<\/p>\n<p class=\"p3\"><span class=\"s1\" style=\"color:#ff6600;\">L\u2019un de nos fid\u00e8les lecteurs, proche du Prince Sixte Henri de Bourbon Parme, nous a fait parvenir une interview exclusive.<\/span><\/p>\n<p class=\"p1\"><span class=\"s1\"><b><i>Alors, Monseigneur, que dire pour dimanche prochain\u00a0?<\/i><\/b><\/span><\/p>\n<p class=\"p1\"><span class=\"s1\" style=\"color:#008000;\">Depuis l\u2019Alliance conclue avec Dupont-Aignan, m\u00eame si je consid\u00e8re que Marine Le Pen n\u2019aurait pas d\u00fb annoncer si vite cette nomination de premier ministre qui sonne comme un marchandage, les positions sont claires et l\u2019alternative incontournable.<\/span><\/p>\n<p class=\"p1\"><span class=\"s1\" style=\"color:#008000;\">Le vote, dimanche, est un vote d\u2019option \u00e9conomique et soci\u00e9tal. C\u2019est un vote pour l\u2019avenir qui peut permettre soit de sortir d\u2019une impasse politico-historique, soit de voir la France dispara\u00eetre comme entit\u00e9 politique, ethnique et culturelle\u2026 Et ce sera alors la derni\u00e8re manifestation politique de sa souverainet\u00e9 p\u00e2lissante.<\/span><\/p>\n<p class=\"p1\"><span class=\"s1\" style=\"color:#008000;\">Les d\u00e9clarations de chacun sont sans ambigu\u00eft\u00e9.<\/span><\/p>\n<p class=\"p1\"><span class=\"s1\" style=\"color:#008000;\">Monsieur Macron nous a dit qu\u2019il ne connaissait pas de \u00ab\u00a0culture fran\u00e7aise\u00a0\u00bb, ses d\u00e9clarations odieuses parfois nous ont aussi montr\u00e9 qu\u2019il ne connaissait pas l\u2019Histoire de France.<\/span><\/p>\n<p class=\"p1\"><span class=\"s1\" style=\"color:#008000;\">Sa sortie sur l\u2019opposition suppos\u00e9e entre le nationalisme et le patriotisme montre qu\u2019il ne ma\u00eetrise pas non plus l\u2019histoire des id\u00e9es, \u00e0\u00a0moins que sa culture philosophique ne lui ait \u00e9t\u00e9 d\u00e9livr\u00e9e par Finkielkraut, ce dont je doute\u00a0!<\/span><\/p>\n<p class=\"p1\"><span class=\"s1\" style=\"color:#008000;\">En fait, Macron est un pur produit du marketing politique, construit par des agences de lobbying comme l\u2019a tr\u00e8s plaisamment expos\u00e9 Michel Onfray\u00a0: chaque question pos\u00e9e par l\u2019\u00e9quipe de Macron est trait\u00e9e par un lobbyiste patent\u00e9, s\u00e9par\u00e9ment de toute autre question, en fonction des besoins\u00a0: on tire un tiroir\u00a0!<\/span><\/p>\n<p class=\"p1\"><span class=\"s1\" style=\"color:#008000;\">L\u2019ensemble n\u2019a donc aucune coh\u00e9rence, ce qui explique les interrogations multiples que son discours quelque peu alambiqu\u00e9, voire d\u00e9cousu, a pu soulever.<\/span><\/p>\n<p class=\"p1\"><span class=\"s1\" style=\"color:#008000;\">En mati\u00e8re de patriotisme, je ferai volontiers mienne cette tr\u00e8s belle formule \u00e9nonc\u00e9e par le directeur de campagne de Marine Le Pen que j\u2019invite chacun de vos lecteurs \u00e0 m\u00e9diter\u00a0:<\/span><\/p>\n<p class=\"p1\"><span class=\"s1\" style=\"color:#008000;\"><b><i>\u00ab\u00a0Pour Emmanuel Macron, un pays, c\u2019est un endroit o\u00f9 on vit. Pour un patriote, son pays, c\u2019est quelque chose qui vit en lui.\u00a0\u00bb<\/i><\/b><\/span><\/p>\n<p class=\"p1\"><span class=\"s1\" style=\"color:#008000;\">C\u2019est effectivement tout ce qui peut faire la diff\u00e9rence de mentalit\u00e9 entre Emmanuel Macron et Marine Le Pen. Macron, c\u2019est la synth\u00e8se du sarko-hollandisme. Et c\u2019est \u00e0 cela que les \u00e9lecteurs seront confront\u00e9s.<\/span><\/p>\n<p class=\"p1\"><span class=\"s1\" style=\"color:#008000;\">Qu\u2019ils sachent qu\u2019Emmanuel Macron vient de demander \u00e0 Bruxelles de prendre des sanctions contre les pays d\u2019Europe Centrale qui n\u2019ouvraient pas suffisamment la porte aux migrants selon ses go\u00fbts\u00a0!<\/span><\/p>\n<p class=\"p1\"><span class=\"s1\" style=\"color:#008000;\">Cela en dit long sur sa d\u00e9termination r\u00e9elle en mati\u00e8re \u00e9conomique et sociale\u00a0qui est d\u2019abord id\u00e9ologique\u00a0!<\/span><\/p>\n<p class=\"p1\"><span class=\"s1\" style=\"color:#008000;\">Quant \u00e0 la coalition qui le soutient aujourd\u2019hui, il n\u2019y a vraiment rien \u00e0 en dire\u00a0!<\/span><\/p>\n<p class=\"p1\"><span class=\"s1\" style=\"color:#008000;\">L\u2019indignit\u00e9 d\u2019un Fillon qui, dans le quart d\u2019heure qui a suivi l\u2019annonce de sa d\u00e9faite, toute affaire cessante, s\u2019est pr\u00e9cipit\u00e9 pour appeler \u00e0 voter pour son adversaire afin de \u00ab\u00a0contrer Le Pen\u00a0\u00bb est la marque d\u2019une veulerie bien peu compatible avec la fonction \u00e0 laquelle il aspirait\u2026<\/span><\/p>\n<p class=\"p1\"><span class=\"s1\" style=\"color:#008000;\">Quant \u00e0 Bayrou, il est tellement inexistant que simplement le fait de l\u2019\u00e9voquer pourrait \u00eatre consid\u00e9r\u00e9 partial voire tendancieux.<\/span><\/p>\n<p class=\"p1\"><span class=\"s1\"><span style=\"color:#008000;\">La coalition \u00ab\u00a0anti-Le Pen\u00a0\u00bb a beaucoup de plomb dans l\u2019aile quoi qu\u2019en disent certains.<\/span><\/span><\/p>\n<p class=\"p1\"><span class=\"s1\" style=\"color:#008000;\">Nous ne sommes plus en 2002\u2026<\/span><\/p>\n<p class=\"p1\"><span class=\"s1\" style=\"color:#ff6600;\">Le challenge est colossal, l\u2019enjeu est tr\u00e8s important et nous ne sommes pas \u00e0 l\u2019abri d\u2019une \u00ab\u00a0divine surprise\u00a0\u00bb comme disait Charles Maurras, ni d\u2019une \u00ab\u00a0divine b\u00eatise\u00a0\u00bb comme pourrait bien en sortir encore notre nouveau playboy issu de chez Rothschild qui a d\u00e9j\u00e0 d\u00e9fray\u00e9 la chronique m\u00e9diatique avec des formules incongrues et des attitudes pour le moins inad\u00e9quates.<\/span><\/p>\n<p class=\"p1\"><span class=\"s1\" style=\"color:#008000;\">Sa tentative d\u2019opposition entre patriotisme et \u00ab\u00a0<i>nationalisme g\u00e9n\u00e9rateur des guerres<\/i>\u00a0\u00bb est simplement grotesque\u00a0! C\u2019est digne d\u2019un Sarkozy qui s\u2019\u00e9tait d\u2019ailleurs illustr\u00e9 sur ce chapitre.<\/span><\/p>\n<p class=\"p1\"><span class=\"s1\" style=\"color:#008000;\">Macron n\u2019a pas le m\u00eame profil culturel et intellectuel\u00a0mais ce n\u2019est pas un Pompidou\u00a0!<\/span><\/p>\n<p class=\"p1\">&#8230;.<br \/>\n<span style=\"color:#0000ff;\">http:\/\/www.medias-presse.info\/la-confiscation-du-politique-par-les-partis-interview-de-s-a-r-le-prince-sixte-henri-de-bourbon-parme\/73523\/<\/span><\/p>\n","protected":false},"excerpt":{"rendered":"<p>Par L\u00e9o Kersauzie \u2014 4 mai 2017 &#8212;&#8212;&#8212;&#8212;&#8211; L\u2019un de nos fid\u00e8les lecteurs, proche du Prince Sixte Henri de Bourbon Parme, nous a fait parvenir une interview exclusive. Alors, Monseigneur,&#8230; <a href=\"https:\/\/charte-fontevrault-providentialisme.fr\/index.php\/2017\/05\/04\/la-confiscation-du-politique-par-les-partis-interview-de-s-a-r-le-prince-sixte-henri-de-bourbon-parme\/\">Cliquez pour lire davantage &raquo;<\/a><\/p>\n","protected":false},"author":2,"featured_media":0,"comment_status":"open","ping_status":"open","sticky":false,"template":"","format":"standard","meta":{"footnotes":""},"categories":[21,25],"tags":[2891,6271,6273,6394,7387,10084,15724,20235,20274,23488],"class_list":["post-14779","post","type-post","status-publish","format-standard","hentry","category-limites-de-la-republique","category-societe-royale-nouvelle","tag-charles-maurras","tag-elections-presidentielles-francaises-2002","tag-elections-presidentielles-francaises-2017","tag-emmanuel-macron","tag-francois-fillon","tag-http-www-medias-presse-info","tag-marine-le-pen","tag-president-francois-hollande","tag-president-nicolas-sarkozy","tag-rothschild"],"_links":{"self":[{"href":"https:\/\/charte-fontevrault-providentialisme.fr\/index.php\/wp-json\/wp\/v2\/posts\/14779","targetHints":{"allow":["GET"]}}],"collection":[{"href":"https:\/\/charte-fontevrault-providentialisme.fr\/index.php\/wp-json\/wp\/v2\/posts"}],"about":[{"href":"https:\/\/charte-fontevrault-providentialisme.fr\/index.php\/wp-json\/wp\/v2\/types\/post"}],"author":[{"embeddable":true,"href":"https:\/\/charte-fontevrault-providentialisme.fr\/index.php\/wp-json\/wp\/v2\/users\/2"}],"replies":[{"embeddable":true,"href":"https:\/\/charte-fontevrault-providentialisme.fr\/index.php\/wp-json\/wp\/v2\/comments?post=14779"}],"version-history":[{"count":0,"href":"https:\/\/charte-fontevrault-providentialisme.fr\/index.php\/wp-json\/wp\/v2\/posts\/14779\/revisions"}],"wp:attachment":[{"href":"https:\/\/charte-fontevrault-providentialisme.fr\/index.php\/wp-json\/wp\/v2\/media?parent=14779"}],"wp:term":[{"taxonomy":"category","embeddable":true,"href":"https:\/\/charte-fontevrault-providentialisme.fr\/index.php\/wp-json\/wp\/v2\/categories?post=14779"},{"taxonomy":"post_tag","embeddable":true,"href":"https:\/\/charte-fontevrault-providentialisme.fr\/index.php\/wp-json\/wp\/v2\/tags?post=14779"}],"curies":[{"name":"wp","href":"https:\/\/api.w.org\/{rel}","templated":true}]}}