{"id":14912,"date":"2017-05-15T07:46:52","date_gmt":"2017-05-15T07:46:52","guid":{"rendered":"https:\/\/chartedefontevraultprovidentialisme.wordpress.com\/?p=14912"},"modified":"2017-05-15T07:46:52","modified_gmt":"2017-05-15T07:46:52","slug":"macron-un-rite-republicain-proche-du-sacre","status":"publish","type":"post","link":"https:\/\/charte-fontevrault-providentialisme.fr\/index.php\/2017\/05\/15\/macron-un-rite-republicain-proche-du-sacre\/","title":{"rendered":"Macron : un rite r\u00e9publicain proche du sacre."},"content":{"rendered":"<div id=\"attachment_14915\" style=\"width: 650px\" class=\"wp-caption aligncenter\"><img loading=\"lazy\" decoding=\"async\" aria-describedby=\"caption-attachment-14915\" class=\"wp-image-14915 size-large\" src=\"https:\/\/chartedefontevraultprovidentialisme.files.wordpress.com\/2017\/05\/macron-investiture.jpg?w=640\" alt=\"\" width=\"640\" height=\"360\" srcset=\"https:\/\/charte-fontevrault-providentialisme.fr\/wp-content\/uploads\/2017\/05\/macron-investiture.jpg 800w, https:\/\/charte-fontevrault-providentialisme.fr\/wp-content\/uploads\/2017\/05\/macron-investiture-300x169.jpg 300w, https:\/\/charte-fontevrault-providentialisme.fr\/wp-content\/uploads\/2017\/05\/macron-investiture-768x432.jpg 768w, https:\/\/charte-fontevrault-providentialisme.fr\/wp-content\/uploads\/2017\/05\/macron-investiture-624x351.jpg 624w\" sizes=\"auto, (max-width: 640px) 100vw, 640px\" \/><p id=\"caption-attachment-14915\" class=\"wp-caption-text\">https:\/\/metamag.fr\/2017\/05\/15\/macron-un-rite-republicain-proche-du-sacre\/<\/p><\/div>\n<h3 class=\"intro_title\"><span style=\"color:#008000;\">M\u00e9lenchon a d\u00fb s\u2019en \u00e9trangler. La journ\u00e9e d\u2019investiture r\u00e9publicaine du pr\u00e9sident Macron avait un petit air de sacre monarchique. On \u00e9tait \u00e0 l\u2019 antipode de la fin de la monarchie r\u00e9publicaine. On y revenait. Faute de VI\u00e8me r\u00e9publique, on \u00e9tait plut\u00f4t second empire<\/span>.<\/h3>\n<p><span style=\"color:#008000;\">Cela \u00e9tant, tout ce qui est faste traditionnel est bon pour la France v\u00e9ritable.<\/span><\/p>\n<p><span style=\"color:#008000;\">Reste que personne n\u2019a soulev\u00e9 un sc\u00e9nario amusant. Il faut souvent raisonner par l\u2019absurde. Si Marine avait \u00e9t\u00e9 \u00e9lue, on l\u2019imagine descendant les champs sur un v\u00e9hicule militaire. Demandons-nous quels auraient \u00e9t\u00e9 les commentaires des journaleux m\u00e9diatiques. En admiration devant le jeune Macron se revendiquant chef des arm\u00e9es, qu\u2019auraient ils dit\u00a0? Ils auraient hurl\u00e9 \u00e0 la fascisation militariste de la fonction pr\u00e9sidentielle dans une hyst\u00e9rie unanime. La d\u00e9mocratie aurait \u00e9t\u00e9 plus en danger que jamais. Le magnifique r\u00e9galien de Macron serait devenu la remont\u00e9e des champs par l\u2019arm\u00e9e allemande. Macron ne gu\u00e9rit pas encore les \u00e9crouelles, mais il\u00a0est fascin\u00e9 par le faste monarchique ou par les rites.<\/span><\/p>\n<p><span style=\"color:#ff6600;\">La politique ( NDLRB . <em>R\u00e9publicaine<\/em>) \u00a0va bien s\u00fbr reprendre ses droits et il va tenter comme un pr\u00e9sident de la IV\u00e8me d\u2019obtenir une majorit\u00e9 politicienne ou des majorit\u00e9s de combinaisons. La parenth\u00e8se rituelle va se refermer. Le pr\u00e9sident ne pourra longtemps rester sur les hauteurs.<\/span><\/p>\n<p><span style=\"color:#008000;\">Pour un retour vers une conception de la dur\u00e9e d\u2019un pouvoir pr\u00e9sidentiel au-dessus des autres, il faudrait r\u00e9tablir ( NDLRB .<em> A tout le moins<\/em>) \u00a0le septennat. Le quinquennat impose la magouille \u00e9lectoraliste permanente. Le pr\u00e9sident, dans notre r\u00e9publique, est condamn\u00e9 \u00e0 \u00eatre un politicien. Les l\u00e9gislatives dans la foul\u00e9e ne font qu\u2019accro\u00eetre ce cot\u00e9 IV\u00e8me et favorise le retour d\u2019un comportement de partis. \u00ab La R\u00e9publique en Marche\u00a0\u00bb est bien un parti qui deviendra, Bayrou aidant, tr\u00e8s vite un parti comme les autres.<\/span><\/p>\n<p><span style=\"color:#008000;\"><span style=\"color:#ff6600;\">La r\u00e9publique n\u2019est pas une monarchie et on voit bien que le souverain \u00e9lu n\u2019a qu\u2019une obsession, obtenir une majorit\u00e9 parlementaire.<\/span> La nomination d\u2019un premier ministre de droite venu de la gauche confirme que le pr\u00e9sident veut faire exploser la droite apr\u00e8s avoir d\u00e9truit le Ps. Il veut marginaliser le FN et les insoumis.<\/span><\/p>\n<p><span style=\"color:#008000;\">Il recherche une \u00ab<em>\u00a0chambre introuvable<\/em>\u00a0\u00bb. La Chambre introuvable est la chambre des d\u00e9put\u00e9s \u00e9lue les 14 et 22 ao\u00fbt 1815 au d\u00e9but de la Seconde Restauration . L\u2019expression \u00ab\u00a0chambre introuvable\u00a0\u00bb est attribu\u00e9e \u00e0 Louis XVIII, pour exprimer l\u2019id\u00e9e qu\u2019il n\u2019aurait pu en r\u00eaver une aussi favorable \u00e0 son tr\u00f4ne. La chambre introuvable si\u00e8ge \u00e0 partir du 7 octobre 1815\u00a0; elle est suspendue en avril 1816 et dissoute le 5 septembre\u2026 car elle \u00e9tait bien plus royaliste que le roi.<\/span><\/p>\n","protected":false},"excerpt":{"rendered":"<p>M\u00e9lenchon a d\u00fb s\u2019en \u00e9trangler. La journ\u00e9e d\u2019investiture r\u00e9publicaine du pr\u00e9sident Macron avait un petit air de sacre monarchique. On \u00e9tait \u00e0 l\u2019 antipode de la fin de la monarchie&#8230; <a href=\"https:\/\/charte-fontevrault-providentialisme.fr\/index.php\/2017\/05\/15\/macron-un-rite-republicain-proche-du-sacre\/\">Cliquez pour lire davantage &raquo;<\/a><\/p>\n","protected":false},"author":2,"featured_media":0,"comment_status":"open","ping_status":"open","sticky":false,"template":"","format":"standard","meta":{"footnotes":""},"categories":[29],"tags":[2618,6264,6273,7725,10703,11971,12572,13282,14795,15724,18402,20218,21215,22309,24182,26050],"class_list":["post-14912","post","type-post","status-publish","format-standard","hentry","category-uncategorized","tag-chambre-introuvable","tag-elections-legislatives-francaises","tag-elections-presidentielles-francaises-2017","tag-front-national","tag-https-metamag-fr","tag-iv-eme-republique","tag-jean-luc-melanchon","tag-la-france-insoumise","tag-louis-xviii-de-france","tag-marine-le-pen","tag-palais-du-louvre-paris","tag-president-emmanuel-macron","tag-qinquennat-constitution-de-1958","tag-restauration","tag-sacre-du-roi-de-france","tag-septennat-constitution-de-1958"],"_links":{"self":[{"href":"https:\/\/charte-fontevrault-providentialisme.fr\/index.php\/wp-json\/wp\/v2\/posts\/14912","targetHints":{"allow":["GET"]}}],"collection":[{"href":"https:\/\/charte-fontevrault-providentialisme.fr\/index.php\/wp-json\/wp\/v2\/posts"}],"about":[{"href":"https:\/\/charte-fontevrault-providentialisme.fr\/index.php\/wp-json\/wp\/v2\/types\/post"}],"author":[{"embeddable":true,"href":"https:\/\/charte-fontevrault-providentialisme.fr\/index.php\/wp-json\/wp\/v2\/users\/2"}],"replies":[{"embeddable":true,"href":"https:\/\/charte-fontevrault-providentialisme.fr\/index.php\/wp-json\/wp\/v2\/comments?post=14912"}],"version-history":[{"count":0,"href":"https:\/\/charte-fontevrault-providentialisme.fr\/index.php\/wp-json\/wp\/v2\/posts\/14912\/revisions"}],"wp:attachment":[{"href":"https:\/\/charte-fontevrault-providentialisme.fr\/index.php\/wp-json\/wp\/v2\/media?parent=14912"}],"wp:term":[{"taxonomy":"category","embeddable":true,"href":"https:\/\/charte-fontevrault-providentialisme.fr\/index.php\/wp-json\/wp\/v2\/categories?post=14912"},{"taxonomy":"post_tag","embeddable":true,"href":"https:\/\/charte-fontevrault-providentialisme.fr\/index.php\/wp-json\/wp\/v2\/tags?post=14912"}],"curies":[{"name":"wp","href":"https:\/\/api.w.org\/{rel}","templated":true}]}}