{"id":15002,"date":"2017-05-23T19:33:28","date_gmt":"2017-05-23T19:33:28","guid":{"rendered":"https:\/\/chartedefontevraultprovidentialisme.wordpress.com\/?p=15002"},"modified":"2017-05-23T19:33:28","modified_gmt":"2017-05-23T19:33:28","slug":"renseignement-le-general-de-corps-darmee-christophe-gomart-patron-de-la-drm-quitte-larmee-pour-le-priv","status":"publish","type":"post","link":"https:\/\/charte-fontevrault-providentialisme.fr\/index.php\/2017\/05\/23\/renseignement-le-general-de-corps-darmee-christophe-gomart-patron-de-la-drm-quitte-larmee-pour-le-priv\/","title":{"rendered":"Renseignement: Le g\u00e9n\u00e9ral de corps d\u2019arm\u00e9e Christophe Gomart, patron de la DRM,  quitte l\u2019arm\u00e9e pour le priv"},"content":{"rendered":"<header class=\"post-header\">\n<h3 class=\"post-title\"><span style=\"color:#008000;\">Le g\u00e9n\u00e9ral de corps d\u2019arm\u00e9e Christophe Gomart, <span style=\"color:#0000ff;\">http:\/\/www.defense.gouv.fr\/ema\/directions-et-services\/la-direction-du-renseignement-militaire\/la-drm\/biographie-du-directeur-du-renseignement-militaire\/le-directeur-du-renseignement-militaire <\/span><\/span><span style=\"color:#008000;\">directeur du renseignement militaire (DRM) <span style=\"color:#0000ff;\">\u00a0https:\/\/fr.wikipedia.org\/wiki\/Direction_du_Renseignement_militaire depuis ao\u00fbt 2013<\/span> <\/span><\/h3>\n<h3 class=\"post-title\"><span style=\"color:#008000;\">et proche de Jean-Yves Le Drian quitte l\u2019arm\u00e9e.<\/span><\/h3>\n<\/header>\n<div class=\"post-content clearfix\">\n<section>\n<div class=\"row\">\n<div class=\"col-md-9\">\n<article class=\"simple-post clearfix\">\n<div class=\"pf-content\">\n<p><span style=\"color:#008000;\">Il rejoint le groupe Unibail* pour devenir son directeur de la s\u00fbret\u00e9 et de l\u2019ing\u00e9nierie immobili\u00e8re.<\/span><\/p>\n<p><span style=\"color:#0000ff;\"><a href=\"http:\/\/www.bvoltaire.fr\">http:\/\/www.bvoltaire.fr\/<\/a>actu\/renseignement-le-patron-de-la-drm-quitte-larmee-pour-le-prive\/?mc_cid=6c6b92c058&amp;mc_eid=81b4bf3cde<\/span><\/p>\n<p>*<span style=\"color:#0000ff;\">https:\/\/www.businessimmo.com\/contents\/83630\/unibail-rodamco-nomme-le-general-christophe-gomart-directeur-groupe-de-la-surete-et-de-l-ingenierie-immobiliere<\/span><\/p>\n<\/div>\n<p><strong>NDLRB. <\/strong><span style=\"color:#ff00ff;\">L&#8217;on ne peut \u00a0certes pas critiquer un grand serviteur de l&#8217;Etat de penser un jour \u00e0 exercer des activit\u00e9s plus r\u00e9mun\u00e9ratrices . Pour autant, l&#8217;on ne pourra pas s&#8217;emp\u00eacher de penser \u00a0que le \u00a0changement de responsables \u00e0 la t\u00eate de l&#8217;\u00e9tat entraine ipso facto en r\u00e9publique des changements \u00e0 la t\u00eate de structures que le \u00a0chef de l&#8217;Etat \u00a0entend contr\u00f4ler. \u00a0 \u00a0 \u00a0 \u00a0 \u00a0 Un roi serait \u00a0moins soucieux de \u00a0contr\u00f4ler de telles structures puisqu&#8217;elles seraient \u00a0d\u00e9j\u00e0 , par \u00a0d\u00e9finition , toutes dans sa main. Pensez \u00a0y, messieurs les r\u00e9publicains soucieux \u00a0de l&#8217;avenir de votre pays.<\/span><\/p>\n<\/article>\n<\/div>\n<\/div>\n<\/section>\n<\/div>\n","protected":false},"excerpt":{"rendered":"<p>Le g\u00e9n\u00e9ral de corps d\u2019arm\u00e9e Christophe Gomart, http:\/\/www.defense.gouv.fr\/ema\/directions-et-services\/la-direction-du-renseignement-militaire\/la-drm\/biographie-du-directeur-du-renseignement-militaire\/le-directeur-du-renseignement-militaire directeur du renseignement militaire (DRM) \u00a0https:\/\/fr.wikipedia.org\/wiki\/Direction_du_Renseignement_militaire depuis ao\u00fbt 2013 et proche de Jean-Yves Le Drian quitte l\u2019arm\u00e9e. Il rejoint le groupe Unibail*&#8230; <a href=\"https:\/\/charte-fontevrault-providentialisme.fr\/index.php\/2017\/05\/23\/renseignement-le-general-de-corps-darmee-christophe-gomart-patron-de-la-drm-quitte-larmee-pour-le-priv\/\">Cliquez pour lire davantage &raquo;<\/a><\/p>\n","protected":false},"author":2,"featured_media":0,"comment_status":"open","ping_status":"open","sticky":false,"template":"","format":"standard","meta":{"footnotes":""},"categories":[21],"tags":[6487,7909,9780,10900,12677],"class_list":["post-15002","post","type-post","status-publish","format-standard","hentry","category-limites-de-la-republique","tag-encyclopedie-wikipedia","tag-general-christophe-gomartt","tag-http-www-bvoltaire-fr","tag-https-www-businessimmo-com","tag-jean-yves-le-drian"],"_links":{"self":[{"href":"https:\/\/charte-fontevrault-providentialisme.fr\/index.php\/wp-json\/wp\/v2\/posts\/15002","targetHints":{"allow":["GET"]}}],"collection":[{"href":"https:\/\/charte-fontevrault-providentialisme.fr\/index.php\/wp-json\/wp\/v2\/posts"}],"about":[{"href":"https:\/\/charte-fontevrault-providentialisme.fr\/index.php\/wp-json\/wp\/v2\/types\/post"}],"author":[{"embeddable":true,"href":"https:\/\/charte-fontevrault-providentialisme.fr\/index.php\/wp-json\/wp\/v2\/users\/2"}],"replies":[{"embeddable":true,"href":"https:\/\/charte-fontevrault-providentialisme.fr\/index.php\/wp-json\/wp\/v2\/comments?post=15002"}],"version-history":[{"count":0,"href":"https:\/\/charte-fontevrault-providentialisme.fr\/index.php\/wp-json\/wp\/v2\/posts\/15002\/revisions"}],"wp:attachment":[{"href":"https:\/\/charte-fontevrault-providentialisme.fr\/index.php\/wp-json\/wp\/v2\/media?parent=15002"}],"wp:term":[{"taxonomy":"category","embeddable":true,"href":"https:\/\/charte-fontevrault-providentialisme.fr\/index.php\/wp-json\/wp\/v2\/categories?post=15002"},{"taxonomy":"post_tag","embeddable":true,"href":"https:\/\/charte-fontevrault-providentialisme.fr\/index.php\/wp-json\/wp\/v2\/tags?post=15002"}],"curies":[{"name":"wp","href":"https:\/\/api.w.org\/{rel}","templated":true}]}}