{"id":15527,"date":"2017-07-21T07:41:17","date_gmt":"2017-07-21T07:41:17","guid":{"rendered":"https:\/\/chartedefontevraultprovidentialisme.wordpress.com\/?p=15527"},"modified":"2017-07-21T07:41:17","modified_gmt":"2017-07-21T07:41:17","slug":"1803-bonaparte-demande-aux-princes-de-la-maison-de-france-de-renoncer-a-leurs-droits-dynastiques","status":"publish","type":"post","link":"https:\/\/charte-fontevrault-providentialisme.fr\/index.php\/2017\/07\/21\/1803-bonaparte-demande-aux-princes-de-la-maison-de-france-de-renoncer-a-leurs-droits-dynastiques\/","title":{"rendered":"1803: Bonaparte, demande aux Princes de la Maison de France de renoncer \u00e0 leurs droits dynastiques"},"content":{"rendered":"<p><img loading=\"lazy\" decoding=\"async\" class=\"aligncenter wp-image-15530\" src=\"https:\/\/chartedefontevraultprovidentialisme.files.wordpress.com\/2017\/07\/image1-1.png?w=300\" alt=\"\" width=\"447\" height=\"246\" srcset=\"https:\/\/charte-fontevrault-providentialisme.fr\/wp-content\/uploads\/2017\/07\/image1-1.png 576w, https:\/\/charte-fontevrault-providentialisme.fr\/wp-content\/uploads\/2017\/07\/image1-1-300x165.png 300w\" sizes=\"auto, (max-width: 447px) 100vw, 447px\" \/><br \/>\n<span style=\"color:#ff6600;\">18 Juil 2017 | Histoire, La l\u00e9gitimit\u00e9 dynastique |<\/span><\/p>\n<p><span style=\"color:#008000;\">Le 26 F\u00e9vrier 1803, alors que le comte de Provence, chef de la Maison de France, \u00e9tait en exil en Pologne \u00e0 Varsovie, un message venu au nom de Bonaparte, Premier Consul, vint demander au chef de la Maison de France et aux Princes de son sang de renoncer \u00e0 leurs droits dynastiques au Tr\u00f4ne de France. En \u00e9change de cette renonciation, Bonaparte promettait une rente \u00e0 vie \u00e0 l\u2019ensemble des Princes. Cette tentative est comparable \u00e0 celle men\u00e9e cinq ann\u00e9es plus tard en Espagne lorsque Ferdinand VII abdiqua le Tr\u00f4ne en faveur de Napol\u00e9on Ier qui le donna \u00e0 son fr\u00e8re Joseph.<\/span><br \/>\n<span style=\"color:#008000;\"> La r\u00e9ponse du comte de Provence (dat\u00e9e du 28 F\u00e9vrier) fut d\u2019une clart\u00e9 absolue :<\/span><\/p>\n<p><em><span style=\"color:#008000;\"> Je ne confonds pas M. Bonaparte avec ceux qui l\u2019ont pr\u00e9c\u00e9d\u00e9 ; j\u2019estime sa valeur, ses talents militaires ; je lui sais gr\u00e9 de plusieurs actes d\u2019administrations ; car le bien que l\u2019on fait \u00e0 mon peuple me sera toujours cher ; mais il se trompe, s\u2019il croit m\u2019engager \u00e0 transiger sur mes droits : loin de l\u00e0, il les \u00e9tablirait lui-m\u00eame s\u2019ils pouvaient \u00eatre litigieux, par la d\u00e9marche qu\u2019il fait en ce moment.<\/span><\/em><br \/>\n<em><span style=\"color:#008000;\"> J\u2019ignore quels sont les desseins de Dieu sur ma race et sur moi : mais je connais les obligations qu\u2019il m\u2019a impos\u00e9es par le rang o\u00f9 il lui a plu de me faire na\u00eetre ; chr\u00e9tien, je remplirai ces obligations jusqu\u2019\u00e0 mon dernier soupir ; fils de Saint Louis, je saurai, \u00e0 son exemple, me respecter jusque dans les fers ; successeur de Fran\u00e7ois Ier, je veux du moins pouvoir dire comme lui : Nous avons tout perdu fors l\u2019honneur.<\/span><\/em><br \/>\n<em><span style=\"color:#008000;\"> Et plus bas de cette r\u00e9ponse est rajout\u00e9e la phrase : Avec la permission de mon oncle, j\u2019adh\u00e8re de c\u0153ur et d\u2019\u00e2me, au contenue de cette note. Sign\u00e9 : Louis-Antoine d\u2019Artois, duc d\u2019Angoul\u00eame.<\/span><\/em><br \/>\n<em><span style=\"color:#008000;\"> Apr\u00e8s avoir \u00e9t\u00e9 \u00e9conduit par le chef de la Maison de France, ce dernier informa de cette visite incongrue son fr\u00e8re le comte d\u2019Artois (futur Charles X) qui \u00e9tait charg\u00e9 d\u2019en faire part au Princes de la Maison de France. Le 22 Avril 1803, tous r\u00e9unis (\u00e0 l\u2019exception duc d\u2019Enghien, et du prince de Conti qui n\u2019ont pu rejoindre le groupe) autour du comte d\u2019Artois, les Princes de la Maison de France sign\u00e8rent la d\u00e9claration suivante :<\/span><\/em><br \/>\n<em><span style=\"color:#008000;\"> Nous Princes, soussign\u00e9s, fr\u00e8re, neveu, cousins de S. M. Louis XVIII, roi de France et de Navarre, p\u00e9n\u00e9tr\u00e9s des m\u00eames sentiments dont notre Souverain Seigneur et Roi se montre si dignement anim\u00e9 dans sa r\u00e9ponse \u00e0 la proposition qui lui a \u00e9t\u00e9 faite de renoncer au tr\u00f4ne de France, et d\u2019exiger de tous les Princes de sa maison une renonciation \u00e0 leurs droits imprescriptibles de succession \u00e0 ce m\u00eame tr\u00f4ne, d\u00e9clarons :<\/span><\/em><br \/>\n<em><span style=\"color:#008000;\"> Que notre attachement \u00e0 nos devoirs et \u00e0 notre honneur, ne peuvent jamais nous permettre de transiger sur nos droits ; nous adh\u00e9rons de c\u0153ur et d\u2019\u00e2me \u00e0 la r\u00e9ponse de notre Roi.<\/span><\/em><br \/>\n<em><span style=\"color:#008000;\"> Qu\u2019\u00e0 son exemple, nous ne nous pr\u00eaterons jamais \u00e0 la moindre d\u00e9marche qui puisse nous faire manquer \u00e0 ce que nous nous devons \u00e0 nous-m\u00eames, \u00e0 nos anc\u00eatres, \u00e0 nos descendants.<\/span><\/em><br \/>\n<em><span style=\"color:#008000;\"> D\u00e9clarons enfin, que positivement certains que la grande majorit\u00e9 des Fran\u00e7ais partage int\u00e9rieurement tous les sentiments qui nous animent, c\u2019est en leurs noms comme au n\u00f4tre, que nous renouvelons devant Dieu, sur notre \u00e9p\u00e9e et entre les mains de notre Roi, le serment sacr\u00e9 de vivre fid\u00e8les \u00e0 l\u2019honneur et \u00e0 notre l\u00e9gitime Souverain.<\/span><\/em><\/p>\n<p><span style=\"color:#008000;\"><span style=\"color:#ff6600;\">Wanstead-House *, le 23 Avril 1803<\/span>. \u00a0 \u00a0 \u00a0 \u00a0 \u00a0 \u00a0 \u00a0 <span style=\"color:#0000ff;\">\u00a0*https:\/\/en.wikipedia.org\/wiki\/Wanstead_House<\/span><\/span><\/p>\n<p><span style=\"color:#ff00ff;\">Sign\u00e9 :<\/span><\/p>\n<p><span style=\"color:#ff00ff;\">Charles-Philippe de France, comte d\u2019Artois.<\/span><br \/>\n<span style=\"color:#ff00ff;\"> Charles-Ferdinand d\u2019Artois, duc de Berry.<\/span><br \/>\n<span style=\"color:#ff00ff;\"> Louis-Philippe d\u2019Orl\u00e9ans, duc d\u2019Orl\u00e9ans.<\/span><br \/>\n<span style=\"color:#ff00ff;\"> Antoine-Philippe d\u2019Orl\u00e9ans, duc de Montpensier.<\/span><br \/>\n<span style=\"color:#ff00ff;\"> Louis-Charles d\u2019Orl\u00e9ans, comte de Beaujolais.<\/span><br \/>\n<span style=\"color:#ff00ff;\"> Louis-Joseph de Bourbon, prince de Cond\u00e9.<\/span><br \/>\n<span style=\"color:#ff00ff;\"> Louis-Henri-Joseph de Bourbon-Cond\u00e9, duc de Bourbon.<\/span><\/p>\n<p><span style=\"color:#ff00ff;\"> Le 22 Mars 1803, le duc d\u2019Enghien \u00e9crira au Chef de sa Maison pour adh\u00e9rer publiquement aux deux d\u00e9clarations.<\/span><\/p>\n<p><span style=\"color:#008000;\">Il n\u2019est pas utile de souligner qu\u2019aucun descendant du roi d\u2019Espagne , Philippe V, n\u2019a \u00e9t\u00e9 associ\u00e9 \u00e0 cette d\u00e9claration, et que selon le premier paragraphe de cette d\u00e9claration, ils ne sont pas assimil\u00e9s aux Prince de la Maison de France. Preuve une fois de plus, que Louis XVIII et Charles X excluaient bel et bien leurs cousins de la la branche Espagnole de toutes pr\u00e9tentions dynastiques au tr\u00f4ne de France.<\/span><br \/>\n<span style=\"color:#008000;\"> Matthias Beaufort<\/span><br \/>\n<span style=\"color:#ff6600;\">Source : Gallica \/ Maison de France. D\u2019un certain \u00ab Monsieur F \u00bb. Livre adress\u00e9 \u00e0 Monsieur Bayard de Plainville, d\u00e9put\u00e9 de l\u2019Oise en 1815.<\/span><\/p>\n<p><span style=\"color:#0000ff;\">http:\/\/www.la-couronne.org\/histoire\/1803-bonaparte-demande-aux-princes-de-maison-de-france-de-renoncer-a-leurs-droits-dynastiques\/<\/span><\/p>\n","protected":false},"excerpt":{"rendered":"<p>18 Juil 2017 | Histoire, La l\u00e9gitimit\u00e9 dynastique | Le 26 F\u00e9vrier 1803, alors que le comte de Provence, chef de la Maison de France, \u00e9tait en exil en Pologne&#8230; <a href=\"https:\/\/charte-fontevrault-providentialisme.fr\/index.php\/2017\/07\/21\/1803-bonaparte-demande-aux-princes-de-la-maison-de-france-de-renoncer-a-leurs-droits-dynastiques\/\">Cliquez pour lire davantage &raquo;<\/a><\/p>\n","protected":false},"author":2,"featured_media":0,"comment_status":"open","ping_status":"open","sticky":false,"template":"","format":"standard","meta":{"footnotes":""},"categories":[4],"tags":[1830,4538,4564,5795,6487,9360,9971,14795,15259,19453,29514],"class_list":["post-15527","post","type-post","status-publish","format-standard","hentry","category-action-royaliste","tag-bonaparte-premier-consul","tag-comte-dartois-futur-charles-x","tag-comte-de-provence-futur-louis-xviii","tag-duc-denghien","tag-encyclopedie-wikipedia","tag-http-gallica-bnf-fr","tag-http-www-la-couronne-org","tag-louis-xviii-de-france","tag-maison-de-france","tag-philippe-v-despagne","tag-varsovie-pologne"],"_links":{"self":[{"href":"https:\/\/charte-fontevrault-providentialisme.fr\/index.php\/wp-json\/wp\/v2\/posts\/15527","targetHints":{"allow":["GET"]}}],"collection":[{"href":"https:\/\/charte-fontevrault-providentialisme.fr\/index.php\/wp-json\/wp\/v2\/posts"}],"about":[{"href":"https:\/\/charte-fontevrault-providentialisme.fr\/index.php\/wp-json\/wp\/v2\/types\/post"}],"author":[{"embeddable":true,"href":"https:\/\/charte-fontevrault-providentialisme.fr\/index.php\/wp-json\/wp\/v2\/users\/2"}],"replies":[{"embeddable":true,"href":"https:\/\/charte-fontevrault-providentialisme.fr\/index.php\/wp-json\/wp\/v2\/comments?post=15527"}],"version-history":[{"count":0,"href":"https:\/\/charte-fontevrault-providentialisme.fr\/index.php\/wp-json\/wp\/v2\/posts\/15527\/revisions"}],"wp:attachment":[{"href":"https:\/\/charte-fontevrault-providentialisme.fr\/index.php\/wp-json\/wp\/v2\/media?parent=15527"}],"wp:term":[{"taxonomy":"category","embeddable":true,"href":"https:\/\/charte-fontevrault-providentialisme.fr\/index.php\/wp-json\/wp\/v2\/categories?post=15527"},{"taxonomy":"post_tag","embeddable":true,"href":"https:\/\/charte-fontevrault-providentialisme.fr\/index.php\/wp-json\/wp\/v2\/tags?post=15527"}],"curies":[{"name":"wp","href":"https:\/\/api.w.org\/{rel}","templated":true}]}}