{"id":15640,"date":"2017-08-13T07:30:58","date_gmt":"2017-08-13T07:30:58","guid":{"rendered":"https:\/\/chartedefontevraultprovidentialisme.wordpress.com\/?p=15640"},"modified":"2017-08-13T07:30:58","modified_gmt":"2017-08-13T07:30:58","slug":"extrait-homelie-du-12-aout-2017-par-labbe-guy-pages-que-faire-le-silence-dans-les-eglises","status":"publish","type":"post","link":"https:\/\/charte-fontevrault-providentialisme.fr\/index.php\/2017\/08\/13\/extrait-homelie-du-12-aout-2017-par-labbe-guy-pages-que-faire-le-silence-dans-les-eglises\/","title":{"rendered":"Extrait Hom\u00e9lie du 12 Ao\u00fbt 2017 par l&#8217;Abb\u00e9 Guy Pag\u00e8s : QUE FAIRE ? LE SILENCE DANS LES \u00c9GLISES *"},"content":{"rendered":"<p>&nbsp;<\/p>\n<ul>\n<li><span style=\"color:#ff6600;\">Via Philippe Boehler<span style=\"color:#0000ff;\">.\u00a0http:\/\/www.super-senior.ch\/2017\/08\/extrait-homelie-du-12-aout-2017-par.html utm_source=_ob_share&amp;utm_medium=_ob_facebook&amp;utm_campaign=_ob_share_auto<\/span><\/span><\/li>\n<\/ul>\n<p><span style=\"color:#008000;\"><strong>A<\/strong> la suite d\u2019\u00c9lie qui ne rencontra Dieu que <u>dans le murmure d\u2019une brise l\u00e9g\u00e8re<\/u>, l\u2019\u00c9glise demande \u00e0 ceux qui cherchent Dieu <u>d\u2019observer le silence dans la sainte liturgie.<\/u> \u00ab Dans l\u2019\u00e9glise, \u00e0 la sacristie et dans les lieux avoisinants, le silence permet \u00e0 tous de se disposer \u00e0 c\u00e9l\u00e9brer les saints myst\u00e8res avec c\u0153ur et conform\u00e9ment aux rites.<\/span><\/p>\n<p><span style=\"color:#008000;\">Combien de c\u00e9l\u00e9brations qui ne sont que pitoyables agitations, o\u00f9 paroles et chants sont multipli\u00e9s dans le but inavou\u00e9 d\u2019emp\u00eacher Dieu de parler, d\u2019\u00eatre entendu\u2026<\/span><\/p>\n<p><span style=\"color:#008000;\">Les pires ennemis de Dieu se trouvent souvent dans les \u00e9glises !<\/span><\/p>\n<p><span style=\"color:#008000;\"><u>Tout autant que le chant, le silence pr\u00e9pare l\u2019assembl\u00e9e \u00e0 \u00e9couter le Seigneur, \u00e0<\/u> <u>Le rencontre<\/u>r, <u>L\u2019adorer<\/u>, <u>Le prier<\/u>, Lui offrir sa vie unie au sacrifice de J\u00e9sus, et <u>L\u2019accueillir<\/u>, Lui, dans <u>une communion vivante et sanctifiante.<\/u><\/span><\/p>\n<p><span style=\"color:#008000;\">Le silence est le t\u00e9moin de l\u2019exp\u00e9rience spirituelle,\u00a0et il l\u2019enrichit en retour.<\/span><\/p>\n<p><span style=\"color:#008000;\">Je remercie les personnes qui pour respecter le silence pendant la messe \u00e9touffent leur toux dans leur mouchoir\u2026 <u>Le silence est sacr\u00e9 !<\/u><\/span><\/p>\n<p><span style=\"color:#008000;\">Comme disait saint Jean de la Croix :\u00a0\u00ab <em>L\u2019amour du silence conduit au silence de l\u2019Amour.<\/em>\u00bb<\/span><\/p>\n<p><span style=\"color:#008000;\"><u>Chacun a le droit de pouvoir prier en silence\u00a0<\/u><u>dans la Maison du Seigneur.<\/u><\/span><\/p>\n<p><span style=\"color:#008000;\">Mais il ne suffit pas d\u2019\u00eatre attentifs \u00e0 Dieu pendant la Messe, il faut encore l\u2019\u00eatre apr\u00e8s, et toujours.<\/span><\/p>\n<p><span style=\"color:#008000;\">C\u2019est pourquoi, comme \u00c9lie et comme les enfants de Fatima, faisons des sacrifices, <u>renon\u00e7ons \u00e0 la t\u00e9l\u00e9vision et aux distractions de ce monde<\/u>, qui est \u00ab une conspiration contre la vie int\u00e9rieure \u00bb.<\/span><\/p>\n<p><span style=\"color:#008000;\">Sans quoi, lorsque le Seigneur appara\u00eetra, hommes de peu de foi, nous Le prendrons pour un fant\u00f4me, nous crierons de peur et Le fuirons au lieu de nous pr\u00e9cipiter dans Ses bras !<\/span><\/p>\n<p><span style=\"color:#008000;\">\u00d4 Seigneur, gardez-nous de cette dissipation des sens et de l\u2019esprit qui fait de Vous un inconnu pour nous, et de nous des zombis !<\/span><\/p>\n<p><span style=\"color:#008000;\">\u00ab <em>Veillez et priez sans cesse afin d\u2019avoir la force de r\u00e9sister \u00e0 tout ce qui doit vous arriver et de vous tenir debout au jour de Mon retour. (Lc 21.35) <\/em>\u00bb dit le Seigneur.<\/span><\/p>\n<p><span style=\"color:#008000;\">Amen.<\/span><\/p>\n<p><a href=\"http:\/\/www.super-senior.ch\/2017\/08\/extrait-homelie-du-12-aout-2017-par.html?utm_source=_ob_share&amp;utm_medium=_ob_facebook&amp;utm_campaign=_ob_share_auto\">http:\/\/www.super-senior.ch\/2017\/08\/extrait-homelie-du-12-aout-2017-par.html?utm_source=_ob_share&amp;utm_medium=_ob_facebook&amp;utm_campaign=_ob_share_auto<\/a><\/p>\n","protected":false},"excerpt":{"rendered":"<p>&nbsp; Via Philippe Boehler.\u00a0http:\/\/www.super-senior.ch\/2017\/08\/extrait-homelie-du-12-aout-2017-par.html utm_source=_ob_share&amp;utm_medium=_ob_facebook&amp;utm_campaign=_ob_share_auto A la suite d\u2019\u00c9lie qui ne rencontra Dieu que dans le murmure d\u2019une brise l\u00e9g\u00e8re, l\u2019\u00c9glise demande \u00e0 ceux qui cherchent Dieu d\u2019observer le silence&#8230; <a href=\"https:\/\/charte-fontevrault-providentialisme.fr\/index.php\/2017\/08\/13\/extrait-homelie-du-12-aout-2017-par-labbe-guy-pages-que-faire-le-silence-dans-les-eglises\/\">Cliquez pour lire davantage &raquo;<\/a><\/p>\n","protected":false},"author":2,"featured_media":0,"comment_status":"open","ping_status":"open","sticky":false,"template":"","format":"standard","meta":{"footnotes":""},"categories":[7],"tags":[439,6284,19330,24478,24770],"class_list":["post-15640","post","type-post","status-publish","format-standard","hentry","category-blogs-et-sites-catholiques","tag-abbe-guy-pages","tag-elie","tag-philippe-boehler","tag-saint-jean-de-la-croix","tag-saint-sacrifice-de-la-messe"],"_links":{"self":[{"href":"https:\/\/charte-fontevrault-providentialisme.fr\/index.php\/wp-json\/wp\/v2\/posts\/15640","targetHints":{"allow":["GET"]}}],"collection":[{"href":"https:\/\/charte-fontevrault-providentialisme.fr\/index.php\/wp-json\/wp\/v2\/posts"}],"about":[{"href":"https:\/\/charte-fontevrault-providentialisme.fr\/index.php\/wp-json\/wp\/v2\/types\/post"}],"author":[{"embeddable":true,"href":"https:\/\/charte-fontevrault-providentialisme.fr\/index.php\/wp-json\/wp\/v2\/users\/2"}],"replies":[{"embeddable":true,"href":"https:\/\/charte-fontevrault-providentialisme.fr\/index.php\/wp-json\/wp\/v2\/comments?post=15640"}],"version-history":[{"count":0,"href":"https:\/\/charte-fontevrault-providentialisme.fr\/index.php\/wp-json\/wp\/v2\/posts\/15640\/revisions"}],"wp:attachment":[{"href":"https:\/\/charte-fontevrault-providentialisme.fr\/index.php\/wp-json\/wp\/v2\/media?parent=15640"}],"wp:term":[{"taxonomy":"category","embeddable":true,"href":"https:\/\/charte-fontevrault-providentialisme.fr\/index.php\/wp-json\/wp\/v2\/categories?post=15640"},{"taxonomy":"post_tag","embeddable":true,"href":"https:\/\/charte-fontevrault-providentialisme.fr\/index.php\/wp-json\/wp\/v2\/tags?post=15640"}],"curies":[{"name":"wp","href":"https:\/\/api.w.org\/{rel}","templated":true}]}}