{"id":157,"date":"2013-05-07T10:45:20","date_gmt":"2013-05-07T10:45:20","guid":{"rendered":"http:\/\/chartedefontevraultprovidentialisme.wordpress.com\/?p=157"},"modified":"2013-05-07T10:45:20","modified_gmt":"2013-05-07T10:45:20","slug":"le-blog-la-faute-a-rousseau-annonce-toutes-les-prochaines-manifestations-johanniques-mai-2013","status":"publish","type":"post","link":"https:\/\/charte-fontevrault-providentialisme.fr\/index.php\/2013\/05\/07\/le-blog-la-faute-a-rousseau-annonce-toutes-les-prochaines-manifestations-johanniques-mai-2013\/","title":{"rendered":"Le blog orl\u00e9aniste LA FAUTE A ROUSSEAU annonce toutes les prochaines manifestations johanniques (mai 2013)"},"content":{"rendered":"<p class=\"MsoNormal\" style=\"margin-right:5pt;line-height:18pt;text-align:center;\"><strong><span style=\"color:#008000;\"><span style=\"font-family:Verdana;\">JEANNE D&#8217;ARC 2013 !&#8230;une initiative \u00e0 encourager naturellement . Nous pouvons lever bien des obstacles \u00e0 condition de cesser \u00a0 de nous entre d\u00e9chirer.<br \/>\n______<br \/>\n<\/span><\/span><\/strong><\/p>\n<p class=\"MsoNormal\" style=\"margin-right:5pt;line-height:18pt;text-align:justify;\"><span style=\"color:#008000;\"><span style=\"font-family:Verdana;\">Comme pour les manifestations &#8220;Louis XVI&#8221;, le \u00a0blog\u00a0<em>lafautearousseau(<\/em>NDLRB<em>. <\/em>Blog orl\u00e9aniste<em>)<\/em> publie volontiers les annonces de toutes les manifestations &#8220;Jeanne d&#8217;Arc&#8221; organis\u00e9es partout en France qui lui seront signal\u00e9es; elle se veut ainsi la maison commune de tous ceux qui oeuvrent &#8220;sans nostalgie ni folklore&#8221;, dans le cadre d&#8217;un &#8220;royalisme intelligent&#8221;&#8230;<\/span><\/span><\/p>\n<p class=\"MsoNormal\"><span style=\"font-family:Verdana;\"><a href=\"http:\/\/lafautearousseau.hautetfort.com\/archive\/2013\/04\/28\/jeanne-d-arc-2013.html\">http:\/\/lafautearousseau.hautetfort.com\/archive\/2013\/04\/28\/jeanne-d-arc-2013.html<\/a><\/span><\/p>\n<p class=\"MsoNormal\"><span style=\"color:#008000;\">H\u00e9 \u00a0bien, voici d\u00e9j\u00e0 une indication \u00a0de plus concernant une f\u00eate johannique patriotique organis\u00e9e par la F\u00e9d\u00e9ration Philippe Meynier le dimanche 12 mai prochain .\u00a0 \u00a0 \u00a0 \u00a0 \u00a0 \u00a0 \u00a0 \u00a0 \u00a0 \u00a0 \u00a0 \u00a0 \u00a0 \u00a0 \u00a0 \u00a0 \u00a0 \u00a0 \u00a0 \u00a0 \u00a0 \u00a0 <\/span><span style=\"font-family:Verdana;\"><a href=\"http:\/\/charte.de.fontevrault.over-blog.com\/article-dimanche-12-mai-2013-fete-de-jeanne-d-arc-et-du-patriotisme-en-limousin-117531263.html\">http:\/\/charte.de.fontevrault.over-blog.com\/article-dimanche-12-mai-2013-fete-de-jeanne-d-arc-et-du-patriotisme-en-limousin-117531263.html<\/a><\/span><\/p>\n","protected":false},"excerpt":{"rendered":"<p>JEANNE D&#8217;ARC 2013 !&#8230;une initiative \u00e0 encourager naturellement . Nous pouvons lever bien des obstacles \u00e0 condition de cesser \u00a0 de nous entre d\u00e9chirer. ______ Comme pour les manifestations &#8220;Louis&#8230; <a href=\"https:\/\/charte-fontevrault-providentialisme.fr\/index.php\/2013\/05\/07\/le-blog-la-faute-a-rousseau-annonce-toutes-les-prochaines-manifestations-johanniques-mai-2013\/\">Cliquez pour lire davantage &raquo;<\/a><\/p>\n","protected":false},"author":5,"featured_media":0,"comment_status":"open","ping_status":"open","sticky":false,"template":"","format":"standard","meta":{"footnotes":""},"categories":[3,19],"tags":[1779,1794,6970,12697,14255],"class_list":["post-157","post","type-post","status-publish","format-standard","hentry","category-action-orleaniste","category-fetes-catholiques","tag-blog-la-faute-a-roussseau","tag-blogs-royalistes","tag-federation-philippe-meynier","tag-jeanne-darc","tag-limoges"],"_links":{"self":[{"href":"https:\/\/charte-fontevrault-providentialisme.fr\/index.php\/wp-json\/wp\/v2\/posts\/157","targetHints":{"allow":["GET"]}}],"collection":[{"href":"https:\/\/charte-fontevrault-providentialisme.fr\/index.php\/wp-json\/wp\/v2\/posts"}],"about":[{"href":"https:\/\/charte-fontevrault-providentialisme.fr\/index.php\/wp-json\/wp\/v2\/types\/post"}],"author":[{"embeddable":true,"href":"https:\/\/charte-fontevrault-providentialisme.fr\/index.php\/wp-json\/wp\/v2\/users\/5"}],"replies":[{"embeddable":true,"href":"https:\/\/charte-fontevrault-providentialisme.fr\/index.php\/wp-json\/wp\/v2\/comments?post=157"}],"version-history":[{"count":0,"href":"https:\/\/charte-fontevrault-providentialisme.fr\/index.php\/wp-json\/wp\/v2\/posts\/157\/revisions"}],"wp:attachment":[{"href":"https:\/\/charte-fontevrault-providentialisme.fr\/index.php\/wp-json\/wp\/v2\/media?parent=157"}],"wp:term":[{"taxonomy":"category","embeddable":true,"href":"https:\/\/charte-fontevrault-providentialisme.fr\/index.php\/wp-json\/wp\/v2\/categories?post=157"},{"taxonomy":"post_tag","embeddable":true,"href":"https:\/\/charte-fontevrault-providentialisme.fr\/index.php\/wp-json\/wp\/v2\/tags?post=157"}],"curies":[{"name":"wp","href":"https:\/\/api.w.org\/{rel}","templated":true}]}}