{"id":15780,"date":"2017-08-19T14:48:39","date_gmt":"2017-08-19T14:48:39","guid":{"rendered":"https:\/\/chartedefontevraultprovidentialisme.wordpress.com\/?p=15780"},"modified":"2017-08-19T14:48:39","modified_gmt":"2017-08-19T14:48:39","slug":"en-hommage-a-gonzague-saint-bris-la-foret-des-livres-proche-de-loches-le-dimanche-27-aout-2017","status":"publish","type":"post","link":"https:\/\/charte-fontevrault-providentialisme.fr\/index.php\/2017\/08\/19\/en-hommage-a-gonzague-saint-bris-la-foret-des-livres-proche-de-loches-le-dimanche-27-aout-2017\/","title":{"rendered":"En hommage \u00e0 Gonzague Saint Bris (+) &#8220;la For\u00eat des livres&#8221; proche de Loches  le Dimanche 27 ao\u00fbt 2017."},"content":{"rendered":"<p><a href=\"https:\/\/chartedefontevraultprovidentialisme.files.wordpress.com\/2017\/08\/ob_0cff87_affiche-fdl-2017.jpg\"><img loading=\"lazy\" decoding=\"async\" class=\"aligncenter size-large wp-image-15781\" src=\"https:\/\/chartedefontevraultprovidentialisme.files.wordpress.com\/2017\/08\/ob_0cff87_affiche-fdl-2017.jpg?w=640\" alt=\"\" width=\"640\" height=\"906\" srcset=\"https:\/\/charte-fontevrault-providentialisme.fr\/wp-content\/uploads\/2017\/08\/ob_0cff87_affiche-fdl-2017.jpg 723w, https:\/\/charte-fontevrault-providentialisme.fr\/wp-content\/uploads\/2017\/08\/ob_0cff87_affiche-fdl-2017-212x300.jpg 212w, https:\/\/charte-fontevrault-providentialisme.fr\/wp-content\/uploads\/2017\/08\/ob_0cff87_affiche-fdl-2017-624x884.jpg 624w\" sizes=\"auto, (max-width: 640px) 100vw, 640px\" \/><\/a><\/p>\n","protected":false},"excerpt":{"rendered":"","protected":false},"author":5,"featured_media":0,"comment_status":"open","ping_status":"open","sticky":false,"template":"","format":"image","meta":{"footnotes":""},"categories":[26],"tags":[3813,8199,13270],"class_list":["post-15780","post","type-post","status-publish","format-image","hentry","category-societe-traditionnelle","tag-commune-de-chanceaux-pres-loches-37600","tag-gonzague-saint-bris","tag-la-foret-des-livres","post_format-post-format-image"],"_links":{"self":[{"href":"https:\/\/charte-fontevrault-providentialisme.fr\/index.php\/wp-json\/wp\/v2\/posts\/15780","targetHints":{"allow":["GET"]}}],"collection":[{"href":"https:\/\/charte-fontevrault-providentialisme.fr\/index.php\/wp-json\/wp\/v2\/posts"}],"about":[{"href":"https:\/\/charte-fontevrault-providentialisme.fr\/index.php\/wp-json\/wp\/v2\/types\/post"}],"author":[{"embeddable":true,"href":"https:\/\/charte-fontevrault-providentialisme.fr\/index.php\/wp-json\/wp\/v2\/users\/5"}],"replies":[{"embeddable":true,"href":"https:\/\/charte-fontevrault-providentialisme.fr\/index.php\/wp-json\/wp\/v2\/comments?post=15780"}],"version-history":[{"count":0,"href":"https:\/\/charte-fontevrault-providentialisme.fr\/index.php\/wp-json\/wp\/v2\/posts\/15780\/revisions"}],"wp:attachment":[{"href":"https:\/\/charte-fontevrault-providentialisme.fr\/index.php\/wp-json\/wp\/v2\/media?parent=15780"}],"wp:term":[{"taxonomy":"category","embeddable":true,"href":"https:\/\/charte-fontevrault-providentialisme.fr\/index.php\/wp-json\/wp\/v2\/categories?post=15780"},{"taxonomy":"post_tag","embeddable":true,"href":"https:\/\/charte-fontevrault-providentialisme.fr\/index.php\/wp-json\/wp\/v2\/tags?post=15780"}],"curies":[{"name":"wp","href":"https:\/\/api.w.org\/{rel}","templated":true}]}}