{"id":161,"date":"2013-05-06T09:41:25","date_gmt":"2013-05-06T09:41:25","guid":{"rendered":"http:\/\/chartedefontevraultprovidentialisme.wordpress.com\/?p=161"},"modified":"2013-05-06T09:41:25","modified_gmt":"2013-05-06T09:41:25","slug":"vive-le-nouveau-blog-de-la-charte-de-fontevrault-venez-faire-connaissance","status":"publish","type":"post","link":"https:\/\/charte-fontevrault-providentialisme.fr\/index.php\/2013\/05\/06\/vive-le-nouveau-blog-de-la-charte-de-fontevrault-venez-faire-connaissance\/","title":{"rendered":"VIVE LE NOUVEAU BLOG DE LA CHARTE DE FONTEVRAULT&#8230; Venez faire connaissance!"},"content":{"rendered":"<p><a href=\"http:\/\/chartedefontevraultprovidentialisme.files.wordpress.com\/2013\/05\/document25-bis1.jpg\"><img loading=\"lazy\" decoding=\"async\" class=\"aligncenter size-medium wp-image-162\" alt=\"Document25 bis\" src=\"http:\/\/chartedefontevraultprovidentialisme.files.wordpress.com\/2013\/05\/document25-bis1.jpg?w=300\" width=\"300\" height=\"109\" srcset=\"https:\/\/charte-fontevrault-providentialisme.fr\/wp-content\/uploads\/2013\/05\/document25-bis1.jpg 959w, https:\/\/charte-fontevrault-providentialisme.fr\/wp-content\/uploads\/2013\/05\/document25-bis1-300x109.jpg 300w, https:\/\/charte-fontevrault-providentialisme.fr\/wp-content\/uploads\/2013\/05\/document25-bis1-768x279.jpg 768w, https:\/\/charte-fontevrault-providentialisme.fr\/wp-content\/uploads\/2013\/05\/document25-bis1-624x227.jpg 624w\" sizes=\"auto, (max-width: 300px) 100vw, 300px\" \/><\/a><\/p>\n<p><span style=\"color:#008000;\">Bienvenue sur le nouveau blog :<\/span> \u00a0 \u00a0 \u00a0 \u00a0 \u00a0 \u00a0 \u00a0 \u00a0 \u00a0 \u00a0 \u00a0 \u00a0 \u00a0 \u00a0 \u00a0 \u00a0 \u00a0 \u00a0 \u00a0 \u00a0 \u00a0 \u00a0 \u00a0 \u00a0 \u00a0 \u00a0 \u00a0 \u00a0 \u00a0 \u00a0 \u00a0 \u00a0 \u00a0 \u00a0 \u00a0 \u00a0 \u00a0 \u00a0 \u00a0 \u00a0 \u00a0 \u00a0 \u00a0 \u00a0 \u00a0 <span style=\"font-family:Verdana;\"><a href=\"http:\/\/chartedefontevraultprovidentialisme.wordpress.com\/\">http:\/chartedefontevraultprovidentialisme.wordpress.com\/<\/a><\/span><\/p>\n<p class=\"MsoNormal\" style=\"text-align:justify;text-justify:inter-ideograph;\"><span style=\"font-family:Verdana;\">Vous \u00e9tiez d\u00e9j\u00e0 tr\u00e8s nombreux , comme en t\u00e9moignent les chiffres \u00a0ci-dessous : \u00e0 honorer\u00a0 de\u00a0 votre\u00a0 confiance le pr\u00e9c\u00e9dent\u00a0 blog\u00a0 de la Charte de Fontevrault\u00a0: <a href=\"http:\/\/charte.de.fontevrault.over-blog.com\/\">http:\/\/charte.de.fontevrault.over-blog.com\/<\/a><\/span><\/p>\n<p class=\"MsoNormal\" style=\"text-align:justify;text-justify:inter-ideograph;\"><em><b><span style=\"font-family:Verdana;\">Les statistiques g\u00e9n\u00e9rales de votre blog depuis sa fondation\u00a0 et jusqu\u2019au dimanche 5 mai 2013.<\/span><\/b><\/em><\/p>\n<table class=\"MsoNormalTable\" style=\"width:98%;margin-left:7.5pt;\" width=\"98%\" border=\"0\" cellpadding=\"0\">\n<tbody>\n<tr>\n<td style=\"padding:.75pt;\">\n<p class=\"MsoNormal\" style=\"text-align:justify;text-justify:inter-ideograph;\"><b><span style=\"font-family:Verdana;\">Date de cr\u00e9ation : <\/span><\/b><\/p>\n<\/td>\n<td style=\"padding:.75pt;\">\n<p class=\"MsoNormal\" style=\"text-align:justify;text-justify:inter-ideograph;\"><span style=\"font-family:Verdana;\">03\/12\/2008 <\/span><\/p>\n<\/td>\n<\/tr>\n<tr>\n<td style=\"padding:.75pt;\">\n<p class=\"MsoNormal\" style=\"text-align:justify;text-justify:inter-ideograph;\"><b><span style=\"font-family:Verdana;\">Pages vues : <\/span><\/b><\/p>\n<\/td>\n<td style=\"padding:.75pt;\">\n<p class=\"MsoNormal\" style=\"text-align:justify;text-justify:inter-ideograph;\"><span style=\"font-family:Verdana;\">376 351 (total) <\/span><\/p>\n<\/td>\n<\/tr>\n<tr>\n<td style=\"padding:.75pt;\">\n<p class=\"MsoNormal\" style=\"text-align:justify;text-justify:inter-ideograph;\"><b><span style=\"font-family:Verdana;\">Visites totales : <\/span><\/b><\/p>\n<\/td>\n<td style=\"padding:.75pt;\">\n<p class=\"MsoNormal\" style=\"text-align:justify;text-justify:inter-ideograph;\"><span style=\"font-family:Verdana;\">203 750 <\/span><\/p>\n<\/td>\n<\/tr>\n<tr>\n<td style=\"padding:.75pt;\">\n<p class=\"MsoNormal\" style=\"text-align:justify;text-justify:inter-ideograph;\"><b><span style=\"font-family:Verdana;\">Journ\u00e9e record : <\/span><\/b><\/p>\n<\/td>\n<td style=\"padding:.75pt;\">\n<p class=\"MsoNormal\" style=\"text-align:justify;text-justify:inter-ideograph;\"><span style=\"font-family:Verdana;\">04\/05\/2009 (1 914 Pages vues) <\/span><\/p>\n<\/td>\n<\/tr>\n<tr>\n<td style=\"padding:.75pt;\">\n<p class=\"MsoNormal\" style=\"text-align:justify;text-justify:inter-ideograph;\"><b><span style=\"font-family:Verdana;\">Mois record : <\/span><\/b><\/p>\n<\/td>\n<td style=\"padding:.75pt;\">\n<p class=\"MsoNormal\" style=\"text-align:justify;text-justify:inter-ideograph;\"><span style=\"font-family:Verdana;\">11\/2012 (11 221 Pages vues) <\/span><\/p>\n<\/td>\n<\/tr>\n<\/tbody>\n<\/table>\n<p class=\"MsoNormal\" style=\"text-align:justify;text-justify:inter-ideograph;\"><span style=\"font-family:Verdana;\"><span style=\"color:#008000;\">Nous\u00a0 formons naturellement le v\u0153u que\u00a0 vous soyez aussi nombreux , et plus encore, \u00e0 visiter\u00a0 ce nouveau blog\u00a0 fruit d\u2019exp\u00e9riences multiples\u00a0 et de la\u00a0 consultation d\u2019un certain nombre d\u2019autres\u00a0 blogs.<\/span><\/span><\/p>\n<p class=\"MsoNormal\" style=\"text-align:justify;text-justify:inter-ideograph;\"><strong><span style=\"font-family:'Verdana';color:#008000;\">Voici donc la nouvelle arme\u00a0 du royalisme providentialiste et de la Charte de Fontevrault\u00a0 r\u00e9unies puisque celle-ci n\u2019a\u00a0 d\u2019utilit\u00e9\u00a0 que\u00a0 si elle\u00a0 contribue au d\u00e9veloppement\u00a0 de celui-ci.<\/span><\/strong><\/p>\n<p class=\"MsoNormal\" style=\"text-align:justify;text-justify:inter-ideograph;\"><span style=\"font-family:'Verdana';color:#008000;\">Prenez un\u00a0 peu de temps \u2013 mais pas trop ,nous connaissons vos intenses activit\u00e9s, pour\u00a0 d\u00e9couvrir\u00a0 votre nouveau blog, blog qui s\u2019enrichira\u00a0 naturellement , \u00a0outre sa mise \u00e0 jour\u00a0 quotidienne et parfois\u00a0 bi-quotidienne par le\u00a0 biais des \u00ab\u00a0posts\u00a0\u00bb , de nouvelles \u00ab\u00a0Pages\u00a0\u00bb avec compl\u00e9ment des \u00ab\u00a0Pages\u00a0\u00bb \u00a0d\u00e9j\u00e0 existantes\u00a0.<\/span><\/p>\n<p class=\"MsoNormal\" style=\"text-align:justify;text-justify:inter-ideograph;\"><span style=\"font-family:'Verdana';color:#008000;\"><strong>I.<\/strong> Commen\u00e7ons par elles. A ce jour 9 pages rappellent les\u00a0 fondements de nos actions\u00a0: la Charte de Fontevrault ( P.1 \u00e0 4)\u00a0; le royalisme providentaiste (P.5 \u00e0 7)\u00a0: Le\u00a0 roi\u00a0 ( P.8 et\u00a0 9. Jour apr\u00e8s jour, les articles alimentent\u00a0 la r\u00e9flexion mais\u00a0 il fallait\u00a0 des synth\u00e9ses r\u00e9guli\u00e8res et\u00a0 construites, les \u00ab\u00a0pages\u00a0\u00bb jouent\u00a0 ce r\u00f4le et rendent\u00a0 ce service\u00a0 comme autant\u00a0 de pierres de tailles\u00a0 construisant le nouveau royaume de France.<\/span><\/p>\n<p class=\"MsoNormal\" style=\"text-align:justify;text-justify:inter-ideograph;\"><span style=\"font-family:'Verdana';color:#008000;\"><strong>II<\/strong>. Dans la colonne\u00a0 la plus \u00e0 droite de la <i>page \u00e9cran<\/i> , vous trouverez\u00a0 plusieurs fen\u00eatres\u00a0 toutes aussi utiles les unes que les autres\u00a0:<\/span><\/p>\n<p class=\"MsoNormal\" style=\"text-align:justify;text-justify:inter-ideograph;\"><span style=\"color:#008000;\"><span style=\"text-decoration:underline;\"><span style=\"font-family:Verdana;\">Follow Blog via Email. <\/span><\/span><span style=\"font-family:Verdana;\">Entrez y\u00a0 votre adresse mail, cliquez\u00a0 sur \u00ab\u00a0Follow\u00a0\u00bb et\u00a0 cous serez \u00a0destinataire de toutes nos mises \u00e0 Jour. Les m\u00eames cons\u00e9quences sont attach\u00e9es \u00e0 l\u2019activation,\u00a0 de la\u00a0 case + Follow qui restera toujours \u00e0 votre disposition en bas de\u00a0 votre page\u00a0 \u00e9cran quelque\u00a0 soit\u00a0 le mouvement\u00a0 et le sesn que\u00a0 vous aurez\u00a0 donn\u00e9\u00a0 \u00e0 votre \u00ab\u00a0ascenseur\u00a0\u00bb<\/span><\/span><\/p>\n<p class=\"MsoNormal\" style=\"text-align:justify;text-justify:inter-ideograph;\"><span style=\"color:#008000;\"><span style=\"text-decoration:underline;\"><span style=\"font-family:Verdana;\">Cat\u00e9gorie<\/span><\/span><span style=\"font-family:Verdana;\">s. Con\u00e7ues de fa\u00e7on transversales par rapports aux diff\u00e9rents posts mis\u00a0 successivement\u00a0 en ligne,\u00a0 un clic\u00a0 sur\u00a0 chacune d\u2019entre elles vous donnera\u00a0 acc\u00e9s \u00e0 tous les posts\u00a0 ayant\u00a0 trait\u00e9 de ce\u00a0 sujet \u2026 ce\u00a0 qui vous fera gagner un temps fou.<\/span><\/span><\/p>\n<p class=\"MsoNormal\" style=\"text-align:justify;text-justify:inter-ideograph;\"><span style=\"color:#008000;\"><span style=\"text-decoration:underline;\"><span style=\"font-family:Verdana;\">Pages . <\/span><\/span><span style=\"font-family:Verdana;\">Reprise sous une forme diff\u00e9rente ( mais la p\u00e9dagogie n\u2019est-elle pas \u00e0 base de r\u00e9p\u00e9titions\u00a0?&#8230; Et comme ces pages ont\u00a0 vraiment\u00a0 beaucoup d\u2019importance\u00a0!) de la liste de pages\u00a0 figurant\u00a0 sous la grande image\u00a0 de titre de ce\u00a0 blog.<\/span><\/span><\/p>\n<p class=\"MsoNormal\" style=\"text-align:justify;text-justify:inter-ideograph;\"><span style=\"color:#008000;\"><span style=\"text-decoration:underline;\"><span style=\"font-family:Verdana;\">Top Posts &amp; Pages.<\/span><\/span><span style=\"font-family:Verdana;\"> Ce que\u00a0 vous avez \u00e0 l\u2019instant \u00ab\u00a0T\u00a0\u00bb le plus\u00a0 consult\u00e9 dans le\u00a0 blog . Comme le\u00a0 changement\u00a0 sera naturellement\u00a0 fr\u00e9quent, pr\u00e9voyez une\u00a0 consultation r\u00e9guli\u00e8re. Et ce lundi, 6 mai cette case\u00a0 ne\u00a0 sera pas efficiente.<\/span><\/span><\/p>\n<p class=\"MsoNormal\" style=\"text-align:justify;text-justify:inter-ideograph;\"><span style=\"color:#008000;\"><span style=\"text-decoration:underline;\"><span style=\"font-family:Verdana;\">Search<\/span><\/span><span style=\"font-family:Verdana;\">.\u00a0 Vous avez l\u2019habitude de ce type de case\u00a0 qui vous permet de\u00a0 chercher\u00a0 sur un blog le mot clef ou concept d\u00e9sir\u00e9.<\/span><\/span><\/p>\n<p class=\"MsoNormal\" style=\"text-align:justify;text-justify:inter-ideograph;\"><span style=\"color:#008000;\"><span style=\"text-decoration:underline;\"><span style=\"font-family:Verdana;\">Blog Stats\u00a0<\/span><\/span><span style=\"font-family:Verdana;\">. Comme leur nom l\u2019indique, il s\u2019agit de statistiques de\u00a0 consiultation.le pr\u00e9c\u00e9dent\u00a0 blog affichait\u00a0: 203 750 visites \u00e0 ce jour . Ne nous faites pas trop languir pour faire\u00a0 bouger les compteurs<\/span><\/span><\/p>\n<p class=\"MsoNormal\" style=\"text-align:justify;text-justify:inter-ideograph;\"><span style=\"color:#008000;\"><span style=\"text-decoration:underline;\"><span style=\"font-family:Verdana;\">La case qui suit<\/span><\/span><span style=\"font-family:Verdana;\"> est\u00a0 consacr\u00e9e \u00e0 un nuage de\u00a0 cat\u00e9gories. Plus\u00a0 celles-ci, rencotr\u00e9es\u00a0 plus haut , sont\u00a0 riches d\u2019indexation et plus\u00a0 , leur nom sera en gros. G\u00e9nial, non\u00a0? vous ne\u00a0 vous \u00e9tonnerez\u00a0 donc pas\u00a0 de\u00a0 voir en tr\u00e8s gros la cat\u00e9gorie \u00ab\u00a0Armes du providentialisme\u00a0\u00bb.. Volil\u00e0 qui devrait \u2013si besoin en \u00e9tait- vous rassurer\u00a0 sur la coh\u00e9rence de notre d\u00e9marche.<\/span><\/span><\/p>\n<p class=\"MsoNormal\" style=\"text-align:justify;text-justify:inter-ideograph;\"><span style=\"color:#008000;\"><span style=\"text-decoration:underline;\"><span style=\"font-family:Verdana;\">Recent Comments<\/span><\/span><span style=\"font-family:Verdana;\">. Ils ne seront pas\u00a0 toujours \u00e9logieux , probablement mais vous pourrez\u00a0 en prendre connaissance ici.<\/span><\/span><\/p>\n<p class=\"MsoNormal\" style=\"text-align:justify;text-justify:inter-ideograph;\"><span style=\"color:#008000;\"><span style=\"text-decoration:underline;\"><span style=\"font-family:Verdana;\">Tags<\/span><\/span><span style=\"font-family:Verdana;\">. Et m\u00eame\u00a0\u00a0 tr\u00e8s exactement , nuages de tags, nuage\u00a0 fonctionnant exactement\u00a0 comme le nuage de\u00a0 cat\u00e9gories pr\u00e9sent\u00e9es\u00a0 ci-dessus. Voici une autre\u00a0 fa\u00e7on ludique\u00a0 mais beaucoup plus intellectuelle , que l\u2019on pourrait le penser, de visiter votre\u00a0 blog\u00a0 lorsque\u00a0 vous d\u00e9sire\u00a0 pouvoir argumenter \u00a0sur un mot, une id\u00e9e, un concept.<\/span><\/span><\/p>\n<p class=\"MsoNormal\" style=\"text-align:justify;text-justify:inter-ideograph;\"><span style=\"color:#008000;\"><span style=\"text-decoration:underline;\"><span style=\"font-family:Verdana;\">Top Clicks\u00a0<\/span><\/span><span style=\"font-family:Verdana;\">: Case en devenir<\/span><\/span><\/p>\n<p class=\"MsoNormal\" style=\"text-align:justify;text-justify:inter-ideograph;\"><span style=\"font-family:'Verdana';color:#008000;\"><strong>III.<\/strong> Et maintenant, acc\u00e9dez- et\u00a0 cela vous demandera un peu de temps \u00e0 la partie tout en bas de\u00a0 votre <i>page \u00e9cran.<\/i><\/span><\/p>\n<p class=\"MsoNormal\" style=\"text-align:justify;text-justify:inter-ideograph;\"><span style=\"color:#008000;\"><i><span style=\"font-family:Verdana;\">\u00a0<\/span><\/i><span style=\"font-family:Verdana;\">Vous y retrouverez\u00a0; de gauche \u00e0 droite\u00a0: les liens\u00a0 conduisant\u00a0 aux\u00a0 blogs amis, les archives du mois\u00a0 que\u00a0 vous verrez appara\u00eetre sous une\u00a0 forme\u00a0 synth\u00e9tis\u00e9e ( le titre et\u00a0 les lignes du d\u00e9but), ce qui vous facilitera grandement \u00a0une\u00a0 vision plus\u00a0 globale\u00a0 des choses et des gens. Et \u00e0 nouveau les mises en lignes les plus recentes, car, comme\u00a0 je le disais plus haut, la p\u00e9dagogie est \u00e0 base de \u2026. .Et enfin, la colonne Meta \u00a0, \u00e0 ma seule disposition , je ne deteste pas les privil\u00e8ges \u2026 Etonnant non !<\/span><\/span><\/p>\n<p class=\"MsoNormal\" style=\"text-align:justify;text-justify:inter-ideograph;\">\u00a0 \u00a0 \u00a0 \u00a0 \u00a0 \u00a0 \u00a0 \u00a0 \u00a0 \u00a0 \u00a0 \u00a0 \u00a0 \u00a0 \u00a0 \u00a0<span style=\"color:#ff6600;\">Alain TEXIER , pr\u00e9sident \u00a0fondateur de la Charte de Fontevrault<\/span><\/p>\n","protected":false},"excerpt":{"rendered":"<p>Bienvenue sur le nouveau blog : \u00a0 \u00a0 \u00a0 \u00a0 \u00a0 \u00a0 \u00a0 \u00a0 \u00a0 \u00a0 \u00a0 \u00a0 \u00a0 \u00a0 \u00a0 \u00a0 \u00a0 \u00a0 \u00a0 \u00a0 \u00a0 \u00a0 \u00a0 \u00a0&#8230; <a href=\"https:\/\/charte-fontevrault-providentialisme.fr\/index.php\/2013\/05\/06\/vive-le-nouveau-blog-de-la-charte-de-fontevrault-venez-faire-connaissance\/\">Cliquez pour lire davantage &raquo;<\/a><\/p>\n","protected":false},"author":5,"featured_media":0,"comment_status":"open","ping_status":"open","sticky":false,"template":"","format":"standard","meta":{"footnotes":""},"categories":[4,12,27],"tags":[674,1794,2987,18224,23576,30463],"class_list":["post-161","post","type-post","status-publish","format-standard","hentry","category-action-royaliste","category-blogs-et-sites-providentialistes","category-tirer-mieux-partie-de-ce-blog","tag-alain-texier","tag-blogs-royalistes","tag-charte-de-fontevrault","tag-over-blog-com","tag-royalisme-providentialiste","tag-wordpress-com"],"_links":{"self":[{"href":"https:\/\/charte-fontevrault-providentialisme.fr\/index.php\/wp-json\/wp\/v2\/posts\/161","targetHints":{"allow":["GET"]}}],"collection":[{"href":"https:\/\/charte-fontevrault-providentialisme.fr\/index.php\/wp-json\/wp\/v2\/posts"}],"about":[{"href":"https:\/\/charte-fontevrault-providentialisme.fr\/index.php\/wp-json\/wp\/v2\/types\/post"}],"author":[{"embeddable":true,"href":"https:\/\/charte-fontevrault-providentialisme.fr\/index.php\/wp-json\/wp\/v2\/users\/5"}],"replies":[{"embeddable":true,"href":"https:\/\/charte-fontevrault-providentialisme.fr\/index.php\/wp-json\/wp\/v2\/comments?post=161"}],"version-history":[{"count":0,"href":"https:\/\/charte-fontevrault-providentialisme.fr\/index.php\/wp-json\/wp\/v2\/posts\/161\/revisions"}],"wp:attachment":[{"href":"https:\/\/charte-fontevrault-providentialisme.fr\/index.php\/wp-json\/wp\/v2\/media?parent=161"}],"wp:term":[{"taxonomy":"category","embeddable":true,"href":"https:\/\/charte-fontevrault-providentialisme.fr\/index.php\/wp-json\/wp\/v2\/categories?post=161"},{"taxonomy":"post_tag","embeddable":true,"href":"https:\/\/charte-fontevrault-providentialisme.fr\/index.php\/wp-json\/wp\/v2\/tags?post=161"}],"curies":[{"name":"wp","href":"https:\/\/api.w.org\/{rel}","templated":true}]}}