{"id":16683,"date":"2017-11-10T09:00:50","date_gmt":"2017-11-10T08:00:50","guid":{"rendered":"https:\/\/chartedefontevraultprovidentialisme.wordpress.com\/?p=16683"},"modified":"2017-11-10T09:00:50","modified_gmt":"2017-11-10T08:00:50","slug":"france-fermeture-previsible-de-17-seminaires","status":"publish","type":"post","link":"https:\/\/charte-fontevrault-providentialisme.fr\/index.php\/2017\/11\/10\/france-fermeture-previsible-de-17-seminaires\/","title":{"rendered":"France. Fermeture pr\u00e9visible de 17 s\u00e9minaires."},"content":{"rendered":"<header class=\"entry-header\">\n<div class=\"entry-image\"><\/div>\n<header class=\"entry-header\">\n<div class=\"entry-meta\">\n<div>\n<div id=\"attachment_16684\" style=\"width: 395px\" class=\"wp-caption alignleft\"><img loading=\"lazy\" decoding=\"async\" aria-describedby=\"caption-attachment-16684\" class=\"wp-image-16684\" src=\"https:\/\/chartedefontevraultprovidentialisme.files.wordpress.com\/2017\/11\/remise-symbolique-des-cles-de-l-eglise-aux-nouveaux-pretres-1510161550-2.jpg?w=300\" alt=\"\" width=\"385\" height=\"232\" srcset=\"https:\/\/charte-fontevrault-providentialisme.fr\/wp-content\/uploads\/2017\/11\/remise-symbolique-des-cles-de-l-eglise-aux-nouveaux-pretres-1510161550-2.jpg 660w, https:\/\/charte-fontevrault-providentialisme.fr\/wp-content\/uploads\/2017\/11\/remise-symbolique-des-cles-de-l-eglise-aux-nouveaux-pretres-1510161550-2-300x182.jpg 300w, https:\/\/charte-fontevrault-providentialisme.fr\/wp-content\/uploads\/2017\/11\/remise-symbolique-des-cles-de-l-eglise-aux-nouveaux-pretres-1510161550-2-624x378.jpg 624w\" sizes=\"auto, (max-width: 385px) 100vw, 385px\" \/><p id=\"caption-attachment-16684\" class=\"wp-caption-text\">http:\/\/www.vosgesmatin.fr\/edition-de-saint-die\/2017\/11\/09\/remise-symbolique-des-cles-de-l-eglise-aux-nouveaux-pretres. Des pr\u00eatres o\u00f9 \u00e7a?<\/p><\/div>\n<\/div>\n<div><\/div>\n<div class=\"left\"><span class=\"date\" style=\"color:#ff6600;\">9 NOVEMBRE 2017\u00a0<\/span><\/div>\n<\/div>\n<\/header>\n<div class=\"entry-content\">\n<span style=\"color:#008000;\">Parmi les r\u00e9formes \u00e9voqu\u00e9es \u00e0 Lourdes lors de leur assembl\u00e9e, les \u00e9v\u00eaques ont \u00e9voqu\u00e9 celle des s\u00e9minaires. Dans une gestion purement comptable, ils pr\u00e9voient\u00a0la fermeture des s\u00e9minaires accueillant moins de 17 \u00e0 20\u00a0personnes.<\/span><br \/>\n<span style=\"color:#008000;\">Aujourd\u2019hui, sur les 32\u00a0s\u00e9minaires et maisons de formation de France, seuls 15 passent cette barre \u00ab\u00a0fatidique\u00a0\u00bb des 17\u00a0s\u00e9minaristes et diacres. Soit la fermeture de 17 s\u00e9minaires !<\/span><br \/>\n<span style=\"color:#008000;\">Allez dire \u00e0 un jeune lyonnais qu\u2019il ira se former \u00e0 Paris ou \u00e0 Nantes\u2026 Voil\u00e0 de quoi renforcer les s\u00e9minaires alternatifs, comme celui de la Communaut\u00e9 Saint-Martin\u2026 <span style=\"color:#800080;\">Si les jeunes ne veulent pas aller dans les s\u00e9minaires dioc\u00e9sains, c\u2019est peut \u00eatre parce que l\u2019enseignement dispens\u00e9 ne r\u00e9pond plus vraiment \u00e0 leur vocation\u2026<\/span><\/span>\n<\/div>\n<p><span style=\"color:#0000ff;\"><a href=\"http:\/\/www.vosgesmatin.fr\/edition-de-saint-die\/2017\/11\/09\/remise-symbolique-des-cles-de-l-eglise-aux-nouveaux-pretres\">https:\/\/www.riposte-catholique.fr\/<\/a>perepiscopus\/fermeture-de-17-seminaires<\/span><\/p>\n<div class=\"entry-content\">\n<div><\/div>\n<p>&nbsp;\n<\/p><\/div>\n<\/header>\n","protected":false},"excerpt":{"rendered":"<p>9 NOVEMBRE 2017\u00a0 Parmi les r\u00e9formes \u00e9voqu\u00e9es \u00e0 Lourdes lors de leur assembl\u00e9e, les \u00e9v\u00eaques ont \u00e9voqu\u00e9 celle des s\u00e9minaires. Dans une gestion purement comptable, ils pr\u00e9voient\u00a0la fermeture des s\u00e9minaires&#8230; <a href=\"https:\/\/charte-fontevrault-providentialisme.fr\/index.php\/2017\/11\/10\/france-fermeture-previsible-de-17-seminaires\/\">Cliquez pour lire davantage &raquo;<\/a><\/p>\n","protected":false},"author":2,"featured_media":0,"comment_status":"open","ping_status":"open","sticky":false,"template":"","format":"standard","meta":{"footnotes":""},"categories":[7,26],"tags":[11424,20318,25794],"class_list":["post-16683","post","type-post","status-publish","format-standard","hentry","category-blogs-et-sites-catholiques","category-societe-traditionnelle","tag-https-www-riposte-catholique-fr","tag-pretres","tag-seminaires"],"_links":{"self":[{"href":"https:\/\/charte-fontevrault-providentialisme.fr\/index.php\/wp-json\/wp\/v2\/posts\/16683","targetHints":{"allow":["GET"]}}],"collection":[{"href":"https:\/\/charte-fontevrault-providentialisme.fr\/index.php\/wp-json\/wp\/v2\/posts"}],"about":[{"href":"https:\/\/charte-fontevrault-providentialisme.fr\/index.php\/wp-json\/wp\/v2\/types\/post"}],"author":[{"embeddable":true,"href":"https:\/\/charte-fontevrault-providentialisme.fr\/index.php\/wp-json\/wp\/v2\/users\/2"}],"replies":[{"embeddable":true,"href":"https:\/\/charte-fontevrault-providentialisme.fr\/index.php\/wp-json\/wp\/v2\/comments?post=16683"}],"version-history":[{"count":0,"href":"https:\/\/charte-fontevrault-providentialisme.fr\/index.php\/wp-json\/wp\/v2\/posts\/16683\/revisions"}],"wp:attachment":[{"href":"https:\/\/charte-fontevrault-providentialisme.fr\/index.php\/wp-json\/wp\/v2\/media?parent=16683"}],"wp:term":[{"taxonomy":"category","embeddable":true,"href":"https:\/\/charte-fontevrault-providentialisme.fr\/index.php\/wp-json\/wp\/v2\/categories?post=16683"},{"taxonomy":"post_tag","embeddable":true,"href":"https:\/\/charte-fontevrault-providentialisme.fr\/index.php\/wp-json\/wp\/v2\/tags?post=16683"}],"curies":[{"name":"wp","href":"https:\/\/api.w.org\/{rel}","templated":true}]}}