{"id":17420,"date":"2018-01-13T19:22:56","date_gmt":"2018-01-13T18:22:56","guid":{"rendered":"https:\/\/chartedefontevraultprovidentialisme.wordpress.com\/?p=17420"},"modified":"2018-01-13T19:22:56","modified_gmt":"2018-01-13T18:22:56","slug":"mercredi-17-janvier-2018-147eme-anniversaire-de-lapparition-de-la-tres-sainte-vierge-marie-a-pontmain","status":"publish","type":"post","link":"https:\/\/charte-fontevrault-providentialisme.fr\/index.php\/2018\/01\/13\/mercredi-17-janvier-2018-147eme-anniversaire-de-lapparition-de-la-tres-sainte-vierge-marie-a-pontmain\/","title":{"rendered":"Mercredi 17 janvier 2018, 147\u00e8me anniversaire de l\u2019Apparition de la Tr\u00e8s Sainte Vierge Marie \u00e0 Pontmain\u2026"},"content":{"rendered":"<p><span style=\"color:#008000;\">Chers Amis et Pauvres P\u00e8lerins du Roi,<\/span><br \/>\n<span style=\"color:#008000;\">Dans quatre jours, le mercredi 17 janvier 2018 sera le <b><strong>147<sup>\u00e8me<\/sup> anniversaire de l\u2019Apparition<\/strong><\/b> de la Tr\u00e8s Sainte Vierge Marie \u00e0 Pontmain\u2026 Ce sera un anniversaire particuli\u00e8rement remarquable, autrement dit, digne d\u2019\u00eatre remarqu\u00e9 <i><em>(* )pour savoir pourquoi, lire l\u2019article\u00a0 ci-dessous<\/em><\/i>.<\/span><br \/>\n<span style=\"color:#008000;\">Ce sera en m\u00eame temps notre <b><strong>69<sup>\u00e8me<\/sup> Supplique \u00e0 Dieu pour le retour du Roi<\/strong><\/b>, sur <u>6 ann\u00e9es accomplies<\/u> de p\u00e8lerinage \u00e0 Pontmain, vital pour le salut de la France dans et par ce retour.<\/span><br \/>\n<span style=\"color:#008000;\">Comme vous le savez maintenant, le 17 janvier est toujours une journ\u00e9e de tr\u00e8s grande affluence \u00e0 Pontmain.<\/span><br \/>\n<span style=\"color:#008000;\">Nous n\u2019aurons pas ce jour-l\u00e0 \u00e0 notre disposition la Chapelle des Missions.<\/span><br \/>\n<span style=\"color:#008000;\">Voici donc le programme de la journ\u00e9e\u00a0pour les p\u00e8lerins de la Supplique\u00a0:<\/span><br \/>\n<span style=\"color:#008000;\"><b><strong>Le matin\u00a0: Les Messes <\/strong><\/b><\/span><br \/>\n<span style=\"color:#008000;\">. A 10h30 \u00e0 la basilique\u00a0:<em> Messe rite ordinaire,<\/em> pr\u00e9sid\u00e9e par le cardinal Barbarin, archev\u00eaque de Lyon.<\/span><br \/>\n<span style=\"color:#008000;\">. A 11h00 \u00e0 la Maison des voyants (mitoyenne \u00e0 la Grange)\u00a0: <em>Messe de rite Saint Pie V<\/em> de la Fraternit\u00e9 Sacerdotale Saint Pie X dite par M. l\u2019Abb\u00e9 Vincent Quilton.<\/span><br \/>\n<span style=\"color:#008000;\"><b><strong>Le repas de midi<\/strong><\/b><\/span><br \/>\n<span style=\"color:#008000;\">Il se fera, pour ceux qui le voudront, au Relais Le Bocage.<\/span><br \/>\n<span style=\"color:#008000;\">Vous devez retenir vous-m\u00eame votre repas <u>le plus vite possible<\/u> \u00e0 la r\u00e9ception du Relais Le Bocage (T\u00e9l. 02 43 30 26 00) sous la r\u00e9f\u00e9rence \u00ab\u00a0Chouandecoeur\u00a0\u00bb pour que nous soyons tous ensemble.<\/span><br \/>\n<span style=\"color:#008000;\">Le prix du repas est de <b><strong>21,00 \u20ac<\/strong><\/b> (soit 18\u20ac pour le repas lui-m\u00eame et 3 \u20ac pour la participation de la location de la salle Foug\u00e8res).<\/span><br \/>\n<span style=\"color:#008000;\"><b><strong>L\u2019apr\u00e8s-midi\u00a0: La Supplique \u00e0 Dieu pour le retour du Roi<\/strong><\/b><\/span><br \/>\n<span style=\"color:#008000;\">Notre Supplique commencera \u00e0 14h00 pile <b><strong><u>dans la grande Salle Foug\u00e8res au 1<sup>er<\/sup> \u00e9tage du Relais Le Bocage<\/u><\/strong><\/b>, dans la Maison des Oblats derri\u00e8re le ch\u0153ur de la Basilique.<\/span><br \/>\n<span style=\"color:#008000;\">Toutes les pri\u00e8res et chants de la Supplique se feront dans cette salle, <u>y compris la pri\u00e8re \u00e0 la Santissima Bambina<\/u>.<\/span><br \/>\n<span style=\"color:#008000;\">L\u2019Adoration au Saint-Sacrement se fera dans la Chapelle Saint Jean XXIII, au m\u00eame \u00e9tage et dans le m\u00eame couloir que la salle Foug\u00e8res.<\/span><br \/>\n<span style=\"color:#008000;\">Nous irons ensuite \u00e0 la statue de Jeanne d\u2019Arc et finiront devant la statue de Notre-Dame de Pontmain sur le parvis comme \u00e0 notre habitude.<\/span><br \/>\n<span style=\"color:#008000;\">Par piti\u00e9, venez nombreux pour notre pauvre France.<\/span><br \/>\n<span style=\"color:#ff6600;\">Chouandecoeur<\/span><\/p>\n<div class=\"page\" title=\"Page 1\">\n<div class=\"layoutArea\">\n<div class=\"column\">\n<strong><span style=\"color:#ff00ff;\">* 17 janvier 2018 : Les 147 ans des Apparitions de Pontmain Chers Amis et Pauvres Pe\u0300lerins du Roi,<\/span><\/strong><br \/>\n<span style=\"color:#ff00ff;\">Dans quatre jours, le mercredi 17 janvier 2018 sera le 147e\u0300me anniversaire de l\u2019Apparition de la Tre\u0300s Sainte Vierge Marie a\u0300 Pontmain&#8230; Ce sera un anniversaire particulie\u0300rement remarquable, autrement dit, digne d\u2019e\u0302tre remarque\u0301.<\/span><br \/>\n<span style=\"color:#ff00ff;\"> Ce sera en me\u0302me temps notre 69e\u0300me Supplique a\u0300 Dieu pour le retour du Roi, sur 6 anne\u0301es accomplies de pe\u0300lerinage a\u0300 Pontmain, vital pour le salut de la France dans et par ce retour.<\/span><br \/>\n<span style=\"color:#ff00ff;\">147 ans ? Pourtant ce n\u2019est pas un chiffre \u00ab rond \u00bb !<\/span><br \/>\n<span style=\"color:#ff00ff;\"> On comprend bien que 140 ans et, encore plus, 150 ans soient des anniversaires qui \u00ab marquent \u00bb. On finit une dizaine et une autre de\u0301bute ; on clo\u0302t un demi-sie\u0300cle et un autre est entame\u0301&#8230;<\/span><br \/>\n<span style=\"color:#ff00ff;\"> Mais 147 ans ???<\/span><br \/>\n<span style=\"color:#ff00ff;\"> Pourquoi pas 143 ou 145, ou tout autre anne\u0301e ?<\/span><br \/>\n<span style=\"color:#ff00ff;\">Parce que Dieu, n\u2019ayant pas les me\u0302mes pense\u0301es que les hommes, n\u2019a pas non plus la me\u0302me fac\u0327on de compter. Et pourtant, au Livre du Prophe\u0300te Daniel (Ancien Testament) et au Livre de l\u2019Apocalypse de Saint Jean (Nouveau Testament), Dieu nous re\u0301ve\u0300le comment Il compte les dates et les dure\u0301es importantes a\u0300 Ses yeux pour l\u2019Homme ; Il nous de\u0301finit, on peut le dire ainsi, un algorithme de calcul ge\u0301ne\u0301ral et universel, pre\u0301cis et concis, e\u0301conome de mots et de formules, permettant rapidement toutes les combinaisons.<\/span><br \/>\n<span style=\"color:#ff00ff;\">Je vous en avais de\u0301ja\u0300 parle\u0301 au sujet du phe\u0301nome\u0300ne astronomique du 23 septembre 2017 se produisant dans la constellation de la Vierge.<\/span><br \/>\n<span style=\"color:#ff00ff;\">Cet algorithme nous est donne\u0301 dans la Bible sous l\u2019expression : 1 temps, 2 temps et 1\u20442 temps.<\/span><br \/>\n<span style=\"color:#ff00ff;\"> Soit 3 temps et 1\u20442.<\/span><br \/>\n<span style=\"color:#ff00ff;\"> C\u2019est donc une base 7 (il y a 7 demi temps) ; c\u2019est donc \u00ab une semaine \u00bb ; c\u2019est donc bien un agenda ! Mais, direz-vous, Dieu aurait pu nous simplifier la vie en nous exprimant Son agenda par l\u2019expression, plus usuelle a\u0300 nos propres yeux : 2 temps, 4 temps et 1 temps&#8230; Le re\u0301sultat, aussi, est bien 7.<\/span><br \/>\n<span style=\"color:#ff00ff;\"> C\u2019est exact, mais ce mode de calcul n\u2019est pas ge\u0301ne\u0301ralise\u0301 car le domaine de son application ne concerne et ne porte que sur des nombres entiers.<\/span><br \/>\n<span style=\"color:#ff00ff;\"> Par l\u2019expression re\u0301ve\u0301le\u0301e dans les Ecritures, Dieu universalise l\u2019ope\u0301ration a\u0300 TOUS les nombres le plus simplement du monde en l\u2019appliquant a\u0300 :<\/span><br \/>\n<span style=\"color:#ff00ff;\"> . Une unite\u0301, ou \u00ab norme \u00bb, de\u0301finie en premier lieu (c\u2019est \u00ab normal \u00bb de proce\u0301der ainsi) : 1 temps,<\/span><br \/>\n<span style=\"color:#ff00ff;\"> . Un multiple : 2 temps,<\/span><br \/>\n<span style=\"color:#ff00ff;\"> . Un sous-multiple : 1\u20442 temps.<\/span><br \/>\n<span style=\"color:#ff00ff;\">Ceci e\u0301tant rappele\u0301, revenons aux 147 ans, anniversaire remarquable de l\u2019Apparition, et voyons de quoi il est constitue\u0301.<\/span><br \/>\n<span style=\"color:#ff00ff;\"> 147 est divisible par 7. Il re\u0301pond parfaitement l\u2019agenda divin.<\/span><br \/>\n<span style=\"color:#ff00ff;\"> 147 = 7 x 21 (7 fois un 1\u20442 temps, chacun e\u0301gal a\u0300 21 ans).<\/span><br \/>\n<span style=\"color:#ff00ff;\">Donc, re\u0301exprime\u0301 sous l\u2019algorithme divin, il s\u2019e\u0301crit : 147 = 42 + 84 + 21 (avec 42 ans pour norme unitaire).<\/span><br \/>\n<span style=\"color:#ff00ff;\">Mais cette norme unitaire est elle-me\u0302me divisible par 7. 42 = 7 x 6 (7 fois un 1\u20442 temps, chacun e\u0301gal a\u0300 6 ans).<\/span>\n<\/div>\n<\/div>\n<\/div>\n<div class=\"page\" title=\"Page 2\">\n<div class=\"layoutArea\">\n<div class=\"column\">\n<span style=\"color:#ff00ff;\">Re\u0301e\u0301crite sous le me\u0302me algorithme biblique, elle s\u2019e\u0301crit : 42 = 12 + 24 + 6 (avec 12 ans pour norme unitaire).<\/span><br \/>\n<span style=\"color:#ff00ff;\"> On ne peut pas aller plus loin puisque 12 n\u2019est pas divisible par 7.<\/span><br \/>\n<span style=\"color:#ff00ff;\">Ces deux ope\u0301rations termine\u0301es, elles nous re\u0301ve\u0300lent les informations suivantes qui n\u2019e\u0301taient pas imme\u0301diatement discernables :<\/span><br \/>\n<span style=\"color:#ff00ff;\">. 147 ans, c\u2019est, on l\u2019a vu, 7 x 21 ans (21 ans, de\u0301but de l\u2019a\u0302ge adulte). Oserais-je dire que 2018 sera pour Pontmain le de\u0301but de sa ple\u0301nitude ?<\/span><br \/>\n<span style=\"color:#ff00ff;\">. La norme fondamentale de 147 ans (sa base unitaire la plus petite), on vient de le voir, est 12 ans. C\u2019est le plus petit cycle parfait de base (les 360\u00b0 de l\u2019horloge) qui finit un temps et en commence un autre, et qui de\u0301finit un avant et un apre\u0300s (avant\/apre\u0300s midi, avant\/apre\u0300s minuit). Il repre\u0301sente la comple\u0301tude, ou l\u2019e\u0301tat de ce qui est complet, acheve\u0301, en un mot : parfait.<\/span><br \/>\n<span style=\"color:#ff00ff;\">. 147 ans est la dure\u0301e obtenue en appliquant coup-sur-coup les re\u0300gles de l\u2019agenda divin, d\u2019abord sur l\u2019unite\u0301 de base 12 ; puis ensuite sur l\u2019unite\u0301 de base 42, norme-re\u0301sultat de la premie\u0300re ope\u0301ration.<\/span><br \/>\n<span style=\"color:#ff00ff;\"> On peut donc utiliser ce nombre 12 comme \u00ab origine commune \u00bb des deux ope\u0301rations.<\/span><br \/>\n<span style=\"color:#ff00ff;\">Ce dernier point est particulie\u0300rement important, car une interpre\u0301tation surprenante peut en e\u0302tre tire\u0301e :<\/span><br \/>\n<span style=\"color:#ff00ff;\"> Si l\u2019on affecte a\u0300 cette \u00ab origine commune \u00bb 12, l\u2019anne\u0301e 1871 de l\u2019Apparition, nous savons qu\u2019en ajoutant 147 ans nous tomberons sur l\u2019anne\u0301e 2018 (1871+147 = 2018).<\/span><br \/>\n<span style=\"color:#ff00ff;\">Mais en ajoutant les 42 ans du calcul interme\u0301diaire, sur quelle anne\u0301e tombons-nous ? Sur 1913, veille de la 1e\u0300re Guerre Mondiale !<\/span><br \/>\n<span style=\"color:#ff00ff;\">Questions :<\/span><br \/>\n<span style=\"color:#ff00ff;\"> . Sommes-nous en 2018 a\u0300 la veille d\u2019une guerre civile et\/ou exte\u0301rieure ?<\/span><br \/>\n<span style=\"color:#ff00ff;\"> . Ne vous semble-t-il pas que nos e\u0301ve\u0302ques aient rec\u0327u des lumie\u0300res fort approprie\u0301es du Saint-Esprit, Epoux Divin de la Tre\u0300s Sainte Vierge Marie Notre-Dame de Pontmain, Madone de la France en pe\u0301ril, pour s\u2019en inquie\u0301ter et choisir son sanctuaire pour effectuer, de\u0300s le 2 janvier 2018, le premier des pe\u0300lerinages pour la France et pour la Paix, pre\u0301vus pendant cette nouvelle anne\u0301e ?<\/span><br \/>\n<span style=\"color:#ff00ff;\">Cette manifestation a\u0300 Pontmain des e\u0301ve\u0302ques de France est prophe\u0301tique ! Alors, il n\u2019y a pas a\u0300 he\u0301siter plus longtemps. Qu\u2019attendez-vous ?<\/span><br \/>\n<span style=\"color:#ff00ff;\">Venez EN FOULE a\u0300 Pontmain ce 17 janvier 2018 pour le salut de la France par le retour de son Roi ! Marie vous y attend impatiemment&#8230;<\/span><br \/>\n<span style=\"color:#ff00ff;\"> De gra\u0302ce, laissez tomber tout autre chose qui vous parai\u0302tront futiles dans quelques temps ; donnez- vous le mot et amenez vos familles et amis&#8230; Le temps presse et il se fait maintenant tre\u0300s tre\u0300s court.<\/span><br \/>\n<span style=\"color:#ff00ff;\">\u00ab MAIS PRIEZ MES ENFANTS DIEU VOUS EXAUCERA EN PEU DE TEMPS\uf098 MON FILS SE LAISSE TOUCHER \u00bb<\/span><br \/>\n<span style=\"color:#ff6600;\">Chouandecoeur<\/span>\n<\/div>\n<p><span style=\"color:#ff00ff;\">Voir\u00a0 aussi<\/span> <span style=\"color:#3366ff;\">https:\/\/chartedefontevraultprovidentialisme.wordpress.com\/2018\/01\/14\/pontmain-17-janvier-2018-louis-chiren-et-chouan-de-coeur-a-lunisson\/<\/span>\n<\/div>\n<\/div>\n<p>&nbsp;<\/p>\n","protected":false},"excerpt":{"rendered":"<p>Chers Amis et Pauvres P\u00e8lerins du Roi, Dans quatre jours, le mercredi 17 janvier 2018 sera le 147\u00e8me anniversaire de l\u2019Apparition de la Tr\u00e8s Sainte Vierge Marie \u00e0 Pontmain\u2026 Ce&#8230; <a href=\"https:\/\/charte-fontevrault-providentialisme.fr\/index.php\/2018\/01\/13\/mercredi-17-janvier-2018-147eme-anniversaire-de-lapparition-de-la-tres-sainte-vierge-marie-a-pontmain\/\">Cliquez pour lire davantage &raquo;<\/a><\/p>\n","protected":false},"author":5,"featured_media":0,"comment_status":"open","ping_status":"open","sticky":false,"template":"","format":"standard","meta":{"footnotes":""},"categories":[7,12],"tags":[1381,494,979,1469,2209,3149,4210,15289],"class_list":["post-17420","post","type-post","status-publish","format-standard","hentry","category-blogs-et-sites-catholiques","category-blogs-et-sites-providentialistes","tag-a-pontmain-supplique-a-dieu-pour-le-retour-du-roi","tag-abbe-vincent-quilton","tag-apparition-mariale-de-pontmain","tag-basilique-notre-dame-de-pontmain","tag-cardinal-barbarin","tag-chouan-de-coeur","tag-commune-de-pontmain-53220","tag-maison-des-voyants-pontmain"],"_links":{"self":[{"href":"https:\/\/charte-fontevrault-providentialisme.fr\/index.php\/wp-json\/wp\/v2\/posts\/17420","targetHints":{"allow":["GET"]}}],"collection":[{"href":"https:\/\/charte-fontevrault-providentialisme.fr\/index.php\/wp-json\/wp\/v2\/posts"}],"about":[{"href":"https:\/\/charte-fontevrault-providentialisme.fr\/index.php\/wp-json\/wp\/v2\/types\/post"}],"author":[{"embeddable":true,"href":"https:\/\/charte-fontevrault-providentialisme.fr\/index.php\/wp-json\/wp\/v2\/users\/5"}],"replies":[{"embeddable":true,"href":"https:\/\/charte-fontevrault-providentialisme.fr\/index.php\/wp-json\/wp\/v2\/comments?post=17420"}],"version-history":[{"count":0,"href":"https:\/\/charte-fontevrault-providentialisme.fr\/index.php\/wp-json\/wp\/v2\/posts\/17420\/revisions"}],"wp:attachment":[{"href":"https:\/\/charte-fontevrault-providentialisme.fr\/index.php\/wp-json\/wp\/v2\/media?parent=17420"}],"wp:term":[{"taxonomy":"category","embeddable":true,"href":"https:\/\/charte-fontevrault-providentialisme.fr\/index.php\/wp-json\/wp\/v2\/categories?post=17420"},{"taxonomy":"post_tag","embeddable":true,"href":"https:\/\/charte-fontevrault-providentialisme.fr\/index.php\/wp-json\/wp\/v2\/tags?post=17420"}],"curies":[{"name":"wp","href":"https:\/\/api.w.org\/{rel}","templated":true}]}}