{"id":19434,"date":"2018-06-22T21:00:46","date_gmt":"2018-06-22T19:00:46","guid":{"rendered":"https:\/\/chartedefontevraultprovidentialisme.wordpress.com\/?p=19434"},"modified":"2018-06-22T21:00:46","modified_gmt":"2018-06-22T19:00:46","slug":"22-juin-1791-le-roi-louis-xvi-en-fuite-vers-montmedy-55600-est-arrete-a-varennes-55270","status":"publish","type":"post","link":"https:\/\/charte-fontevrault-providentialisme.fr\/index.php\/2018\/06\/22\/22-juin-1791-le-roi-louis-xvi-en-fuite-vers-montmedy-55600-est-arrete-a-varennes-55270\/","title":{"rendered":"22 juin 1791. Le roi Louis XVI en fuite vers Montm\u00e9dy (55600) est arr\u00eat\u00e9 \u00e0 Varennes (55270)."},"content":{"rendered":"<p><em><span style=\"color:#008000;\">Le Journal du Dimanche, dans son \u00e9dition du 15 juillet 2012, cite l\u2019historienne Mona Ozouf. \u00ab Sans Varennes, Louis XVI aurait sauv\u00e9 sa t\u00eate\u2026 \u00bb <\/span><\/em><\/p>\n<p><span style=\"color:#008000;\"><em>Le JDD nous indique aussi dans la m\u00eame \u00e9dition que le destin de la famille royale s\u2019est jou\u00e9 dans trois caf\u00e9s (<span style=\"color:#800080;\">H\u00f4tel<\/span>\u00a0<span style=\"color:#800080;\">Le Soleil d\u2019Or<\/span> \u00e0 <span style=\"color:#800080;\">Sainte-Menehould<\/span> (51800<\/em>)<\/span><\/p>\n<p><span style=\"color:#008000;\">\u00a0<\/span><span style=\"color:#008000;\"><span style=\"color:#800080;\">NDLRB .<\/span>\u00a0 Etrangement ce fut ce m\u00eame\u00a0 soleil d&#8217;or que l&#8217;on retrouve entre autres,\u00a0 sur la pi\u00e8ce de monnaie louis Quatorzi\u00e8me\u00a0 datant de cette \u00e9poque\u00a0 en lieu et place du Sacr\u00e9 Coeur et ce\u00a0 contrairement\u00a0 \u00e0 la demande Sacr\u00e9-Coeur\u00a0 dont Marguerite-Marie ( Ste) f\u00fbt la vaine messag\u00e8re.\u00a0 <span style=\"color:#0000ff;\">https:\/\/chartedefontevraultprovidentialisme.wordpress.com\/2018\/06\/17\/un-siecle-jour-pour-jour-apres-la-demande-du-sacre-coeur-confiee-a-marguerite-marie-lancien-regime-seffondrait-et-il-y-en-a-qui-croient-que-cest-une-coincidence\/<\/span><\/span><\/p>\n<div id=\"attachment_19435\" style=\"width: 655px\" class=\"wp-caption aligncenter\"><a href=\"https:\/\/charte-fontevrault-providentialisme.fr\/wp-content\/uploads\/2018\/06\/bry_382066.jpg\"><img loading=\"lazy\" decoding=\"async\" aria-describedby=\"caption-attachment-19435\" class=\"wp-image-19435\" src=\"https:\/\/charte-fontevrault-providentialisme.fr\/wp-content\/uploads\/2018\/06\/bry_382066.jpg?w=300\" alt=\"\" width=\"645\" height=\"318\" srcset=\"https:\/\/charte-fontevrault-providentialisme.fr\/wp-content\/uploads\/2018\/06\/bry_382066.jpg 1200w, https:\/\/charte-fontevrault-providentialisme.fr\/wp-content\/uploads\/2018\/06\/bry_382066-300x148.jpg 300w, https:\/\/charte-fontevrault-providentialisme.fr\/wp-content\/uploads\/2018\/06\/bry_382066-1024x506.jpg 1024w, https:\/\/charte-fontevrault-providentialisme.fr\/wp-content\/uploads\/2018\/06\/bry_382066-768x380.jpg 768w, https:\/\/charte-fontevrault-providentialisme.fr\/wp-content\/uploads\/2018\/06\/bry_382066-624x308.jpg 624w\" sizes=\"auto, (max-width: 645px) 100vw, 645px\" \/><\/a><p id=\"caption-attachment-19435\" class=\"wp-caption-text\">https:\/\/www.cgb.fr\/louis-xiv-le-grand-ou-le-roi-soleil-demi-louis-dor-au-soleil-1709-paris-sup-spl,bry_382066,a.html\u00a0 \u00a0 \u00a0 \u00a0 \u00a0 \u00a0 \u00a0 \u00a0 \u00a0 \u00a0 \u00a0 \u00a0 \u00a0 \u00a0 \u00a0 \u00a0 \u00a0 \u00a0 \u00a0 \u00a0 \u00a0 \u00a0 \u00a0 \u00a0 \u00a0 \u00a0 \u00a0 \u00a0 \u00a0 \u00a0 \u00a0 \u00a0 \u00a0 \u00a0 \u00a0 \u00a0 \u00a0 \u00a0 \u00a0 \u00a0 \u00a0 \u00a0 \u00a0 \u00a0 \u00a0 \u00a0 \u00a0 \u00a0 \u00a0 \u00a0 \u00a0 \u00a0 \u00a0 \u00a0 \u00a0 \u00a0 \u00a0 \u00a0 \u00a0 \u00a0 \u00a0 \u00a0<span style=\"font-size:16px;background-color:#ffffff;color:#444444;\">Commentaires sur l&#8217;\u00e9tat de conservation\u00a0:<br \/>Ce demi-louis est frapp\u00e9 sur un flan large et r\u00e9gulier. Le buste du roi est remarquablement bien venu \u00e0 la frappe.\u00a0 \u00a0 \u00a0 \u00a0 \u00a0 \u00a0 \u00a0 \u00a0 \u00a0 \u00a0 \u00a0 \u00a0 \u00a0 \u00a0 \u00a0 \u00a0 \u00a0 \u00a0 \u00a0 \u00a0 \u00a0 \u00a0 \u00a0 \u00a0 \u00a0 \u00a0 \u00a0 \u00a0 \u00a0 \u00a0 \u00a0 \u00a0 \u00a0 \u00a0 \u00a0 \u00a0 \u00a0 \u00a0 \u00a0 \u00a0 \u00a0 \u00a0 \u00a0 \u00a0 \u00a0<span style=\"color:#800080;\"><em>Revers concave avec le soleil central pr\u00e9sentant une petite faiblesse de frappe<br \/>Titulature revers : <span class=\"strong\">.CHRS. &#8211; .REGN. &#8211; .VINC. &#8211; .IMP (MG)..<\/span><br \/>Description revers : <span class=\"strong\">Croix form\u00e9e de quatre groupes couronn\u00e9s de deux L adoss\u00e9es, cantonn\u00e9s de quatre lis avec un soleil rayonnant en c\u0153ur.<\/span><br \/>Traduction revers : <span class=\"strong\">(Le Christ r\u00e8gne, vainc et commande).<\/span><\/em><\/span><\/span><\/p><\/div>\n<p><span style=\"color:#008000;\"><span style=\"color:#800080;\">le <em>Bras d\u2019Or<\/em><\/span> et<em> le <span style=\"color:#800080;\">Grand Monarque<\/span><\/em> \u00e0 <span style=\"color:#800080;\"><em>Varennes<\/em>-sur-Argonne<\/span> 55270). La nuit de l\u2019arrestation, l<em>\u2019h\u00f4tel du Grand Monarque h\u00e9bergeait un relais de poste temporaire et deux \u00e9missaires du marquis Fran\u00e7ois-Claude\u00a0 de Bouill\u00e9 (1739-1800) , un de ses fils, et le comte Charles\u00a0 de Raigecourt, (n\u00e9 en 1766)\u00a0 capitaine du Royal Allemand. <\/em><\/span><\/p>\n<p><span style=\"color:#008000;\">Mais la famille royale ne vint jamais jusque-l\u00e0, stopp\u00e9e dans sa fuite \u00e0 200 m \u00e0 peine, de l\u2019autre c\u00f4t\u00e9 du pont sur l\u2019Aire, dans la c\u00f4te de la Basse-Cour, pr\u00e8s du Bras d\u2019Or. Un pont trop loin, en somme\u2026<\/span><\/p>\n<p><span style=\"color:#008000;\">Puis l\u2019h\u00f4tel reprit sa petite vie tranquille jusqu\u2019\u00e0 l\u2019ann\u00e9e 1914<\/span>.<\/p>\n<p><span style=\"color:#0000ff;\">https:\/\/www.estrepublicain.fr\/edition-de-verdun\/2017\/09\/04\/le-grand-monarque-un-lieu-d-histoir<\/span>e<\/p>\n<p><span style=\"color:#ff0000;\">\u00a0 \u00a0 Encore un mot avant\u00a0 de\u00a0 vous\u00a0 quitter et\u00a0 de\u00a0 vous retrouver dans un article \u00e0 para\u00eetre , car , entre nous soit dit, ce &#8220;soleil&#8221; ressemble quand m\u00eame\u00a0 beaucoup \u00e0 un &#8230; coeur .<\/span><\/p>\n<p><span style=\"color:#ff6600;\">Alain TEXIER<\/span><\/p>\n","protected":false},"excerpt":{"rendered":"<p>Le Journal du Dimanche, dans son \u00e9dition du 15 juillet 2012, cite l\u2019historienne Mona Ozouf. \u00ab Sans Varennes, Louis XVI aurait sauv\u00e9 sa t\u00eate\u2026 \u00bb Le JDD nous indique aussi&#8230; <a href=\"https:\/\/charte-fontevrault-providentialisme.fr\/index.php\/2018\/06\/22\/22-juin-1791-le-roi-louis-xvi-en-fuite-vers-montmedy-55600-est-arrete-a-varennes-55270\/\">Cliquez pour lire davantage &raquo;<\/a><\/p>\n","protected":false},"author":5,"featured_media":0,"comment_status":"open","ping_status":"open","sticky":false,"template":"","format":"standard","meta":{"footnotes":""},"categories":[12],"tags":[640,4106,4340,4423,4534,5392,8817,8824,8827,10918,11012,14772,14783,15785,16711,17043,23254,25131],"class_list":["post-19434","post","type-post","status-publish","format-standard","hentry","category-blogs-et-sites-providentialistes","tag-aire-riviere","tag-commune-de-montmedy-55600","tag-commune-de-sainte-menehould-51800","tag-commune-de-varennes-sur-argonne-55270","tag-comte-charles-de-raigecourt","tag-demi-louis-louis-xiv","tag-hotel-du-grand-monarque-varennes-sur-argonne","tag-hotel-le-bras-dor-varennes-sur-allier","tag-hotel-le-soleil-dor-sainte-menehould","tag-https-www-cgb-fr","tag-https-www-estrepublicain-fr","tag-louis-xiv-de-france","tag-louis-xvi-de-france","tag-marquis-francois-claude-de-bouille","tag-mona-ozouf","tag-n-s-jesus-christ","tag-roi-soleil","tag-sainte-marguerite-marie"],"_links":{"self":[{"href":"https:\/\/charte-fontevrault-providentialisme.fr\/index.php\/wp-json\/wp\/v2\/posts\/19434","targetHints":{"allow":["GET"]}}],"collection":[{"href":"https:\/\/charte-fontevrault-providentialisme.fr\/index.php\/wp-json\/wp\/v2\/posts"}],"about":[{"href":"https:\/\/charte-fontevrault-providentialisme.fr\/index.php\/wp-json\/wp\/v2\/types\/post"}],"author":[{"embeddable":true,"href":"https:\/\/charte-fontevrault-providentialisme.fr\/index.php\/wp-json\/wp\/v2\/users\/5"}],"replies":[{"embeddable":true,"href":"https:\/\/charte-fontevrault-providentialisme.fr\/index.php\/wp-json\/wp\/v2\/comments?post=19434"}],"version-history":[{"count":0,"href":"https:\/\/charte-fontevrault-providentialisme.fr\/index.php\/wp-json\/wp\/v2\/posts\/19434\/revisions"}],"wp:attachment":[{"href":"https:\/\/charte-fontevrault-providentialisme.fr\/index.php\/wp-json\/wp\/v2\/media?parent=19434"}],"wp:term":[{"taxonomy":"category","embeddable":true,"href":"https:\/\/charte-fontevrault-providentialisme.fr\/index.php\/wp-json\/wp\/v2\/categories?post=19434"},{"taxonomy":"post_tag","embeddable":true,"href":"https:\/\/charte-fontevrault-providentialisme.fr\/index.php\/wp-json\/wp\/v2\/tags?post=19434"}],"curies":[{"name":"wp","href":"https:\/\/api.w.org\/{rel}","templated":true}]}}