{"id":20312,"date":"2018-09-11T09:00:28","date_gmt":"2018-09-11T07:00:28","guid":{"rendered":"https:\/\/chartedefontevraultprovidentialisme.wordpress.com\/?p=20312"},"modified":"2018-09-11T09:00:28","modified_gmt":"2018-09-11T07:00:28","slug":"2-octobre-2018-le-prince-sixte-henri-de-bourbon-parme-sera-a-la-journee-damitie-et-daction-francaise","status":"publish","type":"post","link":"https:\/\/charte-fontevrault-providentialisme.fr\/index.php\/2018\/09\/11\/2-octobre-2018-le-prince-sixte-henri-de-bourbon-parme-sera-a-la-journee-damitie-et-daction-francaise\/","title":{"rendered":"2 octobre 2018. Le prince Sixte-Henri de Bourbon-Parme sera \u00e0 la journ\u00e9e d&#8217;Amiti\u00e9 et d&#8217;Action fran\u00e7aise"},"content":{"rendered":"<p><img loading=\"lazy\" decoding=\"async\" class=\"alignnone size-full wp-image-20311\" src=\"https:\/\/chartedefontevraultprovidentialisme.files.wordpress.com\/2018\/09\/41099650_355559478318367_873132482948497408_n.jpg\" alt=\"41099650_355559478318367_873132482948497408_n\" width=\"636\" height=\"937\" srcset=\"https:\/\/charte-fontevrault-providentialisme.fr\/wp-content\/uploads\/2018\/09\/41099650_355559478318367_873132482948497408_n.jpg 636w, https:\/\/charte-fontevrault-providentialisme.fr\/wp-content\/uploads\/2018\/09\/41099650_355559478318367_873132482948497408_n-204x300.jpg 204w, https:\/\/charte-fontevrault-providentialisme.fr\/wp-content\/uploads\/2018\/09\/41099650_355559478318367_873132482948497408_n-624x919.jpg 624w\" sizes=\"auto, (max-width: 636px) 100vw, 636px\" \/><\/p>\n","protected":false},"excerpt":{"rendered":"","protected":false},"author":5,"featured_media":0,"comment_status":"open","ping_status":"open","sticky":false,"template":"","format":"image","meta":{"footnotes":""},"categories":[3],"tags":[2266,3689,12039,12909,20628,27085],"class_list":["post-20312","post","type-post","status-publish","format-image","hentry","category-action-orleaniste","tag-carl-lang","tag-commune-davignon-84000","tag-jacques-bompard","tag-journee-damitie-et-daction-francaise","tag-prince-sixte-henri-de-bourbon-parme","tag-stephanie-bignon","post_format-post-format-image"],"_links":{"self":[{"href":"https:\/\/charte-fontevrault-providentialisme.fr\/index.php\/wp-json\/wp\/v2\/posts\/20312","targetHints":{"allow":["GET"]}}],"collection":[{"href":"https:\/\/charte-fontevrault-providentialisme.fr\/index.php\/wp-json\/wp\/v2\/posts"}],"about":[{"href":"https:\/\/charte-fontevrault-providentialisme.fr\/index.php\/wp-json\/wp\/v2\/types\/post"}],"author":[{"embeddable":true,"href":"https:\/\/charte-fontevrault-providentialisme.fr\/index.php\/wp-json\/wp\/v2\/users\/5"}],"replies":[{"embeddable":true,"href":"https:\/\/charte-fontevrault-providentialisme.fr\/index.php\/wp-json\/wp\/v2\/comments?post=20312"}],"version-history":[{"count":0,"href":"https:\/\/charte-fontevrault-providentialisme.fr\/index.php\/wp-json\/wp\/v2\/posts\/20312\/revisions"}],"wp:attachment":[{"href":"https:\/\/charte-fontevrault-providentialisme.fr\/index.php\/wp-json\/wp\/v2\/media?parent=20312"}],"wp:term":[{"taxonomy":"category","embeddable":true,"href":"https:\/\/charte-fontevrault-providentialisme.fr\/index.php\/wp-json\/wp\/v2\/categories?post=20312"},{"taxonomy":"post_tag","embeddable":true,"href":"https:\/\/charte-fontevrault-providentialisme.fr\/index.php\/wp-json\/wp\/v2\/tags?post=20312"}],"curies":[{"name":"wp","href":"https:\/\/api.w.org\/{rel}","templated":true}]}}