{"id":20378,"date":"2018-09-15T21:47:30","date_gmt":"2018-09-15T19:47:30","guid":{"rendered":"https:\/\/chartedefontevraultprovidentialisme.wordpress.com\/?p=20378"},"modified":"2018-09-15T21:47:30","modified_gmt":"2018-09-15T19:47:30","slug":"la-republique-selon-le-president-macron-et-christophe-castaner-liberte-egalite-stupidite","status":"publish","type":"post","link":"https:\/\/charte-fontevrault-providentialisme.fr\/index.php\/2018\/09\/15\/la-republique-selon-le-president-macron-et-christophe-castaner-liberte-egalite-stupidite\/","title":{"rendered":"La r\u00e9publique selon le pr\u00e9sident Macron et Christophe Castaner ; Libert\u00e9, Egalit\u00e9, Stupidit\u00e9."},"content":{"rendered":"<h4 class=\"headline__title\"><span style=\"color:#ff00ff;\"><a href=\"https:\/\/chartedefontevraultprovidentialisme.files.wordpress.com\/2018\/09\/download.jpg\"><img loading=\"lazy\" decoding=\"async\" class=\"size-full wp-image-20390 alignleft\" src=\"https:\/\/chartedefontevraultprovidentialisme.files.wordpress.com\/2018\/09\/download.jpg\" alt=\"\" width=\"225\" height=\"225\" srcset=\"https:\/\/charte-fontevrault-providentialisme.fr\/wp-content\/uploads\/2018\/09\/download.jpg 225w, https:\/\/charte-fontevrault-providentialisme.fr\/wp-content\/uploads\/2018\/09\/download-150x150.jpg 150w, https:\/\/charte-fontevrault-providentialisme.fr\/wp-content\/uploads\/2018\/09\/download-180x180.jpg 180w, https:\/\/charte-fontevrault-providentialisme.fr\/wp-content\/uploads\/2018\/09\/download-60x60.jpg 60w\" sizes=\"auto, (max-width: 225px) 100vw, 225px\" \/><\/a>Affaire Benalla: Castaner reproche au S\u00e9nat de vouloir &#8220;<em>s\u2019arroger un pouvoir de destitution du pr\u00e9sident de la R\u00e9publiqu<\/em>e&#8221;.<\/span><\/h4>\n<p><span style=\"color:#0000ff;\">http:\/\/www.atlantico.fr\/pepites\/benalla-castaner-accuse-senat-vouloir-obtenir-destitution-macron-3505412.htm<\/span>l<\/p>\n<p><span style=\"color:#008000;\">\u00a0 A voir l&#8217;ampleur\u00a0 que prend l&#8217;affaire Benalla, l&#8217;on vient\u00a0 \u00e0 se demander\u00a0 quels\u00a0 sont les liens exacts qui existent entre le Pdt Macron et Alexandre\u00a0 (?) Benalla ?\u00a0<\/span><\/p>\n<p><span style=\"color:#008000;\">\u00a0 \u00a0 On se souvient\u00a0 de la sortie surr\u00e9aliste et\u00a0 digne d&#8217;un\u00a0 enfant\u00a0 de\u00a0 cours\u00a0 compl\u00e9mentaire du pr\u00e9sident\u00a0 Macron &#8221; <em>Qu&#8217;ils\u00a0 viennent me\u00a0 cherche<\/em>r&#8221;<\/span>.\u00a0 \u00a0\u00a0<span style=\"color:#0000ff;\">https:\/\/www.dailymotion.com\/video\/x6q4593<\/span><\/p>\n<p><span style=\"color:#008000;\">\u00a0 Et maintenant\u00a0 c&#8217;est \u00e0 Christophe Castaner D\u00e9l\u00e9gu\u00e9 g\u00e9n\u00e9ral de la R\u00e9publique en marche de se prendre les pieds dans le tapis en accusant le S\u00e9nat\u00a0 de\u00a0vouloir &#8220;<em>s\u2019arroger un pouvoir de destitution du pr\u00e9sident de la R\u00e9publique<\/em>&#8220;<\/span> <a href=\"https:\/\/www.huffingtonpost.fr\/2018\/09\/14\/affaire-benalla-castaner-reproche-au-senat-de-vouloir-s-arroger-un-pouvoir-de-destitution-du-president-de-la-republique_a_23526984\/\"><span style=\"color:#0000ff;\">https:\/\/www.huffingtonpost.fr\/2018\/09\/14\/affaire-benalla-castaner-reproche-au-senat-de-vouloir-s-arroger-un-pouvoir-de-destitution-du-president-de-la-republique_a_23526984\/<\/span><\/a><\/p>\n<p><span style=\"color:#008000;\">Quel mouche a piqu\u00e9 cet homme\u00a0 de 58 ans , dont on pouvait penser\u00a0 jusque l\u00e0 qu&#8217;il n&#8217;\u00e9tait pas indigne des importantes\u00a0 fonctions\u00a0 qu&#8217;il avait exerc\u00e9,\u00a0 \u00a0<span style=\"color:#0000ff;\">\u00a0<\/span><\/span><span style=\"color:#0000ff;\">https:\/\/fr.wikipedia.org\/wiki\/Christophe_Castaner\u00a0\u00a0<\/span><span style=\"color:#008000;\">pour commettre cette\u00a0 bourde\u00a0 qu&#8217;on n&#8217;aurait pas excus\u00e9 dela part\u00a0 d&#8217;un \u00e9tudianr\u00a0 du premier cycle des \u00e9tudes juridiques.<\/span><\/p>\n<ul>\n<li><span style=\"color:#008000;\">Qu&#8217;est\u00a0 que l&#8217;Elys\u00e9e a\u00a0 \u00e0 cacher?<\/span><\/li>\n<li><span style=\"color:#008000;\">De quelle capacit\u00e9 de nuire dispose exactement le prot\u00e9g\u00e9 du chef de l&#8217;Etat ?<\/span><\/li>\n<li><span style=\"color:#008000;\">Pourquoi prot\u00e9ger encore Alexandre\u00a0<span class=\"highlight\">Benalla qui\u00a0<\/span>\u00a0a<\/span><em><span style=\"color:#008000;\">nnonce finalement, mardi soir, qu&#8217;il est &#8220;contraint&#8221; de se rendre devant la commission d&#8217;enqu\u00eate du S\u00e9nat pour \u00e9viter des &#8220;poursuites judiciaires&#8221;, dans un communiqu\u00e9 transmis \u00e0 l&#8217;AFP. Dans la foul\u00e9e, r\u00e9pondant \u00e0 <a style=\"color:#008000;\" href=\"https:\/\/www.franceinter.fr\/justice\/benalla-on-m-explique-qu-on-va-m-envoyer-des-gendarmes-et-des-policiers-je-vais-venir-a-la-convocation\" target=\"_self\" rel=\"noopener\">France-Inter<\/a>, qui reproduit ses propos, Alexandre Benalla s&#8217;en prend \u00e0 la <span style=\"color:#ff00ff;\">commission d&#8217;enqu\u00eate, qui &#8220;bafoue notre d\u00e9mocratie<\/span>&#8220;, et \u00e0 <span style=\"color:#ff00ff;\">son pr\u00e9siden<\/span><\/span><span style=\"color:#ff00ff;\">t, Philippe\u00a0 Bas&#8221; ce petit marquis&#8221;.\u00a0\u00a0<\/span><\/em><\/li>\n<li><span style=\"color:#008080;\"><span style=\"color:#008000;\">Enfin the last , but not the least pourquoi cette surr\u00e9aliste r\u00e9f\u00e9rence\u00a0 \u00e0\u00a0 l&#8217;article 68 de la Constitution qui pr\u00e9voit en effet la destitution du chef de l&#8217;Etat? As t&#8217;on jamais\u00a0 vu en effet un condamn\u00e9 devancer l&#8217;appel du bourreau?<\/span>\u00a0 \u00a0 \u00a0 \u00a0 \u00a0 \u00a0 \u00a0 \u00a0 \u00a0 \u00a0 \u00a0 \u00a0 \u00a0 \u00a0 \u00a0 \u00a0 \u00a0 \u00a0 \u00a0 \u00a0 \u00a0 \u00a0 \u00a0 \u00a0 \u00a0 \u00a0 \u00a0 \u00a0 \u00a0 \u00a0 \u00a0 \u00a0 \u00a0 \u00a0 \u00a0 \u00a0 \u00a0 \u00a0\u00a0<\/span><br \/>\n<h6><span style=\"color:#008000;\">Le Pr\u00e9sident de la R\u00e9publique ne peut \u00eatre destitu\u00e9 qu&#8217;en cas de manquement \u00e0 ses devoirs manifestement incompatible avec l&#8217;exercice de son mandat. La destitution est prononc\u00e9e par le Parlement constitu\u00e9 en Haute Cour.<\/span><\/h6>\n<h6><span style=\"color:#008000;\">La proposition de r\u00e9union de la Haute Cour adopt\u00e9e par une des assembl\u00e9es du Parlement est aussit\u00f4t transmise \u00e0 l&#8217;autre qui se prononce dans les quinze jours.<\/span><\/h6>\n<h6><span style=\"color:#008000;\">La Haute Cour est pr\u00e9sid\u00e9e par le pr\u00e9sident de l&#8217;Assembl\u00e9e nationale. Elle statue dans un d\u00e9lai d&#8217;un mois, \u00e0 bulletins secrets, sur la destitution. Sa d\u00e9cision est d&#8217;effet imm\u00e9diat.<\/span><\/h6>\n<h6><span style=\"color:#008000;\">Les d\u00e9cisions prises en application du pr\u00e9sent article le sont \u00e0 la majorit\u00e9 des deux tiers des membres composant l&#8217;assembl\u00e9e concern\u00e9e ou la Haute Cour. Toute d\u00e9l\u00e9gation de vote est interdite. Seuls sont recens\u00e9s les votes favorables \u00e0 la proposition de r\u00e9union de la Haute Cour ou \u00e0 la destitution.<\/span><\/h6>\n<p><span style=\"color:#ff6600;\">Pour\u00a0 \u00e9viter\u00a0 tout\u00a0 cela qu&#8217;aurait-il fallu faire ? oh ma Foi, tr\u00e9s peu de chose . Prendre un communiqu\u00e9 officiel d\u00e9s le d\u00e9but de l&#8217;affaire indiquant\u00a0 CLAIREMENT quelles \u00e9taient les fonctions de M. Benalla \u00e0 l&#8217;Elys\u00e9e et \u00e0 partir de\u00a0 quand\u00a0 il avait\u00a0 \u00e9t\u00e9 d\u00e9cid\u00e9 d&#8217;y mettre\u00a0 fin<\/span>.<\/p>\n<p><span style=\"color:#ff00ff;\"><span style=\"color:#008000;\">Au lieu de\u00a0 cela on a tergivers\u00e9 et envoy\u00e9 au casse-pipe des politiques (?) de plus en plus maladroits\u00a0 et\u00a0 de plus en plus outranciers<\/span> . <\/span><\/p>\n<p><span style=\"color:#ff00ff;\">La\u00a0 cons\u00e9quence est que\u00a0 dans un atelier\u00a0 de serrurerie qui ne prend la lumi\u00e8re du dehors que par un jour de souffrance, un ma\u00eetre et\u00a0 son compagnon \u00e9laborent des clefs permettant\u00a0 d&#8217;acc\u00e9der \u00e0 la Conciergerie<\/span>.<\/p>\n<p><span style=\"color:#ff6600;\">Alain TEXIER. Ma\u00eetre de Conf\u00e9rences (H) \u00e0 la Facult\u00e9 de Droit et des Sciences \u00e9conomiques de Limoges. Docteur en Droit . Dipl\u00f4m\u00e9 des Sciences politiques.<\/span><\/li>\n<\/ul>\n","protected":false},"excerpt":{"rendered":"<p>Affaire Benalla: Castaner reproche au S\u00e9nat de vouloir &#8220;s\u2019arroger un pouvoir de destitution du pr\u00e9sident de la R\u00e9publique&#8221;. http:\/\/www.atlantico.fr\/pepites\/benalla-castaner-accuse-senat-vouloir-obtenir-destitution-macron-3505412.html \u00a0 A voir l&#8217;ampleur\u00a0 que prend l&#8217;affaire Benalla, l&#8217;on vient\u00a0 \u00e0&#8230; <a href=\"https:\/\/charte-fontevrault-providentialisme.fr\/index.php\/2018\/09\/15\/la-republique-selon-le-president-macron-et-christophe-castaner-liberte-egalite-stupidite\/\">Cliquez pour lire davantage &raquo;<\/a><\/p>\n","protected":false},"author":5,"featured_media":0,"comment_status":"open","ping_status":"open","sticky":false,"template":"","format":"standard","meta":{"footnotes":""},"categories":[20,21],"tags":[710,1178,3242,4608,6882,8724,9744,339,10974,11113,25796,25803],"class_list":["post-20378","post","type-post","status-publish","format-standard","hentry","category-histoire-dune-vie-alain-texier","category-limites-de-la-republique","tag-alexandre-benalla","tag-article-68-constitution-de-1958","tag-christophe-castaner","tag-conciergerie-paris","tag-faculte-de-droit-et-des-sciences-economiques-de-limoges","tag-haute-cour-de-justice","tag-http-www-atlantico-fr","tag-https-fr-wikipedia-org","tag-https-www-dailymotion-com","tag-https-www-huffingtonpost-fr","tag-senat","tag-senat-de-la-v-eme-republique"],"_links":{"self":[{"href":"https:\/\/charte-fontevrault-providentialisme.fr\/index.php\/wp-json\/wp\/v2\/posts\/20378","targetHints":{"allow":["GET"]}}],"collection":[{"href":"https:\/\/charte-fontevrault-providentialisme.fr\/index.php\/wp-json\/wp\/v2\/posts"}],"about":[{"href":"https:\/\/charte-fontevrault-providentialisme.fr\/index.php\/wp-json\/wp\/v2\/types\/post"}],"author":[{"embeddable":true,"href":"https:\/\/charte-fontevrault-providentialisme.fr\/index.php\/wp-json\/wp\/v2\/users\/5"}],"replies":[{"embeddable":true,"href":"https:\/\/charte-fontevrault-providentialisme.fr\/index.php\/wp-json\/wp\/v2\/comments?post=20378"}],"version-history":[{"count":0,"href":"https:\/\/charte-fontevrault-providentialisme.fr\/index.php\/wp-json\/wp\/v2\/posts\/20378\/revisions"}],"wp:attachment":[{"href":"https:\/\/charte-fontevrault-providentialisme.fr\/index.php\/wp-json\/wp\/v2\/media?parent=20378"}],"wp:term":[{"taxonomy":"category","embeddable":true,"href":"https:\/\/charte-fontevrault-providentialisme.fr\/index.php\/wp-json\/wp\/v2\/categories?post=20378"},{"taxonomy":"post_tag","embeddable":true,"href":"https:\/\/charte-fontevrault-providentialisme.fr\/index.php\/wp-json\/wp\/v2\/tags?post=20378"}],"curies":[{"name":"wp","href":"https:\/\/api.w.org\/{rel}","templated":true}]}}