{"id":21262,"date":"2018-12-04T18:57:35","date_gmt":"2018-12-04T17:57:35","guid":{"rendered":"https:\/\/chartedefontevraultprovidentialisme.wordpress.com\/?p=21262"},"modified":"2018-12-04T18:57:35","modified_gmt":"2018-12-04T17:57:35","slug":"envoi-de-photos-du-chapitre-fontevriste-du-25-aout-1994-par-herve-volto-president-de-la-charte-de-fontevrault-1991-1994","status":"publish","type":"post","link":"https:\/\/charte-fontevrault-providentialisme.fr\/index.php\/2018\/12\/04\/envoi-de-photos-du-chapitre-fontevriste-du-25-aout-1994-par-herve-volto-president-de-la-charte-de-fontevrault-1991-1994\/","title":{"rendered":"Envoi de photos du Chapitre Fontevriste du 25 aout 1994  par Herv\u00e9 Volto, Pr\u00e9sident de la Charte de Fontevrault (1991-1994)"},"content":{"rendered":"<table class=\"mail-content-readonly-table\">\n<tbody>\n<tr>\n<td>\n<div id=\"message\" class=\"mail-content-read\">\n<p><span style=\"color:#008000;\">Cher Alain,<\/span><\/p>\n<p><span style=\"color:#008000;\">Les armoiries\u00a0 repr\u00e9sent\u00e9es dans les documents\u00a0 ci-dessous\u00a0 sont\u00a0 celles de la Commune de Fontevrault<\/span><\/p>\n<p><span style=\"color:#008000;\">La premi\u00e8re photo est celle des fameuses\u00a0 cuisines romanes de l&#8217;Abbaye royale. <\/span><\/p>\n<p><a href=\"http:\/\/jcraymond.free.fr\/Histoire\/Lieux\/F\/Fontevraud\/Cuisine\/Cuisine.php\">http:\/\/www.culture.gouv.fr\/Regions\/Drac-Pays-de-la-Loire\/Politique-et-actions\/Monuments-historiques2\/Quelques-chantiers-en-cours\/Cuisines-romanes-de-l-Abbaye-royale-de-Fontevraud\u00a0\u00a0\u00a0\u00a0 <\/a><\/p>\n<p><a href=\"http:\/\/jcraymond.free.fr\/Histoire\/Lieux\/F\/Fontevraud\/Cuisine\/Cuisine.php\">http:\/\/jcraymond.free.fr\/Histoire\/Lieux\/F\/Fontevraud\/Cuisine\/Cuisine.php<\/a><\/p>\n<p><span style=\"color:#008000;\">Ces photos ont \u00e9t\u00e9 prises dans le <strong>Chapitre Fontevriste du 25 aout 1994 <\/strong>tenue dans une pi\u00e8ce &#8211; le dortoir du Prieur\u00e9 Saint Lazare- qui transform\u00e9 en chambres dans le cadre du nouvel h\u00f4tel du prieur\u00e9 n&#8217;existe plus aujourd&#8217;hui en tant\u00a0 que tel<\/span>.<\/p>\n<p><span style=\"color:#008000;\">La Charte de Fontevrault fut cette ann\u00e9e l\u00e0 <em>consacr\u00e9e au Coeur Immacul\u00e9 de Marie <\/em>par notre ami le Dr Escoutte.\u00a0 On reconnait sur la premi\u00e8re photo : Alain TEXIER,\u00a0 Pr\u00e9sident Fondateur de la Charte de Fontevrault- Unit\u00e8\u00a0 Fid\u00e9lit\u00e9 Royale, Herv\u00e9 J. VOLTO, alors Pr\u00e9sident en charge de la Charte de Fontevrault, et Arnaud de Latrolli\u00e8re, Vice-Pr\u00e9sident de la Charte<\/span>.<\/p>\n<p><span style=\"color:#008000;\">Sur la seconde photo Yves-Marie Tourbin, Royaliste Providentialiste et barde de la Vierge Marie, lors d&#8217;un r\u00e9cital donn\u00e9 gracieusement en conclusion du Chapitre.<\/span><\/p>\n<\/div>\n<\/td>\n<\/tr>\n<\/tbody>\n<\/table>\n<p><img loading=\"lazy\" decoding=\"async\" class=\"aligncenter wp-image-21263 size-large\" src=\"https:\/\/charte-fontevrault-providentialisme.fr\/wp-content\/uploads\/2018\/12\/fontevrault-1994_0001.jpg?w=640\" alt=\"\" width=\"640\" height=\"905\" srcset=\"https:\/\/charte-fontevrault-providentialisme.fr\/wp-content\/uploads\/2018\/12\/fontevrault-1994_0001.jpg 1654w, https:\/\/charte-fontevrault-providentialisme.fr\/wp-content\/uploads\/2018\/12\/fontevrault-1994_0001-212x300.jpg 212w, https:\/\/charte-fontevrault-providentialisme.fr\/wp-content\/uploads\/2018\/12\/fontevrault-1994_0001-724x1024.jpg 724w, https:\/\/charte-fontevrault-providentialisme.fr\/wp-content\/uploads\/2018\/12\/fontevrault-1994_0001-768x1086.jpg 768w, https:\/\/charte-fontevrault-providentialisme.fr\/wp-content\/uploads\/2018\/12\/fontevrault-1994_0001-1087x1536.jpg 1087w, https:\/\/charte-fontevrault-providentialisme.fr\/wp-content\/uploads\/2018\/12\/fontevrault-1994_0001-1449x2048.jpg 1449w, https:\/\/charte-fontevrault-providentialisme.fr\/wp-content\/uploads\/2018\/12\/fontevrault-1994_0001-624x882.jpg 624w\" sizes=\"auto, (max-width: 640px) 100vw, 640px\" \/><\/p>\n<p><img loading=\"lazy\" decoding=\"async\" class=\"aligncenter wp-image-21264 size-large\" src=\"https:\/\/charte-fontevrault-providentialisme.fr\/wp-content\/uploads\/2018\/12\/fontevrault-1994_0002.jpg?w=640\" alt=\"\" width=\"640\" height=\"905\" srcset=\"https:\/\/charte-fontevrault-providentialisme.fr\/wp-content\/uploads\/2018\/12\/fontevrault-1994_0002.jpg 1654w, https:\/\/charte-fontevrault-providentialisme.fr\/wp-content\/uploads\/2018\/12\/fontevrault-1994_0002-212x300.jpg 212w, https:\/\/charte-fontevrault-providentialisme.fr\/wp-content\/uploads\/2018\/12\/fontevrault-1994_0002-724x1024.jpg 724w, https:\/\/charte-fontevrault-providentialisme.fr\/wp-content\/uploads\/2018\/12\/fontevrault-1994_0002-768x1086.jpg 768w, https:\/\/charte-fontevrault-providentialisme.fr\/wp-content\/uploads\/2018\/12\/fontevrault-1994_0002-1087x1536.jpg 1087w, https:\/\/charte-fontevrault-providentialisme.fr\/wp-content\/uploads\/2018\/12\/fontevrault-1994_0002-1449x2048.jpg 1449w, https:\/\/charte-fontevrault-providentialisme.fr\/wp-content\/uploads\/2018\/12\/fontevrault-1994_0002-624x882.jpg 624w\" sizes=\"auto, (max-width: 640px) 100vw, 640px\" \/><\/p>\n","protected":false},"excerpt":{"rendered":"<p>Cher Alain, Les armoiries\u00a0 repr\u00e9sent\u00e9es dans les documents\u00a0 ci-dessous\u00a0 sont\u00a0 celles de la Commune de Fontevrault La premi\u00e8re photo est celle des fameuses\u00a0 cuisines romanes de l&#8217;Abbaye royale. http:\/\/www.culture.gouv.fr\/Regions\/Drac-Pays-de-la-Loire\/Politique-et-actions\/Monuments-historiques2\/Quelques-chantiers-en-cours\/Cuisines-romanes-de-l-Abbaye-royale-de-Fontevraud\u00a0\u00a0\u00a0\u00a0 http:\/\/jcraymond.free.fr\/Histoire\/Lieux\/F\/Fontevraud\/Cuisine\/Cuisine.php&#8230; <a href=\"https:\/\/charte-fontevrault-providentialisme.fr\/index.php\/2018\/12\/04\/envoi-de-photos-du-chapitre-fontevriste-du-25-aout-1994-par-herve-volto-president-de-la-charte-de-fontevrault-1991-1994\/\">Cliquez pour lire davantage &raquo;<\/a><\/p>\n","protected":false},"author":2,"featured_media":0,"comment_status":"open","ping_status":"open","sticky":false,"template":"","format":"standard","meta":{"footnotes":""},"categories":[12],"tags":[391,687,1116,1149,3920,5041,9034,30798],"class_list":["post-21262","post","type-post","status-publish","format-standard","hentry","category-blogs-et-sites-providentialistes","tag-abbaye-royale-de-fontevraud","tag-alain-texier-president-fondateur-de-la-charte-de-fontevrault","tag-armoiries-de-la-commune-de-fontevraud-labbaye","tag-arnaud-de-latrolliere","tag-commune-de-fontevraud-labbaye-49500","tag-cuisines-medievales-de-labbaye-royale-de-fontevraud-49590","tag-herve-volto-cja-h-president-1991-1994-de-la-charte","tag-yves-marie-tourbin"],"_links":{"self":[{"href":"https:\/\/charte-fontevrault-providentialisme.fr\/index.php\/wp-json\/wp\/v2\/posts\/21262","targetHints":{"allow":["GET"]}}],"collection":[{"href":"https:\/\/charte-fontevrault-providentialisme.fr\/index.php\/wp-json\/wp\/v2\/posts"}],"about":[{"href":"https:\/\/charte-fontevrault-providentialisme.fr\/index.php\/wp-json\/wp\/v2\/types\/post"}],"author":[{"embeddable":true,"href":"https:\/\/charte-fontevrault-providentialisme.fr\/index.php\/wp-json\/wp\/v2\/users\/2"}],"replies":[{"embeddable":true,"href":"https:\/\/charte-fontevrault-providentialisme.fr\/index.php\/wp-json\/wp\/v2\/comments?post=21262"}],"version-history":[{"count":0,"href":"https:\/\/charte-fontevrault-providentialisme.fr\/index.php\/wp-json\/wp\/v2\/posts\/21262\/revisions"}],"wp:attachment":[{"href":"https:\/\/charte-fontevrault-providentialisme.fr\/index.php\/wp-json\/wp\/v2\/media?parent=21262"}],"wp:term":[{"taxonomy":"category","embeddable":true,"href":"https:\/\/charte-fontevrault-providentialisme.fr\/index.php\/wp-json\/wp\/v2\/categories?post=21262"},{"taxonomy":"post_tag","embeddable":true,"href":"https:\/\/charte-fontevrault-providentialisme.fr\/index.php\/wp-json\/wp\/v2\/tags?post=21262"}],"curies":[{"name":"wp","href":"https:\/\/api.w.org\/{rel}","templated":true}]}}