{"id":21415,"date":"2018-12-23T09:00:07","date_gmt":"2018-12-23T08:00:07","guid":{"rendered":"https:\/\/chartedefontevraultprovidentialisme.wordpress.com\/?p=21415"},"modified":"2018-12-23T09:00:07","modified_gmt":"2018-12-23T08:00:07","slug":"22-decembre-2018-operation-vol-dans-les-super-marches-y-a-til-encore-un-gouvernement-de-la-republique-francaise","status":"publish","type":"post","link":"https:\/\/charte-fontevrault-providentialisme.fr\/index.php\/2018\/12\/23\/22-decembre-2018-operation-vol-dans-les-super-marches-y-a-til-encore-un-gouvernement-de-la-republique-francaise\/","title":{"rendered":"22 d\u00e9cembre 2018. Op\u00e9ration vol en bande organis\u00e9e dans les super march\u00e9s. Y a t&#8217;il encore un gouvernement de la r\u00e9publique Fran\u00e7aise?"},"content":{"rendered":"<div id=\"attachment_21416\" style=\"width: 295px\" class=\"wp-caption aligncenter\"><img loading=\"lazy\" decoding=\"async\" aria-describedby=\"caption-attachment-21416\" class=\"wp-image-21416\" src=\"https:\/\/charte-fontevrault-providentialisme.fr\/wp-content\/uploads\/2018\/12\/IMG_1253.jpg?w=225\" alt=\"\" width=\"285\" height=\"378\" \/><p id=\"caption-attachment-21416\" class=\"wp-caption-text\">Op\u00e9rations caisses ouvertes du Samedi 22 d\u00e9cembre 2018.<\/p><\/div>\n","protected":false},"excerpt":{"rendered":"","protected":false},"author":2,"featured_media":0,"comment_status":"open","ping_status":"open","sticky":false,"template":"","format":"standard","meta":{"footnotes":""},"categories":[21],"tags":[8140,27249,30291],"class_list":["post-21415","post","type-post","status-publish","format-standard","hentry","category-limites-de-la-republique","tag-gilets-jaunes","tag-super-marches","tag-vol-en-bande-organisee"],"_links":{"self":[{"href":"https:\/\/charte-fontevrault-providentialisme.fr\/index.php\/wp-json\/wp\/v2\/posts\/21415","targetHints":{"allow":["GET"]}}],"collection":[{"href":"https:\/\/charte-fontevrault-providentialisme.fr\/index.php\/wp-json\/wp\/v2\/posts"}],"about":[{"href":"https:\/\/charte-fontevrault-providentialisme.fr\/index.php\/wp-json\/wp\/v2\/types\/post"}],"author":[{"embeddable":true,"href":"https:\/\/charte-fontevrault-providentialisme.fr\/index.php\/wp-json\/wp\/v2\/users\/2"}],"replies":[{"embeddable":true,"href":"https:\/\/charte-fontevrault-providentialisme.fr\/index.php\/wp-json\/wp\/v2\/comments?post=21415"}],"version-history":[{"count":0,"href":"https:\/\/charte-fontevrault-providentialisme.fr\/index.php\/wp-json\/wp\/v2\/posts\/21415\/revisions"}],"wp:attachment":[{"href":"https:\/\/charte-fontevrault-providentialisme.fr\/index.php\/wp-json\/wp\/v2\/media?parent=21415"}],"wp:term":[{"taxonomy":"category","embeddable":true,"href":"https:\/\/charte-fontevrault-providentialisme.fr\/index.php\/wp-json\/wp\/v2\/categories?post=21415"},{"taxonomy":"post_tag","embeddable":true,"href":"https:\/\/charte-fontevrault-providentialisme.fr\/index.php\/wp-json\/wp\/v2\/tags?post=21415"}],"curies":[{"name":"wp","href":"https:\/\/api.w.org\/{rel}","templated":true}]}}