{"id":21917,"date":"2019-01-26T10:00:02","date_gmt":"2019-01-26T09:00:02","guid":{"rendered":"https:\/\/chartedefontevraultprovidentialisme.wordpress.com\/?p=21917"},"modified":"2019-01-26T10:00:02","modified_gmt":"2019-01-26T09:00:02","slug":"il-est-apparement-tres-difficile-pour-certains-royalistes-de-laisser-dieu-dagir-comme-il-le-voudra-sagissant-de-qui-doit-occuper-le-trone-de-france","status":"publish","type":"post","link":"https:\/\/charte-fontevrault-providentialisme.fr\/index.php\/2019\/01\/26\/il-est-apparement-tres-difficile-pour-certains-royalistes-de-laisser-dieu-dagir-comme-il-le-voudra-sagissant-de-qui-doit-occuper-le-trone-de-france\/","title":{"rendered":"Il est apparement tr\u00e9s difficile pour certains royalistes de laisser Dieu d&#8217;agir comme il le voudra s&#8217;agissant de  qui doit occuper le tr\u00f4ne de France."},"content":{"rendered":"<div class=\"_1dwg _1w_m _q7o\">\n<div class=\"o_1e842zveyu k_1e842zpzof clearfix\">\n<div class=\"clearfix p_1e842zvf_x\">\n<div class=\"_38vo\">\n<h3><span style=\"color:#008000;\">\u00a0 \u00a0Les \u00e9changes qui suivent\u00a0 sont extraits de la Page Facebook\u00a0<strong>AROM,<\/strong><\/span>\u00a0<span style=\"color:#008000;\"><strong>A<\/strong>nnuaire <strong>R<\/strong>oyaliste des <strong>O<\/strong>rganisations et <strong>M<\/strong>ouvements\u00a0 \u00e9labor\u00e9e par Alain Texier et mettant \u00e0 jour la version papier de l&#8217;Annuaire Royaliste des Organisations et Mouvements du XV \u00e9me centenaire\u00a0 du bapt\u00eame de la France ( 1996-496)\u00a0 publi\u00e9 par la Charte de Fontevrault en 1996<\/span>.<\/h3>\n<div><\/div>\n<div><img decoding=\"async\" class=\"_s0 _4ooo _5xib _5sq7 _44ma _rw img\" role=\"img\" src=\"https:\/\/scontent-cdt1-1.xx.fbcdn.net\/v\/t1.0-1\/c81.0.200.200a\/p200x200\/14937376_110616242753219_7367070906155434978_n.jpg?_nc_cat=107&amp;_nc_ht=scontent-cdt1-1.xx&amp;oh=7cd3210ed919510c7cd20b723dd52ede&amp;oe=5D015C31\" alt=\"\" aria-label=\"Annuaire Royaliste Arom\" \/><\/div>\n<\/div>\n<div class=\"clearfix _42ef\">\n<div class=\"rfloat _ohf\"><\/div>\n<div class=\"a_1e842zvf_y\">\n<div>\n<div class=\"_6a _5u5j\">\n<div class=\"_6a _6b\"><\/div>\n<div class=\"_6a _5u5j _6b\">\n<h5 id=\"js_1x\" class=\"_14f3 _14f5 _5pbw _5vra\"><span class=\"fwn fcg\"><span class=\"fcg\"><span class=\"fwb\"><a class=\"profileLink\" href=\"https:\/\/www.facebook.com\/profile.php?id=100014145309611&amp;__tn__=%2CdlC-R-R&amp;eid=ARCOdpJW9_WW3j7ErzqpmOvt2BWTB1euz6Y3NcpPK9c4qMG96Pcy5sRB147SYEJ0mk8pua79GNZtchI_&amp;hc_ref=ARTHYLz8TgIuleEMSgtmOWRo6YAbRiTCEM7vGRAU0RdOC9d8J1agqeaEYXg-7bF2xCY\">Annuaire Royaliste Arom<\/a><\/span>\u00a0est \u00e0\u00a0:\u00a0<a class=\"profileLink\" href=\"https:\/\/www.facebook.com\/pages\/Fontevrault-Pays-De-La-Loire-France\/106922002672185?__tn__=%2CdkC-R-R&amp;eid=ARAxQf2lK4yMPYBckpbIRf6IR3sBr5owL0d024YR2cFAPxHyn1RNE6DQ4kOPown1zRlrmyNoLCTby6tF&amp;hc_ref=ARTHYLz8TgIuleEMSgtmOWRo6YAbRiTCEM7vGRAU0RdOC9d8J1agqeaEYXg-7bF2xCY&amp;fref=tag\">Fontevrault, Pays De La Loire, France<\/a>.<\/span><\/span><\/h5>\n<div id=\"feed_subtitle_100014145309611;536697660145073;;9\" class=\"_5pcp _5lel _2jyu _232_\">\n<p><span class=\"f_1e842zujdl\"><span class=\"fsm fwn fcg\"><a class=\"_5pcq\" href=\"https:\/\/www.facebook.com\/permalink.php?story_fbid=536697660145073&amp;id=100014145309611\" target=\"\" rel=\"noopener\"><abbr class=\"_5ptz\" title=\"21\/01\/2019 21:47\"><span id=\"js_1y\" class=\"timestampContent\">21 janvier, 21:47<\/span><\/abbr><\/a><\/span><\/span><span class=\"_6spk\" role=\"presentation\" aria-hidden=\"true\">\u00a0\u00b7\u00a0<\/span><\/p>\n<\/div>\n<\/div>\n<\/div>\n<\/div>\n<\/div>\n<\/div>\n<\/div>\n<\/div>\n<div id=\"js_1z\" class=\"_5pbx userContent _3576\">\n<p>ORLEANISME.<\/p>\n<\/div>\n<div class=\"_3x-2\">\n<div>\n<div class=\"mtm\">\n<div id=\"u_0_15\" class=\"_6m2 _1zpr clearfix _dcs _4_w4 _41u- _59ap _2bf7 _64lx _3eqz _20pq _3eqw _2rk1 _359m _3n1j _5qqr\">\n<div class=\"clearfix _2r3x\">\n<div class=\"lfloat _ohe\">\n<div class=\"_63yw\">\n<div class=\"_6ks\">\n<div class=\"_6l- __c_\">\n<div class=\"uiScaledImageContainer _6m5 fbStoryAttachmentImage\"><img loading=\"lazy\" decoding=\"async\" class=\"scaledImageFitWidth img\" src=\"https:\/\/external-cdt1-1.xx.fbcdn.net\/safe_image.php?d=AQAZTgkwjuf42SOp&amp;w=540&amp;h=282&amp;url=https%3A%2F%2Fchartedefontevraultprovidentialisme.files.wordpress.com%2F2019%2F01%2Fla-france-en-deuil.png&amp;cfs=1&amp;upscale=1&amp;fallback=news_d_placeholder_publisher&amp;_nc_hash=AQAqb1WIDdcRPCDk\" alt=\"\" width=\"500\" height=\"262\" aria-label=\"Aucune description de photo disponible.\" \/><\/div>\n<\/div>\n<\/div>\n<div id=\"u_0_1b\" class=\"_34js _1kaa _34jv\">\n<div class=\"_34jx _2cpc _34ju\">\n<div class=\"_34k0\"><\/div>\n<div class=\"_34k3\">\u00c0 propos de ce site web<\/div>\n<\/div>\n<\/div>\n<\/div>\n<div class=\"_3ekx _29_4\">\n<div class=\"_6m3 _--6\">\n<div class=\"_59tj _2iau\">\n<div>\n<div class=\"_6lz _6mb _1t62 ellipsis\">CHARTEDEFONTEVRAULTPROVIDENTIALISME.WORDPRESS.COM<\/div>\n<div class=\"\"><\/div>\n<\/div>\n<\/div>\n<div class=\"_3n1k\">\n<div class=\"mbs _6m6 _2cnj _5s6c\"><a href=\"https:\/\/l.facebook.com\/l.php?u=https%3A%2F%2Fchartedefontevraultprovidentialisme.wordpress.com%2F2019%2F01%2F21%2Frappel-a-dieu-ce-21-janvier-2019-du-chef-de-la-maison-royale-de-france-monseigneur-le-comte-de-paris%2F%3Ffbclid%3DIwAR2lnBda7Nzuq9e7j35mr_tr4eBfLFmafFLmyamxFRczyKkGS8DZPLNjoBE&amp;h=AT1FQY-3fbEEx_GoXpzkN_m8vGt_SjixLKIcodrD2N3PuSFeqxT27oFOmD8fX12xDU_ks6y3SFpdYOIaF6Rj00IpSc1f1DxMym3OZkh5vR4gNOMp450C4eLAqNIOrNCtJ7odFTo1slFEc45yDJl4QhPop9zbyQ\" target=\"_blank\" rel=\"noopener nofollow\">Rappel \u00e0 Dieu ce 21 janvier 2019 du Chef de la Maison royale de France Monseigneur le comte de Paris<\/a><\/div>\n<div class=\"_6m7 _3bt9\"><span style=\"color:#800080;\">C\u2019est avec beaucoup d\u2019\u00e9motion et de tristesse que nous vous annon\u00e7ons que le Chef de la Maison royale de France Monseigneur le comte de Paris est d\u00e9c\u00e9d\u00e9 ce matin. L\u2019annonce officielle a \u00e9t\u00e9 faite p\u2026<br \/>\n<\/span><\/div>\n<\/div>\n<\/div>\n<\/div>\n<\/div>\n<\/div>\n<\/div>\n<\/div>\n<\/div>\n<\/div>\n<\/div>\n<div>\n<div class=\"_4299\">\n<div class=\"_3w53\">\n<ul class=\"_7791\">\n<li>\n<div>\n<div class=\" _4eek clearfix _4eez _7793 clearfix\" role=\"article\" aria-label=\"Commenter\">\n<div class=\"_ohe lfloat\"><a class=\" _3mf5 _3mg0\" href=\"https:\/\/www.facebook.com\/sacrecoeur.det\" aria-hidden=\"true\"><img decoding=\"async\" class=\"_3me- _3mf1 img\" src=\"https:\/\/scontent-cdt1-1.xx.fbcdn.net\/v\/t1.0-1\/p130x130\/36907586_2253607114664491_1974520045065207808_n.jpg?_nc_cat=102&amp;_nc_ht=scontent-cdt1-1.xx&amp;oh=854104f7e5666fa10f0043278b8f4507&amp;oe=5CFC7238\" alt=\"St\u00e9phanie de Tournon\" \/><\/a><\/div>\n<div class=\"\">\n<div class=\"_42ef\">\n<div>\n<div class=\"_6c7i\">\n<div class=\"_680y\">\n<div class=\"_6cuy\">\n<div>\n<div>\n<div class=\" _6qw3 _3iub\">\n<div class=\"_72vr\"><a class=\"_6qw4\" href=\"https:\/\/www.facebook.com\/sacrecoeur.det\">St\u00e9phanie de Tournon<\/a>\u00a0<span dir=\"ltr\" style=\"color:#008000;\"><span class=\"_3l3x\">Votre publication est parfaite pour \u00e9clairer l&#8217;essence de l&#8217;Orl\u00e9anisme . Un usurpation des armes pleines et de titres fantoches. Les armes pleines sont celles de la branche a\u00een\u00e9e, de la branche principale, au sens latin du terme principal. .Les Orl\u00e9ans conservent leurs armes, avec la brisure, avec le lambel. Il serait bon que les sites royalistes soient un peu s\u00e9rieux sur les blasons et les armes . RIP \u00e0 Henri d&#8217;Orl\u00e9ans .<\/span><\/span><\/div>\n<\/div>\n<\/div>\n<\/div>\n<\/div>\n<\/div>\n<\/div>\n<\/div>\n<div>\n<ul class=\"_6coi _6qw9\">\n<li class=\"_6coj\"><span class=\"_6cok\" aria-hidden=\"true\">\u00a0\u00b7\u00a0<\/span><a class=\"_6qw7\" href=\"https:\/\/www.facebook.com\/permalink.php?story_fbid=536697660145073&amp;id=100014145309611&amp;comment_id=538201203328052&amp;comment_tracking=%7B%22tn%22%3A%22R%22%7D\"><abbr class=\"livetimestamp\" title=\"le Jeudi 24 janvier 2019 \u00e0 16:51\">1 j<\/abbr><\/a><\/li>\n<\/ul>\n<\/div>\n<\/div>\n<\/div>\n<\/div>\n<\/div>\n<div class=\"_2h2j\">\n<ul>\n<li>\n<div class=\" _4eek _4efk clearfix clearfix\" role=\"article\" aria-label=\"R\u00e9ponse au commentaire\">\n<div class=\"_ohe lfloat\"><a class=\" _3mf5 _3mg1\" href=\"https:\/\/www.facebook.com\/profile.php?id=100014145309611\" aria-hidden=\"true\"><img decoding=\"async\" class=\"_3me- _3mf2 img\" src=\"https:\/\/scontent.xx.fbcdn.net\/v\/t1.0-1\/c16.0.40.40a\/p40x40\/14937376_110616242753219_7367070906155434978_n.jpg?_nc_cat=107&amp;_nc_ad=z-m&amp;_nc_cid=0&amp;_nc_ht=scontent.xx&amp;oh=95b5ed29b2ca7e85b5e1c2864cd49f9f&amp;oe=5CBDDDDD\" alt=\"Annuaire Royaliste Arom\" \/><\/a><\/div>\n<div class=\"\">\n<div class=\"_42ef\">\n<div>\n<div class=\"_6c7i\">\n<div>\n<div class=\" _6qw3\">\n<div class=\"_72vr\"><a class=\"_6qw4\" href=\"https:\/\/www.facebook.com\/profile.php?id=100014145309611\">Annuaire Royaliste Arom<\/a>\u00a0<span dir=\"ltr\"><span class=\"_3l3x\"><span style=\"color:#808000;\">St\u00e9phanie de Tournon, AROM ouvre ses colonnes \u00e0 tous les princes en lice puisqu&#8217;il n&#8217;appartient qu&#8217;\u00e0 Dieu de choisir qui sera Son Lieutenant sur le tr\u00f4ne de France . Que Votre volont\u00e9 soit faite sur la terre comme au Ciel et le tr\u00f4ne c&#8217;est aussi la terr<\/span>e.<a href=\"https:\/\/www.sylmpedia.fr\/index.php?title=Royalisme_providentialiste&amp;fbclid=IwAR0Dp7mieBKeyQF-I5IOjuDSEVwa0inylmGGt9zVTsbjmxE8vOLcpniGOYI\" target=\"_blank\" rel=\"nofollow noopener\">https:\/\/www.sylmpedia.fr\/index.php&#8230;<\/a><\/span><\/span><\/div>\n<\/div>\n<\/div>\n<\/div>\n<div class=\"_6c7j\">Modifier ou supprimer<\/div>\n<\/div>\n<div class=\"_4eeo\">\n<div class=\"_680y\">\n<div class=\"_6cuy\">\n<div class=\"_3mvp\">\n<div class=\"_6a15\">\n<div class=\"_3mvu\"><img loading=\"lazy\" decoding=\"async\" class=\"_ns- img\" src=\"https:\/\/external-cdt1-1.xx.fbcdn.net\/safe_image.php?d=AQDPCMLmUtYbH3C_&amp;w=196&amp;h=196&amp;url=https%3A%2F%2Fwww.sylmpedia.fr%2Fimages%2Fthumb%2F4%2F46%2FP1070235_2.JPG%2F300px-P1070235_2.JPG&amp;cfs=1&amp;_nc_hash=AQBz5LyR05VXoANm\" alt=\"Royalisme providentialiste \u2014 SYLMpedia\" width=\"98\" height=\"98\" \/><\/div>\n<div class=\"_3mvv\">\n<div class=\"_2fj2\">\n<div class=\"_3mvw ellipsis\">SYLMPEDIA.FR<\/div>\n<\/div>\n<p><a class=\"_ns_\" href=\"https:\/\/www.sylmpedia.fr\/index.php?title=Royalisme_providentialiste&amp;fbclid=IwAR31jZzWJGJ7RQx-xbUaYu90S8BGcsqGpFkHJVbVb_F_BcuQ9vBjjUz73wQ\" target=\"_blank\" rel=\"noopener nofollow\"><span class=\"accessible_elem\">Royalisme providentialiste \u2014 SYLMpedia<\/span><\/a><\/p>\n<\/div>\n<\/div>\n<\/div>\n<\/div>\n<\/div>\n<\/div>\n<\/div>\n<\/div>\n<\/div>\n<\/li>\n<li>\n<div>\n<div class=\" _4eek _4efk clearfix clearfix\" role=\"article\" aria-label=\"R\u00e9ponse au commentaire\">\n<div class=\"_ohe lfloat\"><a class=\" _3mf5 _3mg1\" href=\"https:\/\/www.facebook.com\/sacrecoeur.det\" aria-hidden=\"true\"><img decoding=\"async\" class=\"_3me- _3mf2 img\" src=\"https:\/\/scontent-cdt1-1.xx.fbcdn.net\/v\/t1.0-1\/p80x80\/36907586_2253607114664491_1974520045065207808_n.jpg?_nc_cat=102&amp;_nc_ht=scontent-cdt1-1.xx&amp;oh=76c6e35499e5d06d95e18d804b94d81b&amp;oe=5CFC1A0B\" alt=\"St\u00e9phanie de Tournon\" \/><\/a><\/div>\n<div class=\"\">\n<div class=\"_42ef\">\n<div>\n<div class=\"_6c7i\">\n<div class=\"_680y\">\n<div class=\"_6cuy\">\n<div>\n<div class=\" _6qw3\">\n<div class=\"_72vr\"><a class=\"_6qw4\" href=\"https:\/\/www.facebook.com\/sacrecoeur.det\">St\u00e9phanie de Tournon<\/a>\u00a0<span dir=\"ltr\"><span class=\"_3l3x _1n4g\"><span style=\"color:#008000;\">Pour que les sites royalistes restent cr\u00e9dibles il convient quand m\u00eame d \u00e9viter des blasons indus et des titres fantoches.<\/span><br \/>\n<span style=\"color:#008000;\">Qu au moins les identit\u00e9s sont conformes \u00e0 la r\u00e9alit\u00e9 et au droit.<\/span><br \/>\n<span style=\"color:#008000;\">Il y a quand m\u00eame des r\u00e8gles qui encadrent ces \u00e9l\u00e9ments.<\/span><br \/>\n<span style=\"color:#008000;\">Au moins pour le port des Armes de France qui sont la propri\u00e9t\u00e9 INDIVIDUELLE de Louis de Bourbo<\/span>n<\/span><\/span><\/div>\n<\/div>\n<\/div>\n<\/div>\n<div class=\"_6cuq\"><span class=\"_1lh3\"><span class=\"_1lh7\"><a class=\"_1lh9 _1lha _42ft\" role=\"button\" href=\"https:\/\/www.facebook.com\/ufi\/reaction\/profile\/browser\/?ft_ent_identifier=ZmVlZGJhY2s6NTM2Njk3NjYwMTQ1MDczXzUzODI5NzcyOTk4NTA2Ng%3D%3D&amp;av=100014145309611\" rel=\"dialog\" aria-label=\"Voir qui a r\u00e9agi\"><i class=\"_3j7l _2p78 _9-- _hly\"><\/i><span class=\"_1lld\">2<\/span><\/a><\/span><\/span><\/div>\n<\/div>\n<\/div>\n<div class=\"_6c7j\">Supprimer ou masquer ceci<\/div>\n<\/div>\n<div>\n<ul class=\"_6coi _6qw9\">\n<li class=\"_6coj\">\n<div><a class=\" _6a-y _6qw5 _77yo\" role=\"button\" href=\"https:\/\/www.facebook.com\/permalink.php?story_fbid=536697660145073&amp;id=100014145309611&amp;comment_id=538201203328052&amp;notif_id=1548345070299752&amp;notif_t=feed_comment#\" aria-pressed=\"false\">J\u2019aime<\/a><\/div>\n<\/li>\n<li class=\"_6coj\"><span class=\"_6cok\" aria-hidden=\"true\">\u00a0\u00b7\u00a0<\/span><a class=\"_6qw5\" role=\"button\" href=\"https:\/\/www.facebook.com\/permalink.php?story_fbid=536697660145073&amp;id=100014145309611&amp;comment_id=538201203328052&amp;notif_id=1548345070299752&amp;notif_t=feed_comment#\">R\u00e9pondre<\/a><\/li>\n<li class=\"_6coj\"><span class=\"_6cok\" aria-hidden=\"true\">\u00a0\u00b7\u00a0<\/span><a class=\"_6qw7\" href=\"https:\/\/www.facebook.com\/permalink.php?story_fbid=536697660145073&amp;id=100014145309611&amp;comment_id=538201203328052&amp;reply_comment_id=538297729985066&amp;comment_tracking=%7B%22tn%22%3A%22R%22%7D\"><abbr class=\"livetimestamp\" title=\"le Jeudi 24 janvier 2019 \u00e0 21:07\"><span class=\"timestampContent\">19 h<\/span><\/abbr><\/a><\/li>\n<\/ul>\n<\/div>\n<\/div>\n<\/div>\n<\/div>\n<\/div>\n<\/li>\n<li>\n<div>\n<div class=\"_p20 _4eek _4efk clearfix clearfix\" role=\"article\" aria-label=\"R\u00e9ponse au commentaire\">\n<div class=\"_ohe lfloat\"><a class=\" _3mf5 _3mg1\" href=\"https:\/\/www.facebook.com\/profile.php?id=100014145309611\" aria-hidden=\"true\"><img decoding=\"async\" class=\"_3me- _3mf2 img\" src=\"https:\/\/scontent.xx.fbcdn.net\/v\/t1.0-1\/c16.0.40.40a\/p40x40\/14937376_110616242753219_7367070906155434978_n.jpg?_nc_cat=107&amp;_nc_ad=z-m&amp;_nc_cid=0&amp;_nc_ht=scontent.xx&amp;oh=95b5ed29b2ca7e85b5e1c2864cd49f9f&amp;oe=5CBDDDDD\" alt=\"Annuaire Royaliste Arom\" \/><\/a><\/div>\n<div class=\"\">\n<div class=\"_42ef\">\n<div>\n<div class=\"_6c7i\">\n<div class=\"_680y\">\n<div class=\"_6cuy\">\n<div>\n<div class=\" _6qw3\">\n<div class=\"_72vr\"><a class=\"_6qw4\" href=\"https:\/\/www.facebook.com\/profile.php?id=100014145309611\">Annuaire Royaliste Arom<\/a>\u00a0<span dir=\"ltr\"><span class=\"_3l3x\"><span style=\"color:#808000;\">Vous m&#8217;avez l&#8217;air ch\u00e8re\u00a0<\/span><a class=\"\" href=\"https:\/\/www.facebook.com\/sacrecoeur.det?hc_location=ufi\">St\u00e9phanie de Tournon<\/a>\u00a0<span style=\"color:#808000;\">d&#8217;\u00eatre dans le secret de Dieu s&#8217;agissant de qui sera Son Lieutenant sur le tr\u00f4ne de France&#8230; moi pas . Tout ce que je vois c&#8217;est que ce tr\u00f4ne est vide \u00e0 l&#8217;heure actuelle.. Alors que l&#8217;on assume \u00e0 bon droit -ou non- des titres et des armoiries ne change pas le probl\u00e8me . Louis XX n&#8217;est pas sur le tr\u00f4ne de France &#8211; je crois \u00eatre &#8220;cr\u00e9dible&#8221; en le disant et je ne suis pas sur ( et c&#8217;est une litote dans ma bouche) que ce soient nos querelles syst\u00e9matiques et jugements de valeur souvent contraires \u00e0 toute charit\u00e9 chr\u00e9tienne qui h\u00e2teront le moment o\u00f9 il y sera. Et si en chr\u00e9tienne vous laissiez Dieu d\u00e9cider du moment et de la personne&#8230; en seriez-vous d\u00e9shonor\u00e9e ? Je ne le crois vraiment pas . Naturellement si vous aviez une autre solution, j&#8217;en prendrai connaissance avec int\u00e9r\u00eat.<\/span><\/span><\/span><\/div>\n<\/div>\n<\/div>\n<\/div>\n<\/div>\n<\/div>\n<\/div>\n<\/div>\n<\/div>\n<\/div>\n<\/div>\n<\/li>\n<\/ul>\n<\/div>\n<\/li>\n<\/ul>\n<\/div>\n<\/div>\n<\/div>\n","protected":false},"excerpt":{"rendered":"<p>\u00a0 \u00a0Les \u00e9changes qui suivent\u00a0 sont extraits de la Page Facebook\u00a0AROM,\u00a0Annuaire Royaliste des Organisations et Mouvements\u00a0 \u00e9labor\u00e9e par Alain Texier et mettant \u00e0 jour la version papier de l&#8217;Annuaire Royaliste&#8230; <a href=\"https:\/\/charte-fontevrault-providentialisme.fr\/index.php\/2019\/01\/26\/il-est-apparement-tres-difficile-pour-certains-royalistes-de-laisser-dieu-dagir-comme-il-le-voudra-sagissant-de-qui-doit-occuper-le-trone-de-france\/\">Cliquez pour lire davantage &raquo;<\/a><\/p>\n","protected":false},"author":2,"featured_media":0,"comment_status":"open","ping_status":"open","sticky":false,"template":"","format":"standard","meta":{"footnotes":""},"categories":[7,8,12],"tags":[1155,56,10235,14665,18283,23576,27090],"class_list":["post-21917","post","type-post","status-publish","format-standard","hentry","category-blogs-et-sites-catholiques","category-blogs-et-sites-identitaires","category-blogs-et-sites-providentialistes","tag-arom","tag-henri-vii-comte-de-paris-orleans","tag-http-www-sylmpedia-fr","tag-louis-de-bourbon-duc-danjou-ne-le-25-avril-1974-louis-xx","tag-page-facebook-arom","tag-royalisme-providentialiste","tag-stephanie-de-tournon"],"_links":{"self":[{"href":"https:\/\/charte-fontevrault-providentialisme.fr\/index.php\/wp-json\/wp\/v2\/posts\/21917","targetHints":{"allow":["GET"]}}],"collection":[{"href":"https:\/\/charte-fontevrault-providentialisme.fr\/index.php\/wp-json\/wp\/v2\/posts"}],"about":[{"href":"https:\/\/charte-fontevrault-providentialisme.fr\/index.php\/wp-json\/wp\/v2\/types\/post"}],"author":[{"embeddable":true,"href":"https:\/\/charte-fontevrault-providentialisme.fr\/index.php\/wp-json\/wp\/v2\/users\/2"}],"replies":[{"embeddable":true,"href":"https:\/\/charte-fontevrault-providentialisme.fr\/index.php\/wp-json\/wp\/v2\/comments?post=21917"}],"version-history":[{"count":0,"href":"https:\/\/charte-fontevrault-providentialisme.fr\/index.php\/wp-json\/wp\/v2\/posts\/21917\/revisions"}],"wp:attachment":[{"href":"https:\/\/charte-fontevrault-providentialisme.fr\/index.php\/wp-json\/wp\/v2\/media?parent=21917"}],"wp:term":[{"taxonomy":"category","embeddable":true,"href":"https:\/\/charte-fontevrault-providentialisme.fr\/index.php\/wp-json\/wp\/v2\/categories?post=21917"},{"taxonomy":"post_tag","embeddable":true,"href":"https:\/\/charte-fontevrault-providentialisme.fr\/index.php\/wp-json\/wp\/v2\/tags?post=21917"}],"curies":[{"name":"wp","href":"https:\/\/api.w.org\/{rel}","templated":true}]}}