{"id":22019,"date":"2019-02-02T14:50:59","date_gmt":"2019-02-02T13:50:59","guid":{"rendered":"https:\/\/chartedefontevraultprovidentialisme.wordpress.com\/?p=22019"},"modified":"2019-02-02T14:50:59","modified_gmt":"2019-02-02T13:50:59","slug":"1-er-fevrier-2019-naissance-du-4e-enfant-du-prince-louis-de-bourbon-noel-noel","status":"publish","type":"post","link":"https:\/\/charte-fontevrault-providentialisme.fr\/index.php\/2019\/02\/02\/1-er-fevrier-2019-naissance-du-4e-enfant-du-prince-louis-de-bourbon-noel-noel\/","title":{"rendered":"1 er fevrier 2019. Naissance du 4e enfant du prince Louis de Bourbon, No\u00ebl ! No\u00ebl !"},"content":{"rendered":"<div class=\"postbody\">\n<div class=\"clearfix\"><\/div>\n<div class=\"content clearfix\">\n<h3><span style=\"color:#008000;\">\u00a0 \u00a0Le prince Louis \u00a0de Bourbon annonce la naissance de son fils \u00e0 New York : &#8220;<em>J&#8217;ai le plaisir, avec Margarita, d&#8217;annoncer la naissance d&#8217;Henri de J\u00e9sus, notre quatri\u00e8me enfant, aujourd&#8217;hui \u00e0 13:05 GMT. Il p\u00e8se 4,200 kg et mesure 53 cm. La m\u00e8re et le b\u00e9b\u00e9 sont en parfait \u00e9tat de sant\u00e9&#8221;<\/em>.<\/span><\/h3>\n<div><img loading=\"lazy\" decoding=\"async\" class=\"aligncenter size-large wp-image-22020\" src=\"https:\/\/chartedefontevraultprovidentialisme.files.wordpress.com\/2019\/02\/51398944_1203582253132396_6573507271127465984_n.jpg?w=640\" alt=\"\" width=\"640\" height=\"640\" srcset=\"https:\/\/charte-fontevrault-providentialisme.fr\/wp-content\/uploads\/2019\/02\/51398944_1203582253132396_6573507271127465984_n.jpg 718w, https:\/\/charte-fontevrault-providentialisme.fr\/wp-content\/uploads\/2019\/02\/51398944_1203582253132396_6573507271127465984_n-300x300.jpg 300w, https:\/\/charte-fontevrault-providentialisme.fr\/wp-content\/uploads\/2019\/02\/51398944_1203582253132396_6573507271127465984_n-150x150.jpg 150w, https:\/\/charte-fontevrault-providentialisme.fr\/wp-content\/uploads\/2019\/02\/51398944_1203582253132396_6573507271127465984_n-624x624.jpg 624w, https:\/\/charte-fontevrault-providentialisme.fr\/wp-content\/uploads\/2019\/02\/51398944_1203582253132396_6573507271127465984_n-180x180.jpg 180w, https:\/\/charte-fontevrault-providentialisme.fr\/wp-content\/uploads\/2019\/02\/51398944_1203582253132396_6573507271127465984_n-60x60.jpg 60w\" sizes=\"auto, (max-width: 640px) 100vw, 640px\" \/><\/div>\n<h4><a href=\"http:\/\/royalisme.forumactif.org\/t4302-naissance-du-4e-enfant-du-prince-louis-de-bourbon#26798\">http:\/\/royalisme.forumactif.org\/t4302-naissance-du-4e-enfant-du-prince-louis-de-bourbon#26798<\/a><\/h4>\n<p><strong>NDLRB<\/strong> . <span style=\"color:#008000;\">Que l&#8217;on se permette \u00e0 la Charte de Fontevrault( Anjou) de se r\u00e9jouir plus particuli\u00e8rement\u00a0 de cette titulature lig\u00e9rienne (Touraine)<\/span>.<\/p>\n<\/div>\n<p><span style=\"color:#ff6600;\">Rappelons\u00a0 les faits et\u00a0 dates suivantes<\/span><\/p>\n<ul>\n<li><span style=\"color:#ff6600;\"><time class=\"nowrap\" datetime=\"1981-09-19\">\u00a0du 19 septembre 1981<\/time>\u00a0au\u00a0<time class=\"nowrap\" datetime=\"1984-02-07\">7 f\u00e9vrier 1984<\/time>\u00a0:\u00a0\u00a0le duc\u00a0 d&#8217;Anjou assumait la titulature de duc de Touraine<\/span><\/li>\n<li><span style=\"color:#ff6600;\"><time class=\"nowrap\" datetime=\"1984-02-07\">7 f\u00e9vrier 1984<\/time>\u00a0\u2013\u00a0<time class=\"nowrap\" datetime=\"1984-09-27\">27 septembre 1984<\/time>\u00a0:\u00a0 le duc\u00a0 d&#8217;Anjou assumait la titulature de Son\u00a0<i>Altesse Royale<\/i>\u00a0le dauphin de France\u00a0\u00a0duc de Touraine\u00a0 \u00a0 \u00a0 \u00a0 \u00a0 \u00a0 \u00a0 \u00a0 \u00a0 \u00a0 \u00a0 \u00a0 \u00a0 \u00a0 \u00a0 \u00a0 \u00a0 \u00a0 \u00a0 \u00a0 \u00a0 \u00a0 \u00a0 \u00a0 \u00a0 \u00a0 \u00a0 \u00a0 \u00a0 \u00a0 \u00a0 \u00a0 \u00a0 \u00a0 \u00a0 \u00a0 \u00a0 \u00a0 \u00a0 \u00a0 \u00a0 \u00a0 \u00a0 \u00a0 \u00a0 \u00a0 \u00a0 \u00a0 \u00a0 \u00a0 \u00a0 \u00a0 \u00a0 \u00a0 \u00a0\u00a0<\/span><a href=\"https:\/\/fr.wikipedia.org\/wiki\/Louis_de_Bourbon_(1974)\">https:\/\/fr.wikipedia.org\/wiki\/Louis_de_Bourbon_(1974)<\/a><\/li>\n<\/ul>\n<\/div>\n","protected":false},"excerpt":{"rendered":"<p>\u00a0 \u00a0Le prince Louis \u00a0de Bourbon annonce la naissance de son fils \u00e0 New York : &#8220;J&#8217;ai le plaisir, avec Margarita, d&#8217;annoncer la naissance d&#8217;Henri de J\u00e9sus, notre quatri\u00e8me enfant,&#8230; <a href=\"https:\/\/charte-fontevrault-providentialisme.fr\/index.php\/2019\/02\/02\/1-er-fevrier-2019-naissance-du-4e-enfant-du-prince-louis-de-bourbon-noel-noel\/\">Cliquez pour lire davantage &raquo;<\/a><\/p>\n","protected":false},"author":2,"featured_media":0,"comment_status":"open","ping_status":"open","sticky":false,"template":"","format":"standard","meta":{"footnotes":""},"categories":[2],"tags":[873,5821,8886,9593,339,14665,17227,20711,28274],"class_list":["post-22019","post","type-post","status-publish","format-standard","hentry","category-action-legitimiste","tag-anjou-province-d","tag-duc-de-touraine","tag-henri-de-jesus","tag-http-royalisme-forumactif-org","tag-https-fr-wikipedia-org","tag-louis-de-bourbon-duc-danjou-ne-le-25-avril-1974-louis-xx","tag-new-york-etats-unis-damerique","tag-princesse-marie-marguerite","tag-touraine-province-de"],"_links":{"self":[{"href":"https:\/\/charte-fontevrault-providentialisme.fr\/index.php\/wp-json\/wp\/v2\/posts\/22019","targetHints":{"allow":["GET"]}}],"collection":[{"href":"https:\/\/charte-fontevrault-providentialisme.fr\/index.php\/wp-json\/wp\/v2\/posts"}],"about":[{"href":"https:\/\/charte-fontevrault-providentialisme.fr\/index.php\/wp-json\/wp\/v2\/types\/post"}],"author":[{"embeddable":true,"href":"https:\/\/charte-fontevrault-providentialisme.fr\/index.php\/wp-json\/wp\/v2\/users\/2"}],"replies":[{"embeddable":true,"href":"https:\/\/charte-fontevrault-providentialisme.fr\/index.php\/wp-json\/wp\/v2\/comments?post=22019"}],"version-history":[{"count":0,"href":"https:\/\/charte-fontevrault-providentialisme.fr\/index.php\/wp-json\/wp\/v2\/posts\/22019\/revisions"}],"wp:attachment":[{"href":"https:\/\/charte-fontevrault-providentialisme.fr\/index.php\/wp-json\/wp\/v2\/media?parent=22019"}],"wp:term":[{"taxonomy":"category","embeddable":true,"href":"https:\/\/charte-fontevrault-providentialisme.fr\/index.php\/wp-json\/wp\/v2\/categories?post=22019"},{"taxonomy":"post_tag","embeddable":true,"href":"https:\/\/charte-fontevrault-providentialisme.fr\/index.php\/wp-json\/wp\/v2\/tags?post=22019"}],"curies":[{"name":"wp","href":"https:\/\/api.w.org\/{rel}","templated":true}]}}