{"id":22257,"date":"2019-02-17T14:54:10","date_gmt":"2019-02-17T13:54:10","guid":{"rendered":"https:\/\/chartedefontevraultprovidentialisme.wordpress.com\/?p=22257"},"modified":"2019-02-17T14:54:10","modified_gmt":"2019-02-17T13:54:10","slug":"louis-jean-et-charles-ne-regnent-a-vrai-dire-que-dans-les-cadres-en-bois-verni-poses-sur-nos-cheminees","status":"publish","type":"post","link":"https:\/\/charte-fontevrault-providentialisme.fr\/index.php\/2019\/02\/17\/louis-jean-et-charles-ne-regnent-a-vrai-dire-que-dans-les-cadres-en-bois-verni-poses-sur-nos-cheminees\/","title":{"rendered":"Louis, Jean et Charles ne \u00ab r\u00e8gnent, \u00bb \u00e0 vrai dire que dans les cadres en bois verni pos\u00e9s sur nos chemin\u00e9es."},"content":{"rendered":"<p>AROM (Annuaire Royaliste des Organisations et Mouvements) est \u00e9dit\u00e9 par la Charte de Fontevrault, mouvement providentialiste qui s&#8217;en remet \u00e0 Dieu- du choix du Prince qui sera Son Lieutenant sur le tr\u00f4ne de France. <a href=\"https:\/\/www.sylmpedia.fr\/index.php?title=Charte_de_Fontevrault\">https:\/\/www.sylmpedia.fr\/index.php?title=Charte_de_Fontevrault<\/a>.<\/p>\n<p>Il y a actuellement un certain nombre de pr\u00e9tendants en lice pour ce tr\u00f4ne vide depuis plus de deux si\u00e8cles et Louis, Jean et Charles ne \u00ab\u00a0r\u00e8gnent,\u00a0\u00bb \u00e0 vrai dire que dans les cadres en bois verni pos\u00e9s sur nos chemin\u00e9es. .<\/p>\n<p>D\u2019o\u00f9 nos actions de m\u00e9diatisation de TOUS LES CANDIDATS EN LICE. J\u2019ai bien dis TOUS car parmi tous les comp\u00e9titeurs rappel\u00e9s ci-dessous aucun n\u2019a pour l\u2019heure atteint le Graal<\/p>\n<ul>\n<li>Le pr\u00e9tendant L\u00e9gitimiste dit\u00a0 &#8220;Louis XX&#8221; <a href=\"https:\/\/fr.wikipedia.org\/wiki\/Louis_de_Bourbon_(1974\">https:\/\/fr.wikipedia.org\/wiki\/Louis_de_Bourbon_(1974<\/a>)<\/li>\n<li>Le pr\u00e9tendant Orl\u00e9aniste dit &#8220;Jean IV&#8221; <a href=\"https:\/\/fr.wikipedia.org\/wiki\/Jean_d%27Orl%8Eans_(1965)\">https:\/\/fr.wikipedia.org\/wiki\/Jean_d%27Orl\u00e9ans_(1965)<\/a><\/li>\n<li>Le pr\u00e9tendant Naundorffiste\u00a0 dit\u00a0 &#8220;Charles XIII&#8221; <a href=\"https:\/\/fr.wikipedia.org\/wiki\/Famille_Naundorff\">https:\/\/fr.wikipedia.org\/wiki\/Famille_Naundorff<\/a><\/li>\n<li>Le successeur Providentialiste dit &#8220;Grand Monarque&#8221; <a href=\"https:\/\/fr.wikipedia.org\/wiki\/Grand_Monarque\">https:\/\/fr.wikipedia.org\/wiki\/Grand_Monarque<\/a><\/li>\n<\/ul>\n<p>Comment des lors savoir qui nous devons m\u00e9diatiser et qui nous devons exclure\u00a0? La r\u00e9ponse se trouve dans le Notre -P\u00e8re car il s\u2019agit de restaurer le roi tr\u00e8s Chr\u00e9tien. On y lit \u00ab\u00a0 <em>Que Votre volont\u00e9 soit faite sur la terre comme au Ciel. <\/em>D\u00e9s lors, soyons coh\u00e9rent avec Dieu le Ma\u00eetre de l\u2019univers, et par cons\u00e9quent des destin\u00e9es de notre pays, et ne prions pas en disant : <em>&#8221; Seigneur, Que votre volont\u00e9 soit faite sur la terre comme au ciel except\u00e9 pour le tr\u00f4ne de France pour lequel ce sera ma volont\u00e9 qui primera et non la V\u00f4tre<\/em>&#8220;.<\/p>\n<p>Voil\u00e0 pourquoi le blog de Charte de Fontevrault <a href=\"https:\/\/chartedefontevraultprovidentialisme.wordpress.com\">https:\/\/chartedefontevraultprovidentialisme.wordpress.com<\/a><\/p>\n<p>Navire amiral de la flotte providentialiste selon Charles Barban\u00e8s (+) <a href=\"https:\/\/www.sylmpedia.fr\/index.php?title=Royalisme_providentialiste\">https:\/\/www.sylmpedia.fr\/index.php?title=Royalisme_providentialiste<\/a><\/p>\n<p>Et la page Facebook associ\u00e9e (AROM) <a href=\"https:\/\/www.facebook.com\/profile.php?id=100014145309611\">https:\/\/www.facebook.com\/profile.php?id=100014145309611<\/a><\/p>\n<p>ne peuvent exclure de leurs actions de m\u00e9diatisation aucun des candidats en lice car NOUS, nous ne connaissons pas le plan de Dieu pour notre pays mais in fine nous savons bien que Dieu s\u00e9parera le bon grain de l\u2019ivraie.<\/p>\n<p><em><strong>NDLRB.\u00a0<\/strong> Ce matin \u00e9tait c\u00e9l\u00e9br\u00e9e la messe du dimanche de la Septuag\u00e9sime faisant entre autres r\u00e9f\u00e9rence\u00a0 \u00e0 la captivit\u00e9 des juifs pendant 70 ans \u00e0 Babylone . Nous , il y a\u00a0 226 ans\u00a0 ( depuis le 21 janvier 1793) que nous sommes en exil dans notre propre pays et noy\u00e8s au milieu de nos discussions st\u00e9riles pour ou contre un prince\u00a0 plut\u00f4t qu&#8217;un autre , nous n&#8217;en\u00a0 voyons\u00a0 toujours aucun chevaucher\u00a0 sur la route de Reims.<\/em><\/p>\n<p>Alain TEXIER\u00a0\u00a0\u00a0\u00a0\u00a0\u00a0\u00a0\u00a0\u00a0\u00a0\u00a0\u00a0\u00a0\u00a0\u00a0\u00a0\u00a0\u00a0\u00a0\u00a0\u00a0\u00a0\u00a0\u00a0\u00a0\u00a0\u00a0\u00a0\u00a0\u00a0\u00a0\u00a0\u00a0\u00a0\u00a0\u00a0\u00a0\u00a0\u00a0\u00a0\u00a0\u00a0\u00a0\u00a0\u00a0\u00a0\u00a0\u00a0\u00a0\u00a0\u00a0\u00a0\u00a0\u00a0\u00a0\u00a0\u00a0\u00a0\u00a0\u00a0\u00a0\u00a0\u00a0\u00a0\u00a0\u00a0\u00a0\u00a0\u00a0\u00a0\u00a0\u00a0\u00a0\u00a0\u00a0\u00a0\u00a0\u00a0\u00a0\u00a0\u00a0\u00a0\u00a0\u00a0\u00a0\u00a0\u00a0\u00a0\u00a0\u00a0\u00a0\u00a0\u00a0\u00a0\u00a0\u00a0\u00a0\u00a0\u00a0\u00a0\u00a0\u00a0\u00a0\u00a0\u00a0\u00a0\u00a0\u00a0\u00a0\u00a0\u00a0\u00a0\u00a0\u00a0\u00a0\u00a0\u00a0\u00a0\u00a0\u00a0\u00a0\u00a0\u00a0\u00a0\u00a0\u00a0\u00a0\u00a0\u00a0\u00a0\u00a0\u00a0\u00a0\u00a0\u00a0 Docteur d&#8217;Etat en Droit\u00a0\u00a0\u00a0\u00a0\u00a0\u00a0\u00a0\u00a0\u00a0\u00a0\u00a0\u00a0\u00a0\u00a0\u00a0\u00a0\u00a0\u00a0\u00a0\u00a0\u00a0\u00a0\u00a0\u00a0\u00a0\u00a0\u00a0\u00a0\u00a0\u00a0\u00a0\u00a0\u00a0\u00a0\u00a0\u00a0\u00a0\u00a0\u00a0\u00a0\u00a0\u00a0\u00a0\u00a0\u00a0\u00a0\u00a0\u00a0\u00a0\u00a0\u00a0\u00a0\u00a0\u00a0\u00a0\u00a0\u00a0\u00a0\u00a0\u00a0\u00a0\u00a0\u00a0\u00a0\u00a0\u00a0\u00a0\u00a0\u00a0\u00a0\u00a0\u00a0\u00a0\u00a0\u00a0\u00a0\u00a0\u00a0\u00a0\u00a0\u00a0\u00a0\u00a0\u00a0\u00a0\u00a0\u00a0\u00a0\u00a0\u00a0\u00a0\u00a0\u00a0\u00a0\u00a0\u00a0\u00a0\u00a0\u00a0\u00a0\u00a0\u00a0\u00a0\u00a0\u00a0\u00a0\u00a0\u00a0\u00a0\u00a0\u00a0\u00a0\u00a0\u00a0\u00a0\u00a0\u00a0\u00a0\u00a0\u00a0\u00a0 Dipl\u00f4m\u00e9 d\u2019\u00e9tude politique<\/p>\n<p>&nbsp;<\/p>\n","protected":false},"excerpt":{"rendered":"<p>AROM (Annuaire Royaliste des Organisations et Mouvements) est \u00e9dit\u00e9 par la Charte de Fontevrault, mouvement providentialiste qui s&#8217;en remet \u00e0 Dieu- du choix du Prince qui sera Son Lieutenant sur&#8230; <a href=\"https:\/\/charte-fontevrault-providentialisme.fr\/index.php\/2019\/02\/17\/louis-jean-et-charles-ne-regnent-a-vrai-dire-que-dans-les-cadres-en-bois-verni-poses-sur-nos-cheminees\/\">Cliquez pour lire davantage &raquo;<\/a><\/p>\n","protected":false},"author":5,"featured_media":0,"comment_status":"open","ping_status":"open","sticky":false,"template":"","format":"standard","meta":{"footnotes":""},"categories":[4,12,29],"tags":[674,2940,4227,6480,12353,14665,18766,23576,24173],"class_list":["post-22257","post","type-post","status-publish","format-standard","hentry","category-action-royaliste","category-blogs-et-sites-providentialistes","category-uncategorized","tag-alain-texier","tag-charles-xiii-duc-de-normandie","tag-commune-de-reims-51000","tag-encyclopedie-du-royalisme-en-ligne-sylmpedia","tag-jean-iv-orleans-comte-de-paris","tag-louis-de-bourbon-duc-danjou-ne-le-25-avril-1974-louis-xx","tag-pater-noster","tag-royalisme-providentialiste","tag-sacre-de-reims"],"_links":{"self":[{"href":"https:\/\/charte-fontevrault-providentialisme.fr\/index.php\/wp-json\/wp\/v2\/posts\/22257","targetHints":{"allow":["GET"]}}],"collection":[{"href":"https:\/\/charte-fontevrault-providentialisme.fr\/index.php\/wp-json\/wp\/v2\/posts"}],"about":[{"href":"https:\/\/charte-fontevrault-providentialisme.fr\/index.php\/wp-json\/wp\/v2\/types\/post"}],"author":[{"embeddable":true,"href":"https:\/\/charte-fontevrault-providentialisme.fr\/index.php\/wp-json\/wp\/v2\/users\/5"}],"replies":[{"embeddable":true,"href":"https:\/\/charte-fontevrault-providentialisme.fr\/index.php\/wp-json\/wp\/v2\/comments?post=22257"}],"version-history":[{"count":0,"href":"https:\/\/charte-fontevrault-providentialisme.fr\/index.php\/wp-json\/wp\/v2\/posts\/22257\/revisions"}],"wp:attachment":[{"href":"https:\/\/charte-fontevrault-providentialisme.fr\/index.php\/wp-json\/wp\/v2\/media?parent=22257"}],"wp:term":[{"taxonomy":"category","embeddable":true,"href":"https:\/\/charte-fontevrault-providentialisme.fr\/index.php\/wp-json\/wp\/v2\/categories?post=22257"},{"taxonomy":"post_tag","embeddable":true,"href":"https:\/\/charte-fontevrault-providentialisme.fr\/index.php\/wp-json\/wp\/v2\/tags?post=22257"}],"curies":[{"name":"wp","href":"https:\/\/api.w.org\/{rel}","templated":true}]}}