{"id":22423,"date":"2019-03-02T19:00:57","date_gmt":"2019-03-02T18:00:57","guid":{"rendered":"https:\/\/chartedefontevraultprovidentialisme.wordpress.com\/?p=22423"},"modified":"2019-03-02T19:00:57","modified_gmt":"2019-03-02T18:00:57","slug":"samedi-2-mars-2019-fontevristes-venez-et-voyez-les-petits-cailloux-blancs-deposes-sur-notre-chemin-par-la-providence","status":"publish","type":"post","link":"https:\/\/charte-fontevrault-providentialisme.fr\/index.php\/2019\/03\/02\/samedi-2-mars-2019-fontevristes-venez-et-voyez-les-petits-cailloux-blancs-deposes-sur-notre-chemin-par-la-providence\/","title":{"rendered":"Samedi 2 mars 2019 . Fontevristes, venez et voyez les petits cailloux blancs d\u00e9pos\u00e9s sur notre chemin par la Providence."},"content":{"rendered":"<h3 class=\"entry-title\" style=\"text-align:left;\"><span style=\"color:#ff00ff;\">Un Samedi comme aujourd\u2019hui\u00a0 nous avons f\u00eat\u00e9 au Domaine de Mestr\u00e9 ( Commune de Fontevraud l\u2019Abbaye) le 30 \u00e9me anniversaire de la fondation de la Charte de Fontevrault :<\/span><\/h3>\n<div class=\"entry-content\" style=\"text-align:center;\">\n<p style=\"text-align:left;\"><a href=\"https:\/\/chartedefontevraultprovidentialisme.wordpress.com\/2016\/03\/27\/rencontres-fontevristes-du-jeudi-25-aout-2016-quelques-vues-du-domaine-de-mestre-35-km-de-fontevraud-lieu-du-repas-et-du-chapitre\" rel=\"nofollow\">https:\/\/chartedefontevraultprovidentialisme.wordpress.com\/2016\/03\/27\/rencontres-fontevristes-du-jeudi-25-aout-2016-quelques-vues-du-domaine-de-mestre-35-km-de-fontevraud-lieu-du-repas-et-du-chapitre<\/a>\/<\/p>\n<p style=\"text-align:left;\"><span style=\"color:#ff00ff;\">Trente ans cela se f\u00eate et comment mieux le f\u00eater qu\u2019en rappelant \u2013 par morceaux choisis \u2013 tout ce que la Providence a daign\u00e9 faire pour nous tout au long de ces ann\u00e9es ?\u00a0<\/span><\/p>\n<p style=\"text-align:left;\"><span style=\"color:#008000;\"><span style=\"color:#800000;\">.. . Et\u00a0 comme\u00a0 ces mises en\u00a0 lignes successives, que\u00a0 certains ont\u00a0 bien voulu qualifier de\u00a0 &#8221; m\u00e9moires&#8221; , ont trouv\u00e9 leur public, et ont\u00a0 eut\u00a0 la fortune de\u00a0 vous int\u00e9resser , nous ne les avons pas arr\u00eat\u00e9 le\u00a0 samedi 25 ao\u00fbt mais les avons\u00a0 continu\u00e9 de samedi en samedi<\/span>.<\/span><\/p>\n<p>&#8212;&#8212;&#8212;&#8211;<\/p>\n<h3 style=\"text-align:left;\"><span style=\"color:#008000;\">Vous connaissez bien maintenant\u00a0 le village de mes grands-parents : Brizay(86110 Coussay) <span style=\"color:#0000ff;\">http:\/\/charte.de.fontevrault.over-blog.com\/article-lettre-de-brizay-le-village-de-la-ferme-de-mes-grands-parents-en-poitou-le-mercredi-17-avril-2013-117183962.html. <span style=\"color:#008000;\">Voici maintenant que je\u00a0 vous conduit dans la for\u00eat de Sc\u00e9volles <a href=\"http:\/\/www.tourisme-vienne.com\/fr\/activite\/112\/foret-de-scevolles\">http:\/\/www.tourisme-vienne.com\/fr\/activite\/112\/foret-de-scevolles, <span style=\"color:#008000;\">F<\/span><\/a><\/span><\/span>or\u00eat o\u00f9 il est <img loading=\"lazy\" decoding=\"async\" class=\"alignleft wp-image-22429 \" src=\"https:\/\/chartedefontevraultprovidentialisme.files.wordpress.com\/2019\/03\/photos-recto.jpg\" alt=\"\" width=\"386\" height=\"271\" srcset=\"https:\/\/charte-fontevrault-providentialisme.fr\/wp-content\/uploads\/2019\/03\/photos-recto.jpg 343w, https:\/\/charte-fontevrault-providentialisme.fr\/wp-content\/uploads\/2019\/03\/photos-recto-300x211.jpg 300w\" sizes=\"auto, (max-width: 386px) 100vw, 386px\" \/>vraisemblable que la photo suivante a \u00e9t\u00e9 prise.<\/span><\/h3>\n<p style=\"text-align:left;\"><span style=\"color:#008000;\">Cette for\u00eat\u00a0 tr\u00e9s proche de Brizay (pas plus de 3 Km) \u00e9tait en effet\u00a0 un des lieux de prome-nade les plus appr\u00e9ci\u00e9s lorsque l&#8217;on recevait\u00a0 des\u00a0 \u00a0amis ou des membres de la famille\u00a0 qui avaient un peu de route \u00e0 faire, pour regagner leurs p\u00e9nates , en l&#8217;occurence Richelieu (25 Km).<\/span><\/p>\n<p style=\"text-align:left;\">\u00a0 \u00a0 <span style=\"color:#008000;\">\u00a0 Ma famille \u00e0 droite en regardant\u00a0 la photo \u00e0 savoir\u00a0 \u00a0\u00e0 partir de l&#8217;eccl\u00e9siastique\u00a0 mon <img loading=\"lazy\" decoding=\"async\" class=\"alignright size-medium wp-image-22431\" src=\"https:\/\/chartedefontevraultprovidentialisme.files.wordpress.com\/2019\/03\/photos-verso-1.jpg?w=300\" alt=\"\" width=\"300\" height=\"195\" srcset=\"https:\/\/charte-fontevrault-providentialisme.fr\/wp-content\/uploads\/2019\/03\/photos-verso-1.jpg 397w, https:\/\/charte-fontevrault-providentialisme.fr\/wp-content\/uploads\/2019\/03\/photos-verso-1-300x195.jpg 300w\" sizes=\"auto, (max-width: 300px) 100vw, 300px\" \/>grand-p\u00e8re Maternel Vincent, mon p\u00e8re Jean Texier, ma m\u00e8re Yvette Texier n\u00e9e Fourcade. De l&#8217;autre c\u00f4t\u00e9 de l&#8217;abb\u00e9, la 2 \u00e9me jeune femme \u00e0 partir de la gauche\u00a0 est ma tante Colette Fourcade, la soeur\u00a0 d&#8217;Yvette. Compl\u00eate ce\u00a0 touchant tableau, mon fr\u00e8re a\u00een\u00e9 Jean-Jacques au pied de mon grand p\u00e8re et moi au pied &#8211; d\u00e9j\u00e0-\u00a0 de l&#8217;eccl\u00e9sias-tique\u00a0 l&#8217;Abb\u00e9 Chalouas, \u00a0cur\u00e9-doyen de Preuilly-sur-Claise (37290)<\/span>\u00a0 <a href=\"https:\/\/fr.wikipedia.org\/wiki\/Preuilly-sur-Claise\">https:\/\/fr.wikipedia.org\/wiki\/Preuilly-sur-Claise.\u00a0<\/a><\/p>\n<p style=\"text-align:left;\"><span style=\"color:#008000;\">\u00a0 \u00a0 N&#8217;oublions pas\u00a0 de mentionner ma\u00a0 Cousine Marie Blanchard\u00a0 \u00e9pouse Aubard\u00a0 \u00e0 qui je dois\u00a0 cette photo et sa soeur Agn\u00e9s\u00a0 Blanchard trop t\u00f4t rappel\u00e9e \u00e0 Dieu<\/span>.<\/p>\n<\/div>\n<h1 style=\"text-align:left;\"><\/h1>\n<p>&nbsp;<\/p>\n<p>&nbsp;<\/p>\n<p>&nbsp;<\/p>\n<p>&nbsp;<\/p>\n<p>&nbsp;<\/p>\n<p>&nbsp;<\/p>\n","protected":false},"excerpt":{"rendered":"<p>Un Samedi comme aujourd\u2019hui\u00a0 nous avons f\u00eat\u00e9 au Domaine de Mestr\u00e9 ( Commune de Fontevraud l\u2019Abbaye) le 30 \u00e9me anniversaire de la fondation de la Charte de Fontevrault : https:\/\/chartedefontevraultprovidentialisme.wordpress.com\/2016\/03\/27\/rencontres-fontevristes-du-jeudi-25-aout-2016-quelques-vues-du-domaine-de-mestre-35-km-de-fontevraud-lieu-du-repas-et-du-chapitre\/&#8230; <a href=\"https:\/\/charte-fontevrault-providentialisme.fr\/index.php\/2019\/03\/02\/samedi-2-mars-2019-fontevristes-venez-et-voyez-les-petits-cailloux-blancs-deposes-sur-notre-chemin-par-la-providence\/\">Cliquez pour lire davantage &raquo;<\/a><\/p>\n","protected":false},"author":2,"featured_media":0,"comment_status":"open","ping_status":"open","sticky":false,"template":"","format":"standard","meta":{"footnotes":""},"categories":[20],"tags":[410,1991,3489,4217,4236,7274,9246,10280,339,12415,12543,29986,30807],"class_list":["post-22423","post","type-post","status-publish","format-standard","hentry","category-histoire-dune-vie-alain-texier","tag-abbe-chalouas","tag-brizay-commune-de-coussay-86110","tag-colette-fourcade","tag-commune-de-preuilly-sur-claise-37290","tag-commune-de-richelieu-37120","tag-foret-de-scevolles-86","tag-http-charte-de-fontevrault-over-blog-com","tag-http-www-tourisme-vienne-com-fr","tag-https-fr-wikipedia-org","tag-jean-texier","tag-jean-jacques-texier","tag-vincent-fourcade","tag-yvette-fourcade-epouse-texier"],"_links":{"self":[{"href":"https:\/\/charte-fontevrault-providentialisme.fr\/index.php\/wp-json\/wp\/v2\/posts\/22423","targetHints":{"allow":["GET"]}}],"collection":[{"href":"https:\/\/charte-fontevrault-providentialisme.fr\/index.php\/wp-json\/wp\/v2\/posts"}],"about":[{"href":"https:\/\/charte-fontevrault-providentialisme.fr\/index.php\/wp-json\/wp\/v2\/types\/post"}],"author":[{"embeddable":true,"href":"https:\/\/charte-fontevrault-providentialisme.fr\/index.php\/wp-json\/wp\/v2\/users\/2"}],"replies":[{"embeddable":true,"href":"https:\/\/charte-fontevrault-providentialisme.fr\/index.php\/wp-json\/wp\/v2\/comments?post=22423"}],"version-history":[{"count":0,"href":"https:\/\/charte-fontevrault-providentialisme.fr\/index.php\/wp-json\/wp\/v2\/posts\/22423\/revisions"}],"wp:attachment":[{"href":"https:\/\/charte-fontevrault-providentialisme.fr\/index.php\/wp-json\/wp\/v2\/media?parent=22423"}],"wp:term":[{"taxonomy":"category","embeddable":true,"href":"https:\/\/charte-fontevrault-providentialisme.fr\/index.php\/wp-json\/wp\/v2\/categories?post=22423"},{"taxonomy":"post_tag","embeddable":true,"href":"https:\/\/charte-fontevrault-providentialisme.fr\/index.php\/wp-json\/wp\/v2\/tags?post=22423"}],"curies":[{"name":"wp","href":"https:\/\/api.w.org\/{rel}","templated":true}]}}