{"id":22501,"date":"2013-11-17T20:04:47","date_gmt":"2013-11-17T20:04:47","guid":{"rendered":"http:\/\/chartedefontevraultprovidentialisme.wordpress.com\/?p=2788"},"modified":"2013-11-17T20:04:47","modified_gmt":"2013-11-17T20:04:47","slug":"nantes-23-novembre-2013-mobilisation-generale-contre-la-politique-familiphobe-du-gouvernement-2","status":"publish","type":"post","link":"https:\/\/charte-fontevrault-providentialisme.fr\/index.php\/2013\/11\/17\/nantes-23-novembre-2013-mobilisation-generale-contre-la-politique-familiphobe-du-gouvernement-2\/","title":{"rendered":"Nantes . 23 Novembre 2013. MOBILISATION GENERALE CONTRE LA POLITIQUE FAMILIPHOBE DU GOUVERNEMENT"},"content":{"rendered":"<p>&nbsp;<\/p>\n<div style=\"width: 250px\" class=\"wp-caption alignright\"><a href=\"http:\/\/www.flickr.com\/photos\/10307413@N00\/8379952673\" target=\"_blank\" rel=\"noopener\"><img loading=\"lazy\" decoding=\"async\" class=\"zemanta-img-inserted\" title=\"La Manif Pour Tous - 131\" alt=\"La Manif Pour Tous - 131\" src=\"http:\/\/farm9.static.flickr.com\/8217\/8379952673_0a6cdb0b17_m.jpg\" width=\"240\" height=\"160\" \/><\/a><p class=\"wp-caption-text\">La Manif Pour Tous &#8211; 131 (Photo credit: Mon_Tours)<\/p><\/div>\n<p><span style=\"color:#008000;\">Un an jour pour jour apr\u00e8s ses premi\u00e8res mobilisations, La Manif Pour Tous lance de nouvelles manifestations contre les projets familiphobes du gouvernement.\u00a0<\/span><\/p>\n<p><span style=\"color:#008000;\">Premier rendez-vous : samedi 23 novembre \u00e0 Nantes ! <\/span><\/p>\n<p><span style=\"color:#008000;\">Apr\u00e8s avoir interpel\u00e9 le gouvernement d\u00e9but novembre sur 5 revendications majeures concernant les familles, La Manif Pour Tous constate que le Pouvoir refuse de l&#8217;entendre. Cons\u00e9quence : La Manif Pour lance de nouvelles manifestations r\u00e9gionales d\u00e8s le 23 novembre. Tous les Fran\u00e7ais et tous les mouvements sont invit\u00e9s \u00e0 se joindre \u00e0 cette mobilisation contre les projets d\u00e9l\u00e9t\u00e8res du gouvernement.<\/span><\/p>\n<p><span style=\"color:#008000;\"> &#8220;<em>Il n&#8217;y aura pas de retour sur la r\u00e9forme des rythmes scolaire<\/em>s.&#8221; La d\u00e9claration du ministre de l&#8217;Education Nationale, Vincent Peillon, est une fin de non recevoir sur la demande de La Manif Pour Tous d&#8217;obtenir une refonte de la r\u00e9forme et des Temps d&#8217;Activit\u00e9 P\u00e9riscolaires (TAP). 7 Fran\u00e7ais sur 10 se d\u00e9clarent pourtant favorable \u00e0 l&#8217;annulation ou au report de la r\u00e9forme des rythmes scolaires (sondage BVA \/ I-T\u00e9l\u00e9 publi\u00e9 aujourd&#8217;hui). Dans le m\u00eame temps, la ministre d\u00e9l\u00e9gu\u00e9e \u00e0 la famille, Dominique Bertinotti laisse la porte ouverte \u00e0 la lib\u00e9ralisation de la PMA (Procr\u00e9ation M\u00e9dicalement Assist\u00e9e) aux couples de femmes et aux c\u00e9libataires. <\/span><\/p>\n<p><span style=\"color:#008000;\">Face \u00e0 ces actes de m\u00e9pris vis \u00e0 vis des revendications des familles, La Manif Pour Tous lance une nouvelle campagne de mobilisation : \u00ab<strong> Familles attaqu\u00e9es = soci\u00e9t\u00e9 en danger ! Halte \u00e0 la familiphobie !<\/strong> \u00bb <\/span><\/p>\n<p><span style=\"color:#008000;\">\u00ab<em> Nous ne sommes pas \u00e9cout\u00e9s par le gouvernement qui reste sourd aux revendications des familles. Nous allons donc reprendre le chemin de la rue<\/em> \u00bb explique Ludovine de la Roch\u00e8re, Pr\u00e9sidente de La Manif Pour Tous. Des manifestations auront donc lieu en r\u00e9gions, d\u00e8s le 23 novembre \u00e0 Nantes, le 8 d\u00e9cembre en Ile-de-France, etc. \u00ab Et nous sommes pr\u00eats \u00e0 remonter \u00e0 Paris pour une manifestation nationale s&#8217;il le faut. Nous ne laisserons pas la voix des familles crier dans le d\u00e9sert \u00bb poursuite-elle.\u00a0<\/span><\/p>\n<p><span style=\"color:#008000;\">Tous les Fran\u00e7ais, partis, syndicats, organisations qui rejoignent l&#8217;une ou l&#8217;autre de ces revendications sont invit\u00e9s \u00e0 manifester avec La Manif Pour Tous contre la politique du gouvernement.<\/span><\/p>\n<p><span style=\"color:#008000;\">Les 5 revendications imm\u00e9diates de La Manif Pour Tous sont :<\/span><\/p>\n<ul>\n<li><span style=\"color:#008000;\"> 1\/ ENGAGEMENTS solennels : \u00b7 de ne pas lib\u00e9raliser la PMA (Procr\u00e9ation M\u00e9dicament Assist\u00e9e) pour les couples de femmes et les c\u00e9libataires et ce, quel que soit l&#8217;avis du CCNE modifi\u00e9 de fa\u00e7on scandaleuse. \u00b7 d&#8217;interdire d\u00e9finitivement la GPA (Gestation &#8211; ou Grossesse &#8211; Pour Autrui, c&#8217;est \u00e0 dire les m\u00e8res porteuses), pratique qui exploite le corps de la femme et fait des orphelins biologiques. <\/span><\/li>\n<li><span style=\"color:#008000;\">2\/ HALTE \u00e0 l&#8217;asphyxie fiscale de la famille. La Manif Pour Tous demande au gouvernement de : \u00b7 revenir sur le plafonnement du quotient familial ; \u00b7 renoncer \u00e0 la suppression de la demi-part fiscale pr\u00e9vue pour tout parent ayant \u00e9lev\u00e9 seul un enfant ; \u00b7 renoncer \u00e0 la fiscalisation des majorations de pension pour avoir \u00e9lev\u00e9 3 enfants ou plus ; \u00b7 tenir son engagement sur la baisse de la TVA sur les produits de consommation courante ; \u00b7 ne pas augmenter la TVA sur les transports ; \u00b7 d\u00e9fiscaliser les heures suppl\u00e9mentaires sur les salaires les plus modestes. <\/span><\/li>\n<li><span style=\"color:#008000;\">3\/ ABANDON du projet de r\u00e9forme du cong\u00e9 parental. En l&#8217;\u00e9tat, ce projet liberticide reviendrait de fait \u00e0 r\u00e9duire de six mois la dur\u00e9e de ce cong\u00e9. Que feront les parents de leur enfant compte tenu de la p\u00e9nurie de solutions d&#8217;accueil ? <\/span><\/li>\n<li><span style=\"color:#008000;\">4\/ REFONTE des Temps d&#8217;Activit\u00e9s P\u00e9riscolaires (TAP) \u00e0 l&#8217;\u00e9cole. On ne peut refonder l&#8217;\u00e9cole sur des Projets Educatifs Territoriaux (TEPT) qui se substituent \u00e0 la libert\u00e9 et au contr\u00f4le des parents sur le choix des activit\u00e9s hors enseignement et qui ouvrent la possibilit\u00e9 \u00e0 des associations militantes de promouvoir l&#8217;identit\u00e9 de genre aupr\u00e8s des enfants. <\/span><\/li>\n<li><span style=\"color:#008000;\">5\/ RENONCER, dans la future loi famille, \u00e0 la cr\u00e9ation d&#8217;un statut du beau-parent, \u00e0 la cr\u00e9ation d&#8217;une pr\u00e9-majorit\u00e9, \u00e0 laquelle s&#8217;oppose une tr\u00e8s large majorit\u00e9 de Fran\u00e7ais* et \u00e0 toute remise en cause de l&#8217;adoption pl\u00e9ni\u00e8re pour les couples h\u00e9t\u00e9rosexuels. La fausse bonne id\u00e9e du statut du beau-parent affaiblirait le lien parents\/enfant et le r\u00f4le de premiers et principaux \u00e9ducateurs du p\u00e8re et de la m\u00e8re. D&#8217;autres r\u00e9ponses peuvent \u00eatre apport\u00e9es pour am\u00e9liorer le quotidien des familles concern\u00e9es. <\/span><\/li>\n<\/ul>\n<p>* 82% des Fran\u00e7ais sont oppos\u00e9 \u00e0 un statut de pr\u00e9-majorit\u00e9 selon un sondage Ifop pour Dimanche Ouest France publi\u00e9 le 28 septembre 2013 La Manif Pour Tous est un mouvement spontan\u00e9, populaire et divers qui s&#8217;oppose \u00e0 la g\u00e9n\u00e9ralisation de la PMA, \u00e0 la GPA (m\u00e8res porteuses), \u00e0 l&#8217;enseignement du concept de genre tout en condamnant toute forme d&#8217;homophobie. N\u00e9e en octobre 2012 pour marquer le refus du peuple fran\u00e7ais de la loi Taubira dont elle demande toujours l&#8217;abrogation, La Manif Pour Tous a rassembl\u00e9 des foules immenses lors d&#8217;\u00e9v\u00e9nements historiques pour rappeler que le mariage Homme-Femme et la filiation P\u00e8re-M\u00e8re-Enfant constituent les fondements de la soci\u00e9t\u00e9 et de son avenir. Retrouvez nous sur : \u00b7 www.lamanifpourtous.fr \u00b7 https:\/\/twitter.com\/LaManifPourTous \u00b7 https:\/\/www.facebook.com\/LaManifPourTous<\/p>\n","protected":false},"excerpt":{"rendered":"<p>&nbsp; Un an jour pour jour apr\u00e8s ses premi\u00e8res mobilisations, La Manif Pour Tous lance de nouvelles manifestations contre les projets familiphobes du gouvernement.\u00a0 Premier rendez-vous : samedi 23 novembre&#8230; <a href=\"https:\/\/charte-fontevrault-providentialisme.fr\/index.php\/2013\/11\/17\/nantes-23-novembre-2013-mobilisation-generale-contre-la-politique-familiphobe-du-gouvernement-2\/\">Cliquez pour lire davantage &raquo;<\/a><\/p>\n","protected":false},"author":5,"featured_media":0,"comment_status":"open","ping_status":"open","sticky":false,"template":"","format":"standard","meta":{"footnotes":""},"categories":[18],"tags":[14932,15351],"class_list":["post-22501","post","type-post","status-publish","format-standard","hentry","category-familles-royales-francaises-et-etrangeres","tag-ludovine-de-la-rochere","tag-manif-pour-tous"],"_links":{"self":[{"href":"https:\/\/charte-fontevrault-providentialisme.fr\/index.php\/wp-json\/wp\/v2\/posts\/22501","targetHints":{"allow":["GET"]}}],"collection":[{"href":"https:\/\/charte-fontevrault-providentialisme.fr\/index.php\/wp-json\/wp\/v2\/posts"}],"about":[{"href":"https:\/\/charte-fontevrault-providentialisme.fr\/index.php\/wp-json\/wp\/v2\/types\/post"}],"author":[{"embeddable":true,"href":"https:\/\/charte-fontevrault-providentialisme.fr\/index.php\/wp-json\/wp\/v2\/users\/5"}],"replies":[{"embeddable":true,"href":"https:\/\/charte-fontevrault-providentialisme.fr\/index.php\/wp-json\/wp\/v2\/comments?post=22501"}],"version-history":[{"count":0,"href":"https:\/\/charte-fontevrault-providentialisme.fr\/index.php\/wp-json\/wp\/v2\/posts\/22501\/revisions"}],"wp:attachment":[{"href":"https:\/\/charte-fontevrault-providentialisme.fr\/index.php\/wp-json\/wp\/v2\/media?parent=22501"}],"wp:term":[{"taxonomy":"category","embeddable":true,"href":"https:\/\/charte-fontevrault-providentialisme.fr\/index.php\/wp-json\/wp\/v2\/categories?post=22501"},{"taxonomy":"post_tag","embeddable":true,"href":"https:\/\/charte-fontevrault-providentialisme.fr\/index.php\/wp-json\/wp\/v2\/tags?post=22501"}],"curies":[{"name":"wp","href":"https:\/\/api.w.org\/{rel}","templated":true}]}}