{"id":23742,"date":"2019-05-29T09:00:37","date_gmt":"2019-05-29T07:00:37","guid":{"rendered":"https:\/\/chartedefontevraultprovidentialisme.wordpress.com\/?p=23742"},"modified":"2019-05-29T09:00:37","modified_gmt":"2019-05-29T07:00:37","slug":"claire-ferchaud-et-la-franc-maconnerie","status":"publish","type":"post","link":"https:\/\/charte-fontevrault-providentialisme.fr\/index.php\/2019\/05\/29\/claire-ferchaud-et-la-franc-maconnerie\/","title":{"rendered":"Claire Ferchaud et la Franc \u2013\u00a0Ma\u00e7onnerie"},"content":{"rendered":"<h2><\/h2>\n<div>Publi\u00e9 le\u00a0<a title=\"9:24 \" href=\"http:\/\/17764.sg-autorepondeur.fr\/image.php?photo=c2ctYXV0b3JlcG9uZGV1ci5jb20vdXJsLnBocC8\/ZT02Njc2NTEmYz0xNzc2NCZhPTE3NTAmdXJsPWFIUjBjSE02THk5dFlXZGhlbWx1Wld4aGRtOXBlR1JsWkdsbGRTNTNiM0prY0hKbGMzTXVZMjl0THpJd01UWXZNRFl2TURjdlkyeGhhWEpsTFdabGNtTm9ZWFZrTFdWMExXeGhMV1p5WVc1akxXMWhZMjl1Ym1WeWFXVXY=\" target=\"_blank\" rel=\"nofollow noopener\">juin 7, 2016<\/a>par\u00a0<a title=\"Voir tous les articles par lavoixdedieu\" href=\"http:\/\/17764.sg-autorepondeur.fr\/image.php?photo=c2ctYXV0b3JlcG9uZGV1ci5jb20vdXJsLnBocC8\/ZT02Njc2NTEmYz0xNzc2NCZhPTE3NTAmdXJsPWFIUjBjSE02THk5dFlXZGhlbWx1Wld4aGRtOXBlR1JsWkdsbGRTNTNiM0prY0hKbGMzTXVZMjl0TDJGMWRHaHZjaTlzWVhadmFYaGtaV1JwWlhVdg==\" target=\"_blank\" rel=\"nofollow noopener\">lavoixdedieu<\/a><\/div>\n<div><a id=\"yiv4905991681irc_mil\" href=\"http:\/\/17764.sg-autorepondeur.fr\/image.php?photo=c2ctYXV0b3JlcG9uZGV1ci5jb20vdXJsLnBocC8\/ZT02Njc2NTEmYz0xNzc2NCZhPTE3NTAmdXJsPWQzZDNMbWR2YjJkc1pTNWpiMjB2ZFhKc1AzTmhQV2ttWVcxd08zSmpkRDFxSm1GdGNEdHhQU1poYlhBN1pYTnlZejF6Sm1GdGNEdHpiM1Z5WTJVOWFXMWhaMlZ6Sm1GdGNEdGpaRDBtWVcxd08yTmhaRDF5YW1FbVlXMXdPM1ZoWTNROU9DWmhiWEE3ZG1Wa1BUQmhhRlZMUlhkcVNuaE5OM2czU21KT1FXaFZRMDU0VVV0SVluWnZRa2t3VVdwU2QwbENkeVpoYlhBN2RYSnNQV2gwZEhBbE0wRWxNa1lsTWtaM2QzY3VkbWwyWld4bGNtOTVMbVp5SlRKR1VtVndjbTlpWVhScGIyNHRaR1Z6TFhCeVpYUmxibVIxWlhNbVlXMXdPM0J6YVdjOVFVWlJha05PUlZadFZHNW9SRnBCT1VFMlVIUmlXazl0YzJkVmNEQXhabXhxVVNaaGJYQTdkWE4wUFRFME5qVTBNakE0T0RBNU16UTNOelk9\" target=\"_blank\" rel=\"nofollow noopener\"><img loading=\"lazy\" decoding=\"async\" id=\"yiv4905991681irc_mi\" class=\"\" src=\"https:\/\/i1.wp.com\/www.viveleroy.fr\/IMG\/arton172.jpg\" alt=\"\" width=\"573\" height=\"373\" data-id=\"26036c37-16c4-bf99-918c-ac2f71489716\" \/><\/a><\/div>\n<h3><span style=\"color:#008000;\">\u00ab \u2026Ainsi, pendant cette guerre terrible Notre-Seigneur confie \u00e0 une \u00e2me privil\u00e9gi\u00e9e, Claire Ferchaud (1896-1972), <\/span><\/h3>\n<h3><span style=\"color:#008000;\"><span style=\"color:#0000ff;\">https:\/\/fr.wikipedia.org\/wiki\/Claire_Ferchaud<\/span> <\/span><\/h3>\n<p><a href=\"https:\/\/www.etoilenotredame.org\/sanctuaires\/73-loublande\">https:\/\/www.etoilenotredame.org\/sanctuaires\/73-loublande<\/a><br \/>\n<a href=\"https:\/\/www.viveleroy.fr\/Reprobation-des-pretendues\">https:\/\/www.viveleroy.fr\/Reprobation-des-pretendues<\/a><\/p>\n<h3><span style=\"color:#008000;\">la mission de demander au Pr\u00e9sident de la R\u00e9publique qu\u2019il fasse apposer l\u2019image du Sacr\u00e9-Coeur sur le drapeau fran\u00e7ais. Elle lui \u00e9crit le 1er janvier 1917. Le 21 mars Raymond Poincar\u00e9 la re\u00e7oit pour un entretien priv\u00e9. Face \u00e0 sa demande renouvel\u00e9e, le pr\u00e9sident franc-ma\u00e7on tergiverse. La jeune fille lui r\u00e9v\u00e8le alors quelques secrets concernant sa vie priv\u00e9e. Troubl\u00e9, il lui d\u00e9clare \u00e0 la fin de la visite: \u00ab\u00a0V<em>ous avez fait votre devoir en noble fran\u00e7aise<\/em>\u00a0\u00bb. Le 1er mai 1917, elle lui \u00e9crit cette lettre capitale consignant les paroles que le Sacr\u00e9-Coeur lui a dites \u00e0 la basilique de Montmartre, dans sa nuit d\u2019adoration du 15 au 16 mars 1917 pr\u00e9c\u00e9dant d\u2019une semaine la fameuse entrevue :<\/span><\/h3>\n<h3>\u00ab<span style=\"color:#ff00ff;\"><em>\u00a0Le peuple de France est \u00e0 deux doigts de sa perte. Le tra\u00eetre vit au coeur de la France. C\u2019est la Franc-Ma\u00e7onnerie qui, pour obtenir la perte \u00e9ternelle de ce pays, d\u2019accord avec l\u2019Allemagne, a engendr\u00e9 cette guerre. Les trahisons se poursuivent, et si quelqu\u2019un pouvait p\u00e9n\u00e9trer \u00e0 l\u2019int\u00e9rieur de plusieurs cabinets, il y d\u00e9couvrirait les pi\u00e8ges\u2026 Sans moi (le Sacr\u00e9-Coeur), la France serait perdue; mais mon amour qui veut la vie de cette France, arr\u00eate le fil \u00e9lectrique qui communique \u00e0 l\u2019ennemi le secret de la France. La Franc-Ma\u00e7onnerie sera vaincue, de terribles ch\u00e2timents fondront sur elle. Mais je demande aux braves petits soldats de France, jusqu\u2019aux g\u00e9n\u00e9raux qui sont aux arm\u00e9es de d\u00e9ployer le drapeau du Sacr\u00e9-Coeur, malgr\u00e9 la d\u00e9fense formelle qu\u2019on en fera autour d\u2019eux; et que tous, g\u00e9n\u00e9raux, officiers et simples soldats aillent de l\u2019avant! Je leur promets la victoire! La secte franc-ma\u00e7onnique, le gouvernement actuel seront ch\u00e2ti\u00e9s; on d\u00e9couvrira tous leurs engins; plusieurs seront mis \u00e0 mort.<\/em><\/span>\u00a0\u00bb<\/h3>\n<h3><span style=\"color:#008000;\">Qui dira l\u2019influence que cette lettre a pu avoir sur Raymond Poincar\u00e9? <a href=\"https:\/\/fr.wikipedia.org\/wiki\/Raymond_Poincar\u00e9\">https:\/\/fr.wikipedia.org\/wiki\/Raymond_Poincar\u00e9\u00a0<\/a> N\u2019oublions pas que si, par respect humain et sans doute par son inscription \u00e0 la Loge, il ne put ou ne voulut pas croire aux m\u00e9faits de la haute Ma\u00e7onnerie et \u00e0 l\u2019Appel du Sacr\u00e9 Coeur, en tout cas le 19 octobre 1918, il signe le d\u00e9cret contre Mrs Caillaux, Loustalot et Comby \u00ab<em>\u00a0accus\u00e9s d\u2019attenter contre la S\u00fbret\u00e9 de l\u2019Etat et de faits connexes, ind\u00e9pendamment des faits d\u2019intelligence avec l\u2019ennem<\/em>i.\u00a0\u00bb (cf. Claude Mouton, Au plus fort de la tourmente, Claire Ferchaud, \u00e9d. R\u00e9siac 1983, p. 14)<\/span><\/h3>\n<h3><span style=\"color:#008000;\">Or, en ce combat de l\u2019ombre, peu apr\u00e8s la r\u00e9ception de Claire Ferchaud par le Pr\u00e9sident Poincar\u00e9, la Franc-Ma\u00e7onnerie s\u2019efforce pr\u00e9cis\u00e9ment de faire apposer un embl\u00e8me sur le drapeau de la Soci\u00e9t\u00e9 des Nations, repr\u00e9sentant \u00ab\u00a0le Coeur de l\u2019Humanit\u00e9\u00a0\u00bb\u2026 (<span style=\"color:#ff6600;\">Louis Charbonneau-Lassay *, n\u00e9 \u00e0 Loudun\u00a0 Les repr\u00e9sentations blasph\u00e9matoires du Coeur de J\u00e9sus, revue \u00ab Regnabit \u00bb, ao\u00fbt-septembre 1924; Claude Mouton, op. cit. p. 37) * <\/span><\/span><span style=\"color:#0000ff;\">https:\/\/fr.wikipedia.org\/wiki\/Louis_Charbonneau-Lassay<\/span><\/h3>\n<h3><span style=\"color:#008000;\">Devant l\u2019inertie du Pr\u00e9sident et le d\u00e9sastre des arm\u00e9es, le 7 mai 1917, Claire Ferchaud adresse cette lettre \u00e0 quinze g\u00e9n\u00e9raux fran\u00e7ais :<\/span><\/h3>\n<h3 id=\"yui_3_16_0_ym19_1_1534955282546_140018\"><span style=\"color:#ff6600;\">\u00ab\u00a0Mon G\u00e9n\u00e9ral,<\/span><\/h3>\n<h3><span style=\"color:#ff00ff;\">C\u2019est pour ob\u00e9ir \u00e0 Dieu que j\u2019ai l\u2019honneur de faire conna\u00eetre sa volont\u00e9 \u00e0 tous les g\u00e9n\u00e9raux de France. <em>Notre Seigneur qui aime tant les Francs leur demande d\u2019accomplir un acte de foi vis-\u00e0-vis de sa royaut\u00e9 divine et de r\u00e9clamer pr\u00e8s du chef de l\u2019Etat que l\u2019image du Sacr\u00e9-Coeur, signe d\u2019esp\u00e9rance et de salut, brille officiellement sur nos couleurs nationales.<\/em><\/span><br \/>\n<span style=\"color:#ff00ff;\"><em><span style=\"color:#ff00ff;\">En r\u00e9compense de cet hommage rendu<\/span> par Dieu \u00e0 nos vaillants d\u00e9fenseurs, le Sacr\u00e9-Coeur leur promet le salut et la victoire sur tous nos ennemis. C\u2019est aussi pour \u00e9viter une catastrophe que Dieu fait avertir nos G\u00e9n\u00e9raux de la perte que risque notre pauvre pays de France, qui est conduit par un gouvernement impie, et dont la franc-ma\u00e7onnerie dirige la France \u00e0 sa perte par d\u2019affreuses trahisons<\/em>\u2026 \u00bb <\/span><\/h3>\n<h3><span style=\"color:#008000;\"><span style=\"color:#ff00ff;\">Elle \u00e9voque alors pour les G\u00e9n\u00e9raux l\u2019extase durant laquelle le Sacr\u00e9-Coeur d\u00e9non\u00e7a les agissements de la franc-ma\u00e7onnerie, \u00ab\u00a0l\u2019ennemi int\u00e9rieur qui veut la perte de la religion catholique\u00a0\u00bb, et elle invite tous les chr\u00e9tiens \u00e0 s\u2019agenouiller en bons fran\u00e7ais devant l\u2019\u00e9tendard du Sacr\u00e9-Coeur pour se relever vainqueurs<\/span>. (<span style=\"color:#ff6600;\">Claire Ferchaud, notes autobiographiques, t. II, Mission Nationale, \u00e9d. T\u00e9qui, 1974, p. 39-40)<\/span><\/span><\/h3>\n<h3><span style=\"color:#008000;\">La d\u00e9marche de Claire Ferchaud n\u2019est pas inutile. Bien que le Pr\u00e9sident Poincar\u00e9, Malvy, Ministre de l\u2019Int\u00e9rieur, Painlev\u00e9, Ministre de la guerre, le g\u00e9n\u00e9ral Philippe P\u00e9tain, chef d\u2019\u00e9tat-major g\u00e9n\u00e9ral, s\u2019y opposent, de tr\u00e8s nombreux soldats fran\u00e7ais placent l\u2019image du SACR\u00c9-COEUR sur (ou sous\u2026) leurs capotes \u00e0 titre personnel.<\/span><br \/>\n<span style=\"color:#008000;\">Comme l\u2019avait pr\u00e9dit Claire Ferchaud, les allemands arrivent aux portes de Paris. En juin 1918, le g\u00e9n\u00e9ral Foch, DRAPEAU DU SACR\u00c9-COEUR EN TETE, r\u00e9ussit \u00e0 repousser les 15 divisions allemandes. Devenu g\u00e9n\u00e9ralissime, au cours d\u2019une c\u00e9r\u00e9monie priv\u00e9e dans son quartier g\u00e9n\u00e9ral, \u00e0 Bombon en Seine-et-Marne, IL CONSACRE SES ARM\u00c9ES AU SACR\u00c9-COEUR dans la nuit du 18 au 19 juillet 1918. Nombreux sont les historiens catholiques qui attribuent sa victoire militaire \u00e0 cette cons\u00e9cration. Lors du limogeage de Joffre \u00e0 la fin de l\u2019ann\u00e9e 1916, le Gouvernement s\u2019\u00e9tait efforc\u00e9 d\u2019\u00e9carter Foch et priver la France de ses services sous pr\u00e9texte que, selon le mot de Viviani \u00e0 Raymond Recouly, il \u00e9tait trop \u00ab\u00a0mystique\u00a0\u00bb. Une campagne sournoise avait m\u00eame \u00e9t\u00e9 d\u00e9clench\u00e9e contre lui, parce qu\u2019il \u00ab\u00a0allait trop souvent \u00e0 la messe\u00a0\u00bb.<\/span><\/h3>\n<h3><span style=\"color:#ff6600;\">Claire Ferchaud d\u00e9noncera l\u2019attitude du haut-clerg\u00e9 fran\u00e7ais, allant (d\u00e9j\u00e0) dans le sens de la Franc-Ma\u00e7onnerie. Elle dit (le 26 octobre 1930) au P\u00e8re L\u00e9mius :<\/span><\/h3>\n<h3><span style=\"color:#008000;\"><em>\u00ab\u00a0Je pleure surtout sur l\u2019Episcopat fran\u00e7ais qui, le premier, devait r\u00e9pondre \u00e0 cet appel si bon du Sacr\u00e9-Coeur: \u00ab\u00a0Je suis l\u00e0\u00a0\u00bb\u2026<\/em><\/span><br \/>\n<span style=\"color:#008000;\"><em>Je ne puis retenir un frisson d\u2019\u00e9pouvante sur les responsabilit\u00e9s de cet Episcopat, sourd \u00e0 la voix de Dieu\u2026 par \u00e9gard \u00e0 un petit nombre d\u2019hommes, la plupart ath\u00e9es, agents de cette Ma\u00e7onnerie qui tue notre France chr\u00e9tienne.<\/em><\/span><br \/>\n<span style=\"color:#008000;\"><em>\u00ab\u00a0Que de maux, de douleurs on aurait \u00e9vit\u00e9s si la France avait voulu entendre en 1917, le \u00ab\u00a0passage\u00a0\u00bb de la divine Mis\u00e9ricorde! J\u00e9sus alors ne venait pas pour frapper, mais pour sauver\u2026 Et que demandait J\u00e9sus pour prix de son grand Amour pour la France?\u2026 Simplement son Coeur sur notre drapeau! Et dans cette demande divine et dans l\u2019ob\u00e9issance de la France, tout un plan s\u2019\u00e9labore, puis se d\u00e9roule dans notre cher pays\u2026\u00a0<\/em><\/span>\u00bb<span style=\"color:#ff6600;\"> (Claude Mouton, op. cit., p. 40)<\/span><\/h3>\n<h3><span style=\"color:#008000;\">Selon la demande du Christ, Claire Ferchaud avait le sentiment et elle l\u2019a \u00e9crit, qu\u2019en faisant apposer l\u2019embl\u00e8me du Sacr\u00e9-Coeur sur le drapeau de la R\u00e9publique, celui de la Royaut\u00e9 lui serait bien vite substitu\u00e9\u2026 C\u2019est pourquoi, comme pour 1918, la paix de 1944\u00a0 ne constituera \u00e0 ses yeux qu\u2019une tr\u00e8ve avant la grande \u00e9preuve\u2026 \u00bb<\/span><\/h3>\n<dl id=\"yui_3_16_0_ym19_1_1534955282546_141436\">\n<dt id=\"yui_3_16_0_ym19_1_1534955282546_141496\">Pour les Coeurs Crois\u00e9s<br \/>\nJean Stiegler<\/dt>\n<\/dl>\n","protected":false},"excerpt":{"rendered":"<p>Publi\u00e9 le\u00a0juin 7, 2016par\u00a0lavoixdedieu \u00ab \u2026Ainsi, pendant cette guerre terrible Notre-Seigneur confie \u00e0 une \u00e2me privil\u00e9gi\u00e9e, Claire Ferchaud (1896-1972), https:\/\/fr.wikipedia.org\/wiki\/Claire_Ferchaud https:\/\/www.etoilenotredame.org\/sanctuaires\/73-loublande https:\/\/www.viveleroy.fr\/Reprobation-des-pretendues la mission de demander au Pr\u00e9sident de la&#8230; <a href=\"https:\/\/charte-fontevrault-providentialisme.fr\/index.php\/2019\/05\/29\/claire-ferchaud-et-la-franc-maconnerie\/\">Cliquez pour lire davantage &raquo;<\/a><\/p>\n","protected":false},"author":5,"featured_media":0,"comment_status":"open","ping_status":"open","sticky":false,"template":"","format":"standard","meta":{"footnotes":""},"categories":[29],"tags":[1467,3336,3358,4037,4174,6036,7478,9341,11014,11514,14471,14491,20279],"class_list":["post-23742","post","type-post","status-publish","format-standard","hentry","category-uncategorized","tag-basilique-du-sacre-coeur-de-montmartre","tag-claire-ferchaud","tag-claude-mouton-rimbaud","tag-commune-de-loudun-86200","tag-commune-de-paris-75018","tag-editions-resiac","tag-franc-maconnerie","tag-http-fr-wikipedia-org","tag-https-www-etoilenotredame-org","tag-https-www-viveleroy-fr","tag-loublande-commune-de-mauleon-79700","tag-louis-charbonneau-lassay","tag-president-raymond-poincare"],"_links":{"self":[{"href":"https:\/\/charte-fontevrault-providentialisme.fr\/index.php\/wp-json\/wp\/v2\/posts\/23742","targetHints":{"allow":["GET"]}}],"collection":[{"href":"https:\/\/charte-fontevrault-providentialisme.fr\/index.php\/wp-json\/wp\/v2\/posts"}],"about":[{"href":"https:\/\/charte-fontevrault-providentialisme.fr\/index.php\/wp-json\/wp\/v2\/types\/post"}],"author":[{"embeddable":true,"href":"https:\/\/charte-fontevrault-providentialisme.fr\/index.php\/wp-json\/wp\/v2\/users\/5"}],"replies":[{"embeddable":true,"href":"https:\/\/charte-fontevrault-providentialisme.fr\/index.php\/wp-json\/wp\/v2\/comments?post=23742"}],"version-history":[{"count":0,"href":"https:\/\/charte-fontevrault-providentialisme.fr\/index.php\/wp-json\/wp\/v2\/posts\/23742\/revisions"}],"wp:attachment":[{"href":"https:\/\/charte-fontevrault-providentialisme.fr\/index.php\/wp-json\/wp\/v2\/media?parent=23742"}],"wp:term":[{"taxonomy":"category","embeddable":true,"href":"https:\/\/charte-fontevrault-providentialisme.fr\/index.php\/wp-json\/wp\/v2\/categories?post=23742"},{"taxonomy":"post_tag","embeddable":true,"href":"https:\/\/charte-fontevrault-providentialisme.fr\/index.php\/wp-json\/wp\/v2\/tags?post=23742"}],"curies":[{"name":"wp","href":"https:\/\/api.w.org\/{rel}","templated":true}]}}