{"id":23752,"date":"2019-05-29T12:00:54","date_gmt":"2019-05-29T10:00:54","guid":{"rendered":"https:\/\/chartedefontevraultprovidentialisme.wordpress.com\/?p=23752"},"modified":"2019-05-29T12:00:54","modified_gmt":"2019-05-29T10:00:54","slug":"louis-chiren-maitre-imagier-de-la-flotte-providentialiste-offre-aux-royalistes-pro-rege-et-patria","status":"publish","type":"post","link":"https:\/\/charte-fontevrault-providentialisme.fr\/index.php\/2019\/05\/29\/louis-chiren-maitre-imagier-de-la-flotte-providentialiste-offre-aux-royalistes-pro-rege-et-patria\/","title":{"rendered":"Louis Chiren, Ma\u00eetre imagier de la flotte providentialiste offre aux royalistes \u201dPro Rege et Patria\u201d"},"content":{"rendered":"<div id=\"comp-jfhyunze\" class=\"style-jqkspna3\" title=\"Lys de France par Louis Chiren\">\n<div id=\"comp-jfhyunzelink\" class=\"style-jqkspna3link\">\n<div id=\"comp-jfhyunzeimg\" class=\"style-jqkspna3img\">\n<div id=\"nav-above\" class=\"navigation\"><\/div>\n<div id=\"post-23685\" class=\"post-23685 post type-post status-publish format-standard hentry category-blogs-et-sites-catholiques category-blogs-et-sites-providentialistes tag-cavalier-de-lapocalypse tag-maitre-louis-chiren-o-mon-roi tag-origlamme-de-saint-denis\">\n<h3 class=\"entry-meta\"><span style=\"color:#ff00ff;\">AVIS IMPORTANT de Louis Chiren . <em>\u201cLa Charte de Fontevrault fond\u00e9e par Monsieur Alain Texier le 25 ao\u00fbt 1988 en l\u2019abbaye royale homonyme, a l\u2019autorisation de reproduire les textes ainsi que les oeuvres picturales de Louis Chiren pour l\u2019ensemble de ses oeuvres\u201d.<\/em><\/span><\/h3>\n<div class=\"entry-content\">\n<p style=\"text-align:center;\">\u2014\u2014\u2014\u2014<\/p>\n<\/div>\n<\/div>\n<\/div>\n<\/div>\n<\/div>\n<div id=\"comp-jfhxeh71\" class=\"style-jfi0d7t1\" title=\"Cartouche de bois peint par Louis Chiren\">\n<div id=\"comp-jfhxeh71link\" class=\"style-jfi0d7t1link\">\n<div id=\"comp-jfhxeh71img\" class=\"style-jfi0d7t1img\">\n<div style=\"width: 1106px\" class=\"wp-caption alignnone\"><img loading=\"lazy\" decoding=\"async\" id=\"comp-jfhxeh71imgimage\" src=\"https:\/\/static.wixstatic.com\/media\/37e82f_8f16ebfab24c47319c220e03fa75f905~mv2.jpg\/v1\/fill\/w_1096,h_1466,al_c,q_85,usm_0.66_1.00_0.01\/37e82f_8f16ebfab24c47319c220e03fa75f905~mv2.webp\" alt=\"Cartouche de bois peint par Louis Chiren, Helvetiorum Fidei ac Virtuti, gardes Suisses de Louis XVI, monument du lion de Lucerne, journ\u00e9e du 10 ao\u00fbt 1792\" width=\"1096\" height=\"1466\" \/><p class=\"wp-caption-text\">https:\/\/louischiren6.wixsite.com\/peintreetpoete\/helvetiorum-fidei-ac-virtuti<\/p><\/div>\n<\/div>\n<\/div>\n<\/div>\n<div class=\"style-jqkspna3img\">\n<div id=\"comp-jfhxynbw\" class=\"txtNew\">\n&nbsp;<\/p>\n<ul>\n<li><span style=\"color:#ff6600;\">Hoomages aux\u00a0 Gardes\u00a0 Suisses massacr\u00e9s le 10 aout 1792<\/span><\/li>\n<li><span style=\"color:#ff6600;\">et \u00e0 leur\u00a0 chef l&#8217;officier <b>Karl Josef Anton L\u00e9odegard von Bachmann<\/b>, commandant le r\u00e9giment des Gardes suisses le 10 ao\u00fbt 1792 aux Tuileries \u00a0mort guillotin\u00e9 le 3 septembre 1792 \u00e0 Paris.\u00a0<\/span><\/li>\n<\/ul>\n<p class=\"font_8\"><span style=\"color:#008000;\"><em>Journ\u00e9e du dix ao\u00fbt<\/em><\/span><\/p>\n<p class=\"font_8\"><span style=\"color:#008000;\"><em>Palais des Tuileries<\/em><\/span><\/p>\n<p class=\"font_8\"><span style=\"color:#008000;\"><em>La r\u00e9volte gronde<\/em><\/span><\/p>\n<p class=\"font_8\"><span style=\"color:#008000;\"><em>C\u2019est la r\u00e9volution<\/em><\/span><\/p>\n<p>&nbsp;<\/p>\n<p class=\"font_8\"><span style=\"color:#008000;\"><em>La haine \u00e0 son comble<\/em><\/span><\/p>\n<p class=\"font_8\"><span style=\"color:#008000;\"><em>Les Suisses en alerte<\/em><\/span><\/p>\n<p class=\"font_8\"><span style=\"color:#008000;\"><em>S\u2019opposant au crime<\/em><\/span><\/p>\n<p class=\"font_8\"><span style=\"color:#008000;\"><em>De l\u00e8se majest\u00e9<\/em><\/span><\/p>\n<p class=\"font_8\"><span style=\"color:#008000;\"><em>Louis Seize au supplice<\/em><\/span><\/p>\n<p class=\"font_8\"><span style=\"color:#008000;\"><em>Que doit-il faire<\/em><\/span><\/p>\n<p class=\"font_8\"><span style=\"color:#008000;\"><em>Le c\u0153ur du roi saigne<\/em><\/span><\/p>\n<p class=\"font_8\"><span style=\"color:#008000;\"><em>Il aime son peuple<\/em><\/span><\/p>\n<p>&nbsp;\n<\/p><\/div>\n<div id=\"comp-jfhy02qs\" class=\"txtNew\">\n<p class=\"font_8\"><span style=\"color:#008000;\"><em>La garde en d\u00e9fense<\/em><\/span><\/p>\n<p class=\"font_8\"><span style=\"color:#008000;\"><em>Plus de neuf cent hommes<\/em><\/span><\/p>\n<p class=\"font_8\"><span style=\"color:#008000;\"><em>Attendent le choc<\/em><\/span><\/p>\n<p class=\"font_8\"><span style=\"color:#008000;\"><em>D\u2019une foule d\u00e9cha\u00een\u00e9e<\/em><\/span><\/p>\n<p class=\"font_8\"><span style=\"color:#008000;\"><em>D\u00e9pass\u00e9e par le nombre<\/em><\/span><\/p>\n<p class=\"font_8\"><span style=\"color:#008000;\"><em>La bataille fait rage<\/em><\/span><\/p>\n<p class=\"font_8\"><span style=\"color:#008000;\"><em>Disloqu\u00e9e par groupe<\/em><\/span><\/p>\n<p class=\"font_8\"><span style=\"color:#008000;\"><em>Son courage sans faille<\/em><\/span><\/p>\n<p class=\"font_8\"><span style=\"color:#008000;\"><em>Un ordre tombe t-il<\/em><\/span><\/p>\n<p class=\"font_8\"><span style=\"color:#008000;\"><em>Leur feu cesse soudain<\/em><\/span><\/p>\n<p class=\"font_8\"><span style=\"color:#008000;\"><em>Plus de six cent tombent<\/em><\/span><\/p>\n<p class=\"font_8\"><span style=\"color:#008000;\"><em>Pour la d\u00e9fense du Lys<\/em><\/span><\/p>\n<p>&nbsp;\n<\/p><\/div>\n<div id=\"comp-jfhy04jm\" class=\"txtNew\">\n<p class=\"font_8\"><span style=\"color:#008000;\"><em>Leur chemin de Croix<\/em><\/span><\/p>\n<p class=\"font_8\"><span style=\"color:#008000;\"><em>Prend fin en septembre<\/em><\/span><\/p>\n<p class=\"font_8\"><span style=\"color:#008000;\"><em>Ce mois sanguinaire<\/em><\/span><\/p>\n<p class=\"font_8\"><span style=\"color:#008000;\"><em>Mois r\u00e9publicain<\/em><\/span><\/p>\n<p>&nbsp;<\/p>\n<p class=\"font_8\"><span style=\"color:#008000;\"><em>Gloire aux gardes Suisses<\/em><\/span><\/p>\n<p class=\"font_8\"><span style=\"color:#008000;\"><em>A Lucerne honor\u00e9s<\/em><\/span><\/p>\n<p class=\"font_8\"><span style=\"color:#008000;\"><em>Ils n\u2019ont pas failli<\/em><\/span><\/p>\n<p class=\"font_8\"><span style=\"color:#008000;\"><em>Nous n\u2019oublierons pas<\/em><\/span><\/p>\n<p>&nbsp;<\/p>\n<p class=\"font_8\"><span style=\"color:#008000;\"><em>La contre offensive<\/em><\/span><\/p>\n<p class=\"font_8\"><span style=\"color:#008000;\"><em>En ce jour naissait<\/em><\/span><\/p>\n<p class=\"font_8\"><span style=\"color:#008000;\"><em>La Rochejaquelein<\/em><\/span><\/p>\n<p class=\"font_8\"><span style=\"color:#008000;\"><em>Avec eux sabrait<\/em><\/span><\/p>\n<\/div>\n<\/div>\n<div id=\"comp-jfhxeh6p\" class=\"ca1\" title=\"Devise de la garde Suisse au service de la couronne de France\">\n<div id=\"comp-jfhxeh6plink\" class=\"ca1link\">\n<div id=\"comp-jfhxeh6pimg\" class=\"ca1img\"><img decoding=\"async\" id=\"comp-jfhxeh6pimgimage\" src=\"https:\/\/static.wixstatic.com\/media\/37e82f_c4f30772ecdc4f90b99651ef1cf0b402~mv2.png\/v1\/fill\/w_605,h_90,al_c,lg_1,q_80\/37e82f_c4f30772ecdc4f90b99651ef1cf0b402~mv2.webp\" alt=\"\" \/><\/div>\n<\/div>\n<\/div>\n<div id=\"comp-jfhxn46c\" class=\"txtNew\">\n<p class=\"font_8\"><span style=\"color:#008000;\">Je ne choisis pas vraiment les th\u00e8mes de mes cr\u00e9ations, pas plus que je ne d\u00e9cide du moment de leur r\u00e9alisation.<\/span><\/p>\n<p class=\"font_8\"><span style=\"color:#ff00ff;\">L\u2019id\u00e9e de ce cartouche a germ\u00e9 en d\u00e9cembre 2014. La r\u00e9alisation\u00a0de cet objet de bois qui mesure 33,5 cm de hauteur par\u00a022,5 cm de largeur s\u2019est effectu\u00e9e les 21 et 22 f\u00e9vrier 2015.<\/span><\/p>\n<p class=\"font_8\"><span style=\"color:#008000;\">Il est reli\u00e9 aux Suisses, \u00e0 Louis XVI, au monument du lion de Lucerne en Suisse et \u00e0 Henri V de la Croix.<\/span><\/p>\n<p class=\"font_8\"><span style=\"color:#008000;\">Le monument comporte une d\u00e9dicace latine: \u201cHelvetiorum Fidei ac Virtuti\u201d (\u00e0 la loyaut\u00e9 et \u00e0 la bravoure des Suisses).<\/span><\/p>\n<p class=\"font_8\"><span style=\"color:#ff6600;\">J\u2019ai invers\u00e9 deux mots Fidei et Virtuti ce qui ne change pas le sens mais permet d\u2019obtenir l\u2019abr\u00e9viation \u201cHVF\u201d pour Henri V pour la France\u00a0puisqu\u2019il sera le vrai roi de droit divin apr\u00e8s Louis XVI et Louis XVII.<\/span><\/p>\n<p class=\"font_8\"><span style=\"color:#ff00ff;\">Que s\u2019est-il pass\u00e9 le 21 f\u00e9vrier pouvant avoir un lien avec l\u2019histoire de nos rois ou de la sainte religion catholique ?<\/span><\/p>\n<p class=\"font_8\"><span style=\"color:#008000;\">Le 21 f\u00e9vrier 1431 sainte Jeanne d\u2019Arc comparaissait devant un tribunal eccl\u00e9siastique alors m\u00eame qu\u2019on lui avait d\u00e9ni\u00e9 le droit d\u2019assister \u00e0 la messe.<\/span><\/p>\n<p class=\"font_8\"><span style=\"color:#008000;\">Le 21 f\u00e9vrier 1403 est \u00e9galement le jour de la naissance de Charles VII \u00e0 l\u2019h\u00f4tel saint Paul de Paris.<\/span><\/p>\n<p class=\"font_8\"><span style=\"color:#008000;\">J\u2019ai trouv\u00e9 une connexion avec un adversaire de la Croix et du Lys. Le 21 f\u00e9vrier 1677 est le jour de la mort de Baruch Spinoza <a href=\"https:\/\/fr.wikipedia.org\/wiki\/Baruch_Spinoza.\">https:\/\/fr.wikipedia.org\/wiki\/Baruch_Spinoza.<\/a>\u00a0 En 1670 il publiera anonymement un trait\u00e9 de th\u00e9ologie politique <a href=\"https:\/\/fr.wikipedia.org\/wiki\/Trait\u00e9_th\u00e9ologico-politique\">https:\/\/fr.wikipedia.org\/wiki\/Trait\u00e9_th\u00e9ologico-politique\u00a0<\/a> o\u00f9 on peut y lire cet extrait: \u201c<em>Le grand secret du r\u00e9gime monarchique et son int\u00e9r\u00eat majeur est de tromper les hommes et de couvrir du nom de religion la crainte qui doit les ma\u00eetriser\u201d<\/em>\u2026 on y ressent bien la doctrine et la philosophie des lumi\u00e8res qui renversera le tr\u00f4ne en 1789.<\/span><\/p>\n<p class=\"font_8\"><span style=\"color:#008000;\">Ainsi le Sacr\u00e9-C\u0153ur veillait sur le roi lorsqu\u2019Il lui fera sa demande de cons\u00e9cration en 1689 part l&#8217;interm\u00e9diaire de sainte Marguerite Marie.<\/span><\/p>\n<p class=\"font_8\"><span style=\"color:#ff00ff;\">Pour le 22 f\u00e9vrier.<\/span><\/p>\n<p class=\"font_8\"><span style=\"color:#008000;\">C\u2019est la f\u00eate de la Bienheureuse\u00a0 \u00c9lisabeth de France (1225-1270) s\u0153ur de saint Louis.<\/span><br \/>\n<span style=\"color:#008000;\">(On pensera aussi \u00e0 madame \u00c9lisabeth s\u0153ur de Louis XVI).<\/span><\/p>\n<p class=\"font_8\"><span style=\"color:#008000;\">Le 22 f\u00e9vrier 1358, le pr\u00e9v\u00f4t des marchands \u00c9tienne Marcel massacre les mar\u00e9chaux de Champagne et de Normandie sous les yeux du dauphin Charles, h\u00e9ritier du tr\u00f4ne. Il pr\u00e9serve toutefois ce dernier de l\u2019assassinat en le coiffant du chaperon aux couleurs de Paris, le bleu et le rouge, que portent ses partisans (cela nous parle n\u2019est-ce pas !).<\/span><br \/>\n<span style=\"color:#008000;\">Le dauphin, humili\u00e9, s\u2019enfuit un peu plus tard de Paris. Il y reviendra en triomphe le 2 ao\u00fbt suivant, suite \u00e0 l\u2019\u00e9chec et \u00e0 la mort du pr\u00e9v\u00f4t. Devenu Charles V il construira la Bastille\u2026\u2026\u2026<\/span><\/p>\n<p class=\"font_8\"><span style=\"color:#008000;\">Le 22 f\u00e9vrier 1848 marque l\u2019insurrection r\u00e9publicaine \u00e0 Paris sous Louis-Philippe.<\/span><\/p>\n<\/div>\n","protected":false},"excerpt":{"rendered":"<p>AVIS IMPORTANT de Louis Chiren . \u201cLa Charte de Fontevrault fond\u00e9e par Monsieur Alain Texier le 25 ao\u00fbt 1988 en l\u2019abbaye royale homonyme, a l\u2019autorisation de reproduire les textes ainsi&#8230; <a href=\"https:\/\/charte-fontevrault-providentialisme.fr\/index.php\/2019\/05\/29\/louis-chiren-maitre-imagier-de-la-flotte-providentialiste-offre-aux-royalistes-pro-rege-et-patria\/\">Cliquez pour lire davantage &raquo;<\/a><\/p>\n","protected":false},"author":5,"featured_media":0,"comment_status":"open","ping_status":"open","sticky":false,"template":"","format":"standard","meta":{"footnotes":""},"categories":[12],"tags":[207,1454,4156,6304,6694,7845,13055,15138,15306,15081,15548,18400,22846,22990,23299],"class_list":["post-23752","post","type-post","status-publish","format-standard","hentry","category-blogs-et-sites-providentialistes","tag-1848-22-fevrier","tag-baruch-spinoza","tag-commune-de-paris-75001","tag-elizabeth-de-france-1225-1270","tag-etienne-marcel","tag-gardes-suisses","tag-karl-josef-anton-leodegard-von-bachmann","tag-madame-elizabeth","tag-maitre-louis-chiren","tag-maitre-louis-chiren-pro-rege-et-patria","tag-marguerite-marie-alacoque-ste","tag-palais-des-tuileries-paris","tag-roi-de-france-charles-v","tag-roi-des-francais-louis-philippe-ier","tag-rois-de-france-et-de-navarre"],"_links":{"self":[{"href":"https:\/\/charte-fontevrault-providentialisme.fr\/index.php\/wp-json\/wp\/v2\/posts\/23752","targetHints":{"allow":["GET"]}}],"collection":[{"href":"https:\/\/charte-fontevrault-providentialisme.fr\/index.php\/wp-json\/wp\/v2\/posts"}],"about":[{"href":"https:\/\/charte-fontevrault-providentialisme.fr\/index.php\/wp-json\/wp\/v2\/types\/post"}],"author":[{"embeddable":true,"href":"https:\/\/charte-fontevrault-providentialisme.fr\/index.php\/wp-json\/wp\/v2\/users\/5"}],"replies":[{"embeddable":true,"href":"https:\/\/charte-fontevrault-providentialisme.fr\/index.php\/wp-json\/wp\/v2\/comments?post=23752"}],"version-history":[{"count":0,"href":"https:\/\/charte-fontevrault-providentialisme.fr\/index.php\/wp-json\/wp\/v2\/posts\/23752\/revisions"}],"wp:attachment":[{"href":"https:\/\/charte-fontevrault-providentialisme.fr\/index.php\/wp-json\/wp\/v2\/media?parent=23752"}],"wp:term":[{"taxonomy":"category","embeddable":true,"href":"https:\/\/charte-fontevrault-providentialisme.fr\/index.php\/wp-json\/wp\/v2\/categories?post=23752"},{"taxonomy":"post_tag","embeddable":true,"href":"https:\/\/charte-fontevrault-providentialisme.fr\/index.php\/wp-json\/wp\/v2\/tags?post=23752"}],"curies":[{"name":"wp","href":"https:\/\/api.w.org\/{rel}","templated":true}]}}