{"id":2390,"date":"2013-10-08T17:55:40","date_gmt":"2013-10-08T17:55:40","guid":{"rendered":"http:\/\/chartedefontevraultprovidentialisme.wordpress.com\/?p=2390"},"modified":"2013-10-08T17:55:40","modified_gmt":"2013-10-08T17:55:40","slug":"bleu-blanc-roi-le-trone-nest-pas-un-fauteuil-vide","status":"publish","type":"post","link":"https:\/\/charte-fontevrault-providentialisme.fr\/index.php\/2013\/10\/08\/bleu-blanc-roi-le-trone-nest-pas-un-fauteuil-vide\/","title":{"rendered":"&#8220;Bleu, Blanc, Roi&#8221; ! Le tr\u00f4ne n&#8217;est pas un fauteuil vide."},"content":{"rendered":"<p>Bienvenue sur le site !<\/p>\n<p>Journal de chroniques ouvertes et de tribunes libres sur des th\u00e8mes vari\u00e9s le plus souvent inspir\u00e9s de l\u2019actualit\u00e9, c\u2019est aussi une revue de presse. Une nouvelle Gazette de Leyde ou de Berlin\u2026<\/p>\n<p>Ce cybercarnet s\u2019\u00e9claire \u00e0 la lanterne d\u00e9mocratique (subsidiarit\u00e9), \u00e0 la lumi\u00e8re r\u00e9publicaine (b\u00e9n\u00e9publique) et au flambeau patriote (terre des p\u00e8res, de naissance et\/ou d\u2019\u00e9ducation); donc royaliste.<\/p>\n<p>Bon. On me dit que c\u2019est anonyme et toussa, transparence et connivence, blabla. Il f\u00f4 nourrir la b\u00eate.<\/p>\n<p>Alors j\u2019ai pass\u00e9 l\u2019\u00e2ge de demander \u00e0 ma m\u00e8re si je peux prendre un verre de Premier Cru bien situ\u00e9 quelque soit l\u2019heure, je traine mes humeurs sous un climat que les m\u00e9ridionaux \u00e9vitent avec crainte, je me d\u00e9place souvent pour le plaisir travail. Ma vie s\u2019agr\u00e9mente d\u2019une douce kompagne \u00e0 l\u2019accent alpin du nord, qui m\u2019a donn\u00e9 un r\u00e9cent petit tyran domestique.<\/p>\n<p>Voila. Quant \u00e0 connaitre mon patrimoine comme nos ministricules, je vais vous d\u00e9cevoir: vous le tenez entre vos mains (ou sous vos yeux, c\u2019est selon) et il est principalement immat\u00e9riel. Voyez-vous, ils n\u2019ont pas les m\u00eames valeurs.<\/p>\n<p>Enfin, d\u00e9go\u00fbt\u00e9 de ces sempiternelles valeurs de la r\u00e9publicaines sans cesse victimes de d\u00e9rives monarchiques vicieuses qui s\u2019emparent de nos honn\u00eates \u00e9lus comme une vilaine grippe d\u00e8s qu\u2019on a le dos tourn\u00e9, je suis all\u00e9 me renseigner sur ce c\u00f4t\u00e9 si obscure que finalement seuls les pourris condamnent. Et bien l\u2019herbe y est plus verte et les libert\u00e9s r\u00e9elles. J\u2019esp\u00e8re vous faire partager ces d\u00e9couverte loin du poison propagandiste qui salit notre pass\u00e9 commun.<\/p>\n<p><span style=\"color:#0000ff;\">http:\/\/lebleublancroi.wordpress.com\/accueil\/<\/span><\/p>\n<p><strong>Et merci pour cette insertion: \u00a0 \u00a0 \u00a0<\/strong> \u00a0 \u00a0 \u00a0 \u00a0 \u00a0 \u00a0 \u00a0 \u00a0 \u00a0 \u00a0 \u00a0 \u00a0 \u00a0 \u00a0 \u00a0 \u00a0 \u00a0 \u00a0 \u00a0 \u00a0 \u00a0 \u00a0 \u00a0 \u00a0 \u00a0 \u00a0 \u00a0 \u00a0 \u00a0 \u00a0 \u00a0 \u00a0 \u00a0 \u00a0 \u00a0 \u00a0 \u00a0 \u00a0 \u00a0 \u00a0 \u00a0 \u00a0 \u00a0 \u00a0 \u00a0 \u00a0 \u00a0 http:\/\/lebleublancroi.wordpress.com\/2013\/09\/25\/rendez-vous-la-biennale-blanche-2013\/<\/p>\n<p>&nbsp;<\/p>\n","protected":false},"excerpt":{"rendered":"<p>Bienvenue sur le site ! Journal de chroniques ouvertes et de tribunes libres sur des th\u00e8mes vari\u00e9s le plus souvent inspir\u00e9s de l\u2019actualit\u00e9, c\u2019est aussi une revue de presse. Une&#8230; <a href=\"https:\/\/charte-fontevrault-providentialisme.fr\/index.php\/2013\/10\/08\/bleu-blanc-roi-le-trone-nest-pas-un-fauteuil-vide\/\">Cliquez pour lire davantage &raquo;<\/a><\/p>\n","protected":false},"author":5,"featured_media":0,"comment_status":"open","ping_status":"open","sticky":false,"template":"","format":"standard","meta":{"footnotes":""},"categories":[4],"tags":[1707,9429],"class_list":["post-2390","post","type-post","status-publish","format-standard","hentry","category-action-royaliste","tag-biennale-blanche-2013","tag-http-lebleublancroi-wordpress-com"],"_links":{"self":[{"href":"https:\/\/charte-fontevrault-providentialisme.fr\/index.php\/wp-json\/wp\/v2\/posts\/2390","targetHints":{"allow":["GET"]}}],"collection":[{"href":"https:\/\/charte-fontevrault-providentialisme.fr\/index.php\/wp-json\/wp\/v2\/posts"}],"about":[{"href":"https:\/\/charte-fontevrault-providentialisme.fr\/index.php\/wp-json\/wp\/v2\/types\/post"}],"author":[{"embeddable":true,"href":"https:\/\/charte-fontevrault-providentialisme.fr\/index.php\/wp-json\/wp\/v2\/users\/5"}],"replies":[{"embeddable":true,"href":"https:\/\/charte-fontevrault-providentialisme.fr\/index.php\/wp-json\/wp\/v2\/comments?post=2390"}],"version-history":[{"count":0,"href":"https:\/\/charte-fontevrault-providentialisme.fr\/index.php\/wp-json\/wp\/v2\/posts\/2390\/revisions"}],"wp:attachment":[{"href":"https:\/\/charte-fontevrault-providentialisme.fr\/index.php\/wp-json\/wp\/v2\/media?parent=2390"}],"wp:term":[{"taxonomy":"category","embeddable":true,"href":"https:\/\/charte-fontevrault-providentialisme.fr\/index.php\/wp-json\/wp\/v2\/categories?post=2390"},{"taxonomy":"post_tag","embeddable":true,"href":"https:\/\/charte-fontevrault-providentialisme.fr\/index.php\/wp-json\/wp\/v2\/tags?post=2390"}],"curies":[{"name":"wp","href":"https:\/\/api.w.org\/{rel}","templated":true}]}}