{"id":2394,"date":"2013-10-08T21:15:59","date_gmt":"2013-10-08T21:15:59","guid":{"rendered":"http:\/\/chartedefontevraultprovidentialisme.wordpress.com\/?p=2394"},"modified":"2013-10-08T21:15:59","modified_gmt":"2013-10-08T21:15:59","slug":"le-gripp-et-la-biennale-blanche-un-interet-reciproque","status":"publish","type":"post","link":"https:\/\/charte-fontevrault-providentialisme.fr\/index.php\/2013\/10\/08\/le-gripp-et-la-biennale-blanche-un-interet-reciproque\/","title":{"rendered":"le GRIPP et la Biennale  Blanche. Un int\u00e9r\u00eat r\u00e9ciproque."},"content":{"rendered":"<p><span style=\"color:#008000;\">Merci au GRIPP qui a annonc\u00e9 \u00e0 nouveau la Biennale \u00a0blanche et \u00e0 son responsable\u00a0<\/span> <span style=\"color:#008000;\"><span style=\"color:#ff6600;\">Georges Jacovlev<\/span>\u00a0qui s&#8217;exprimera \u00a0sur le site de la Biennale \u00a0Blanche \u00e0 15H<\/span><\/p>\n<p><span style=\"color:#0000ff;\">http:\/\/gripp.over-blog.com\/article-venez-nous-rencontrer-a-la-biennale-blanche-120465270.html<\/span><\/p>\n","protected":false},"excerpt":{"rendered":"<p>Merci au GRIPP qui a annonc\u00e9 \u00e0 nouveau la Biennale \u00a0blanche et \u00e0 son responsable\u00a0 Georges Jacovlev\u00a0qui s&#8217;exprimera \u00a0sur le site de la Biennale \u00a0Blanche \u00e0 15H http:\/\/gripp.over-blog.com\/article-venez-nous-rencontrer-a-la-biennale-blanche-120465270.html<\/p>\n","protected":false},"author":5,"featured_media":0,"comment_status":"open","ping_status":"open","sticky":false,"template":"","format":"standard","meta":{"footnotes":""},"categories":[4],"tags":[1707,8076,9372],"class_list":["post-2394","post","type-post","status-publish","format-standard","hentry","category-action-royaliste","tag-biennale-blanche-2013","tag-georges-jacovlev","tag-http-gripp-over-blog-com"],"_links":{"self":[{"href":"https:\/\/charte-fontevrault-providentialisme.fr\/index.php\/wp-json\/wp\/v2\/posts\/2394","targetHints":{"allow":["GET"]}}],"collection":[{"href":"https:\/\/charte-fontevrault-providentialisme.fr\/index.php\/wp-json\/wp\/v2\/posts"}],"about":[{"href":"https:\/\/charte-fontevrault-providentialisme.fr\/index.php\/wp-json\/wp\/v2\/types\/post"}],"author":[{"embeddable":true,"href":"https:\/\/charte-fontevrault-providentialisme.fr\/index.php\/wp-json\/wp\/v2\/users\/5"}],"replies":[{"embeddable":true,"href":"https:\/\/charte-fontevrault-providentialisme.fr\/index.php\/wp-json\/wp\/v2\/comments?post=2394"}],"version-history":[{"count":0,"href":"https:\/\/charte-fontevrault-providentialisme.fr\/index.php\/wp-json\/wp\/v2\/posts\/2394\/revisions"}],"wp:attachment":[{"href":"https:\/\/charte-fontevrault-providentialisme.fr\/index.php\/wp-json\/wp\/v2\/media?parent=2394"}],"wp:term":[{"taxonomy":"category","embeddable":true,"href":"https:\/\/charte-fontevrault-providentialisme.fr\/index.php\/wp-json\/wp\/v2\/categories?post=2394"},{"taxonomy":"post_tag","embeddable":true,"href":"https:\/\/charte-fontevrault-providentialisme.fr\/index.php\/wp-json\/wp\/v2\/tags?post=2394"}],"curies":[{"name":"wp","href":"https:\/\/api.w.org\/{rel}","templated":true}]}}