{"id":2414,"date":"2013-10-09T20:21:36","date_gmt":"2013-10-09T20:21:36","guid":{"rendered":"http:\/\/chartedefontevraultprovidentialisme.wordpress.com\/?p=2414"},"modified":"2013-10-09T20:21:36","modified_gmt":"2013-10-09T20:21:36","slug":"a-propos-du-mariage-de-jacques-de-bourbon-parme","status":"publish","type":"post","link":"https:\/\/charte-fontevrault-providentialisme.fr\/index.php\/2013\/10\/09\/a-propos-du-mariage-de-jacques-de-bourbon-parme\/","title":{"rendered":"A propos du mariage de Jacques de Bourbon-Parme"},"content":{"rendered":"<p>\u00c0 propos du mariage de Jacques de Bourbon Parme<\/p>\n<p>Le Samedi 5 Octobre 2013, \u00e0 Apeldoorn, Jaime de Bourbon Parme et Lippe-Biesterfeld, qui pourrait \u00eatre le titulaire l\u00e9gitime de la succession d&#8217;Espagne, s&#8217;est mari\u00e9 avec Mlle Vikt\u00f3ria Cserveny\u00e1k, avocat hongroise.<\/p>\n<p>En vertu des r\u00e8gles dynastiques de l\u2019Espagne, qui sont applicables \u00e0 la Maison de Parme, ce mariage prive enti\u00e8rement leurs possibles descendants des droits de succession.<\/p>\n<p>Vikt\u00f3ria Cserveny\u00e1k, quant \u00e0 elle, ne pourra d\u00e9tenir aucun titre nobiliaire ni de l\u2019Espagne ni de Parme. \u00c0 Madrid, le 6 Octobre 2013.<\/p>\n<p>Secr\u00e9tariat politique de S.A.R. Sixte-Henri de Bourbon<\/p>\n<p>Twitter: http:\/\/www.carlismo.es\/<\/p>\n<p>@carlismoes<\/p>\n","protected":false},"excerpt":{"rendered":"<p>\u00c0 propos du mariage de Jacques de Bourbon Parme Le Samedi 5 Octobre 2013, \u00e0 Apeldoorn, Jaime de Bourbon Parme et Lippe-Biesterfeld, qui pourrait \u00eatre le titulaire l\u00e9gitime de la&#8230; <a href=\"https:\/\/charte-fontevrault-providentialisme.fr\/index.php\/2013\/10\/09\/a-propos-du-mariage-de-jacques-de-bourbon-parme\/\">Cliquez pour lire davantage &raquo;<\/a><\/p>\n","protected":false},"author":2,"featured_media":0,"comment_status":"open","ping_status":"open","sticky":false,"template":"","format":"standard","meta":{"footnotes":""},"categories":[18],"tags":[12178,26422,29915],"class_list":["post-2414","post","type-post","status-publish","format-standard","hentry","category-familles-royales-francaises-et-etrangeres","tag-jaime-de-bourbon-parme","tag-sixte-henri-de-bourbon-parme","tag-viktoria-cservenyak"],"_links":{"self":[{"href":"https:\/\/charte-fontevrault-providentialisme.fr\/index.php\/wp-json\/wp\/v2\/posts\/2414","targetHints":{"allow":["GET"]}}],"collection":[{"href":"https:\/\/charte-fontevrault-providentialisme.fr\/index.php\/wp-json\/wp\/v2\/posts"}],"about":[{"href":"https:\/\/charte-fontevrault-providentialisme.fr\/index.php\/wp-json\/wp\/v2\/types\/post"}],"author":[{"embeddable":true,"href":"https:\/\/charte-fontevrault-providentialisme.fr\/index.php\/wp-json\/wp\/v2\/users\/2"}],"replies":[{"embeddable":true,"href":"https:\/\/charte-fontevrault-providentialisme.fr\/index.php\/wp-json\/wp\/v2\/comments?post=2414"}],"version-history":[{"count":0,"href":"https:\/\/charte-fontevrault-providentialisme.fr\/index.php\/wp-json\/wp\/v2\/posts\/2414\/revisions"}],"wp:attachment":[{"href":"https:\/\/charte-fontevrault-providentialisme.fr\/index.php\/wp-json\/wp\/v2\/media?parent=2414"}],"wp:term":[{"taxonomy":"category","embeddable":true,"href":"https:\/\/charte-fontevrault-providentialisme.fr\/index.php\/wp-json\/wp\/v2\/categories?post=2414"},{"taxonomy":"post_tag","embeddable":true,"href":"https:\/\/charte-fontevrault-providentialisme.fr\/index.php\/wp-json\/wp\/v2\/tags?post=2414"}],"curies":[{"name":"wp","href":"https:\/\/api.w.org\/{rel}","templated":true}]}}