{"id":24216,"date":"2019-11-21T09:00:58","date_gmt":"2019-11-21T08:00:58","guid":{"rendered":"https:\/\/chartedefontevraultprovidentialisme.wordpress.com\/?p=24216"},"modified":"2019-11-21T09:00:58","modified_gmt":"2019-11-21T08:00:58","slug":"anniversaire-charles-barbanes-a-ete-rappele-a-dieu-le-21-novembre-2018-royal-artillerie-lui-avait-rendu-hommage","status":"publish","type":"post","link":"https:\/\/charte-fontevrault-providentialisme.fr\/index.php\/2019\/11\/21\/anniversaire-charles-barbanes-a-ete-rappele-a-dieu-le-21-novembre-2018-royal-artillerie-lui-avait-rendu-hommage\/","title":{"rendered":"Anniversaire. Charles Barban\u00e9s a \u00e9t\u00e9 rappel\u00e9 \u00e0 Dieu le 21 novembre 2018. Royal Artillerie lui avait rendu hommage."},"content":{"rendered":"<p><strong>jeudi 22 novembre 2018<\/strong><br \/>\n<strong>Charles Barban\u00e8s est mort<\/strong><br \/>\nIl est vraiment triste d&#8217;apprendre le d\u00e9c\u00e8s de Charles Barban\u00e8s, animateur infatigable de la Cellule de Recherches sur Internet de Louis XVII,\u00a0<strong>CRIL17<\/strong>, et comme dit l&#8217;\u00e0-propos de son site :\u00a0<em>cette cellule de membres appartenant au Corps mystique du Royaume de France en survivance, s&#8217;est constitu\u00e9e dans l&#8217;esp\u00e9rance de la r\u00e9surrection du Royaume de France.<\/em><br \/>\nNous avions \u00e9chang\u00e9 nos avis sur des fora royalistes puis sur ce blogue et je lui avais quelquefois oppos\u00e9 l&#8217;invisibilit\u00e9 d&#8217;une descendance du Temple au temps des peines que ce pays a subies et qui auraient justifi\u00e9 son retour. Au cours de ses recherches, Charles Barban\u00e8s a excav\u00e9 un formidable mat\u00e9riau qui a permis de constituer des\u00a0<em>cha\u00eenes de pr\u00e9somptions<\/em>\u00a0v\u00e9ritablement fond\u00e9es, mais il lui a toujours manqu\u00e9 le maillon d\u00e9cisif, infractable. Il est aussi devenu le prisonnier de sa th\u00e8se et de ses nombreuses archives, ce qui pouvait \u00eatre lourd \u00e0 porter par moment. Mais il continuait avec un incroyable courage comme le montrent ses derni\u00e8res interventions sur\u00a0<a href=\"http:\/\/cril17.eu\/\">le site de la CRIL17<\/a>.<br \/>\nLa probabilit\u00e9 de sortir ce maillon d\u00e9cisif des tr\u00e9fonds de l&#8217;histoire demeure intacte m\u00eame si les troubles de la p\u00e9riode r\u00e9volutionnaire ont \u00e9parpill\u00e9 et d\u00e9truit beaucoup de preuves n&#8217;en laissant accessible que leurs commencements. Il est \u00e0 souhaiter qu&#8217;un historien reprennent l&#8217;ouvrage o\u00f9 il est tomb\u00e9 des mains de Charles Barban\u00e8s et lui fasse un jour l&#8217;hommage d&#8217;une heureuse conclusion.<br \/>\nDans\u00a0<a href=\"https:\/\/royalartillerie.blogspot.com\/2017\/09\/reponse-charles-barbanes.html\">le dernier billet RA<\/a>\u00a0sur l&#8217;affaire Louis-17 et lui r\u00e9pondant directement puisqu&#8217;il m&#8217;avait transmis ses ouvrages num\u00e9ris\u00e9s, j&#8217;avais ouvert une fen\u00eatre de recherche que peut-\u00eatre ses successeurs pourraient explorer et qui disait ceci :<br \/>\n&#8221; &#8230; [ils] devraient creuser la question d&#8217;outremer, en se souvenant qu&#8217;il n&#8217;\u00e9tait pas si difficile de traverser l&#8217;Atlantique \u00e0 cette \u00e9poque, les \u00e9changes \u00e9tant nombreux et fr\u00e9quents. Les \u00eeles fran\u00e7aises de la Mer des Cara\u00efbes \u00e9taient trop petites pour cacher un dauphin de France, les plantations de la c\u00f4te (am\u00e9ricaine) \u00e9taient infest\u00e9es de Fran\u00e7ais des deux camps, mais le Sud-Dakota auquel on acc\u00e8de facilement en remontant le Missouri et o\u00f9 les Indiens comprenaient le fran\u00e7ais aurait pu convenir.&#8221;<br \/>\nMes plus sinc\u00e8res condol\u00e9ances \u00e0 son \u00e9pouse et \u00e0 sa famille. Il a bien m\u00e9rit\u00e9 de reposer en paix et souhaitons-lui de conna\u00eetre l\u00e0-haut la fin de l&#8217;histoire qui a passionn\u00e9 sa vie terrestre.<br \/>\npubli\u00e9 par\u00a0<a href=\"https:\/\/www.blogger.com\/profile\/14059866619973908839\">Catoneo\u00a0<\/a><br \/>\n<a href=\"https:\/\/www.blogger.com\/share-post.g?blogID=10619200&amp;postID=6547688858272813801&amp;target=email\">Envoyer par e-mail<\/a><a href=\"https:\/\/www.blogger.com\/share-post.g?blogID=10619200&amp;postID=6547688858272813801&amp;target=blog\">BlogThis!<\/a><a href=\"https:\/\/www.blogger.com\/share-post.g?blogID=10619200&amp;postID=6547688858272813801&amp;target=twitter\">Partager sur Twitter<\/a><a href=\"https:\/\/www.blogger.com\/share-post.g?blogID=10619200&amp;postID=6547688858272813801&amp;target=facebook\">Partager sur Facebook<\/a><a href=\"https:\/\/www.blogger.com\/share-post.g?blogID=10619200&amp;postID=6547688858272813801&amp;target=pinterest\">Partager sur Pinterest<\/a><br \/>\nLibell\u00e9s :\u00a0<a href=\"https:\/\/royalartillerie.blogspot.com\/search\/label\/Barban%C3%A8s\">Barban\u00e8s<\/a>,\u00a0<a href=\"https:\/\/royalartillerie.blogspot.com\/search\/label\/CRIL17\">CRIL17<\/a>,\u00a0<a href=\"https:\/\/royalartillerie.blogspot.com\/search\/label\/Louis%20XVII\">Louis XVII<\/a><br \/>\n<span style=\"color:#0000ff;\">https:\/\/royalartillerie.blogspot.com\/2018\/11\/charles-barbanes-est-mort.html<\/span><\/p>\n","protected":false},"excerpt":{"rendered":"<p>jeudi 22 novembre 2018 Charles Barban\u00e8s est mort Il est vraiment triste d&#8217;apprendre le d\u00e9c\u00e8s de Charles Barban\u00e8s, animateur infatigable de la Cellule de Recherches sur Internet de Louis XVII,\u00a0CRIL17,&#8230; <a href=\"https:\/\/charte-fontevrault-providentialisme.fr\/index.php\/2019\/11\/21\/anniversaire-charles-barbanes-a-ete-rappele-a-dieu-le-21-novembre-2018-royal-artillerie-lui-avait-rendu-hommage\/\">Cliquez pour lire davantage &raquo;<\/a><\/p>\n","protected":false},"author":5,"featured_media":0,"comment_status":"open","ping_status":"open","sticky":false,"template":"","format":"standard","meta":{"footnotes":""},"categories":[15],"tags":[2433,2818,23527],"class_list":["post-24216","post","type-post","status-publish","format-standard","hentry","category-blogs-et-sites-survivantistes","tag-catoneo","tag-charles-barbanes","tag-royal-artillerie"],"_links":{"self":[{"href":"https:\/\/charte-fontevrault-providentialisme.fr\/index.php\/wp-json\/wp\/v2\/posts\/24216","targetHints":{"allow":["GET"]}}],"collection":[{"href":"https:\/\/charte-fontevrault-providentialisme.fr\/index.php\/wp-json\/wp\/v2\/posts"}],"about":[{"href":"https:\/\/charte-fontevrault-providentialisme.fr\/index.php\/wp-json\/wp\/v2\/types\/post"}],"author":[{"embeddable":true,"href":"https:\/\/charte-fontevrault-providentialisme.fr\/index.php\/wp-json\/wp\/v2\/users\/5"}],"replies":[{"embeddable":true,"href":"https:\/\/charte-fontevrault-providentialisme.fr\/index.php\/wp-json\/wp\/v2\/comments?post=24216"}],"version-history":[{"count":0,"href":"https:\/\/charte-fontevrault-providentialisme.fr\/index.php\/wp-json\/wp\/v2\/posts\/24216\/revisions"}],"wp:attachment":[{"href":"https:\/\/charte-fontevrault-providentialisme.fr\/index.php\/wp-json\/wp\/v2\/media?parent=24216"}],"wp:term":[{"taxonomy":"category","embeddable":true,"href":"https:\/\/charte-fontevrault-providentialisme.fr\/index.php\/wp-json\/wp\/v2\/categories?post=24216"},{"taxonomy":"post_tag","embeddable":true,"href":"https:\/\/charte-fontevrault-providentialisme.fr\/index.php\/wp-json\/wp\/v2\/tags?post=24216"}],"curies":[{"name":"wp","href":"https:\/\/api.w.org\/{rel}","templated":true}]}}