{"id":24323,"date":"2019-07-16T09:00:39","date_gmt":"2019-07-16T07:00:39","guid":{"rendered":"https:\/\/chartedefontevraultprovidentialisme.wordpress.com\/?p=24323"},"modified":"2019-07-16T09:00:39","modified_gmt":"2019-07-16T07:00:39","slug":"24323","status":"publish","type":"post","link":"https:\/\/charte-fontevrault-providentialisme.fr\/index.php\/2019\/07\/16\/24323\/","title":{"rendered":"Pontmain. Supplique \u00e0 Dieu pour le retour du Roi du 17 juillet 2019"},"content":{"rendered":"<p><b><strong>17 juillet\u00a0: c\u2019est l\u2019anniversaire du Sacre de Charles VII\u2026 le 590<sup>\u00e8me<\/sup> anniversaire exactement.<\/strong><\/b><\/p>\n<p><b><strong>Juillet\u00a0: C\u2019est le mois du Pr\u00e9cieux Sang\u2026 tout sp\u00e9cialement le Pr\u00e9cieux Sang qui sort du Sacr\u00e9 C\u0153ur, et qui prend sur le Linceul une forme si particuli\u00e8re et proph\u00e9tique\u00a0; supr\u00eame et ultime don de notre Dieu et de notre Roi pour la France.<\/strong><\/b><\/p>\n<p><b><strong>En cette Supplique \u00e0 Dieu pour le retour du Roi du 17 juillet 2019, ayons cette pens\u00e9e en t\u00eate \u00e0 chaque minute pr\u00e9sente de notre p\u00e8lerinage et, comme Marie, m\u00e9ditons-la dans notre c\u0153ur\u00a0!<\/strong><\/b><\/p>\n<p style=\"text-align:center;\"><span style=\"color:#ff00ff;\">La journ\u00e9e se d\u00e9roulera de la fa\u00e7on suivante\u00a0:<\/span><\/p>\n<p><span style=\"color:#ff00ff;\">Le matin\u00a0:<\/span><\/p>\n<p><span style=\"color:#008000;\">. <b><strong>10h30<\/strong><\/b>\u00a0: Messe tridentine dans la maison des parents des voyants (maison mitoyenne \u00e0 la grange),<\/span><\/p>\n<p><span style=\"color:#008000;\">. <b><strong>11h00<\/strong><\/b>\u00a0: Messe ordinaire dans la basilique.<\/span><\/p>\n<p><span style=\"color:#ff00ff;\">L\u2019apr\u00e8s-midi\u00a0:<\/span><\/p>\n<p><span style=\"color:#008000;\">. <b><strong>13h45<\/strong><\/b>\u00a0: Rassemblement devant l\u2019\u00e9glise paroissiale de Pontmain,<\/span><\/p>\n<p><span style=\"color:#008000;\">. 14h00 : Dans l\u2019\u00e9glise, pri\u00e8res \u00e0 Marie-Enfant, devant la statue de la Santissima Bambina (autel \u00e0 gauche du Ma\u00eetre-Autel),<\/span><\/p>\n<p><span style=\"color:#008000;\">. 14h15\u00a0: Devant la statue de Jeanne d\u2019Arc (Jardin des Oblats), pri\u00e8res \u00e0 notre sainte protectrice et lib\u00e9ratrice de la patrie,<\/span><\/p>\n<p><span style=\"color:#008000;\">. 14h30\u00a0: Supplique \u00e0 Dieu pour le retour du Roi dans la chapelle saint Jean XXIII, au 1<sup>er<\/sup> \u00e9tage de la Maison des Oblats derri\u00e8re le ch\u0153ur de la basilique.<\/span><\/p>\n<p><span style=\"color:#008000;\">Le tout se termine vers 17h00 au plus tard avec les pri\u00e8res finales sur le parvis devant Notre-Dame de Pontmain.<\/span><\/p>\n<p><span style=\"color:#008000;\"><b><strong><u>Si vous venez nombreux<\/u>, Dieu h\u00e2tera ses d\u00e9lais du retour en France de Son Roi, le roi du Sacr\u00e9-C\u0153ur\u00a0!<\/strong><\/b><\/span><\/p>\n<p><span style=\"color:#008000;\">Bien \u00e0 vous,<\/span><\/p>\n<p><span style=\"color:#ff6600;\">Chouandecoeur<\/span><\/p>\n","protected":false},"excerpt":{"rendered":"<p>17 juillet\u00a0: c\u2019est l\u2019anniversaire du Sacre de Charles VII\u2026 le 590\u00e8me anniversaire exactement. Juillet\u00a0: C\u2019est le mois du Pr\u00e9cieux Sang\u2026 tout sp\u00e9cialement le Pr\u00e9cieux Sang qui sort du Sacr\u00e9 C\u0153ur,&#8230; <a href=\"https:\/\/charte-fontevrault-providentialisme.fr\/index.php\/2019\/07\/16\/24323\/\">Cliquez pour lire davantage &raquo;<\/a><\/p>\n","protected":false},"author":5,"featured_media":0,"comment_status":"open","ping_status":"open","sticky":false,"template":"","format":"standard","meta":{"footnotes":""},"categories":[7,12],"tags":[1381,2920,3151,4210,15612,23294],"class_list":["post-24323","post","type-post","status-publish","format-standard","hentry","category-blogs-et-sites-catholiques","category-blogs-et-sites-providentialistes","tag-a-pontmain-supplique-a-dieu-pour-le-retour-du-roi","tag-charles-vii-de-france","tag-chouandecoeur","tag-commune-de-pontmain-53220","tag-marie-santissima-bambina","tag-rois-de-france"],"_links":{"self":[{"href":"https:\/\/charte-fontevrault-providentialisme.fr\/index.php\/wp-json\/wp\/v2\/posts\/24323","targetHints":{"allow":["GET"]}}],"collection":[{"href":"https:\/\/charte-fontevrault-providentialisme.fr\/index.php\/wp-json\/wp\/v2\/posts"}],"about":[{"href":"https:\/\/charte-fontevrault-providentialisme.fr\/index.php\/wp-json\/wp\/v2\/types\/post"}],"author":[{"embeddable":true,"href":"https:\/\/charte-fontevrault-providentialisme.fr\/index.php\/wp-json\/wp\/v2\/users\/5"}],"replies":[{"embeddable":true,"href":"https:\/\/charte-fontevrault-providentialisme.fr\/index.php\/wp-json\/wp\/v2\/comments?post=24323"}],"version-history":[{"count":0,"href":"https:\/\/charte-fontevrault-providentialisme.fr\/index.php\/wp-json\/wp\/v2\/posts\/24323\/revisions"}],"wp:attachment":[{"href":"https:\/\/charte-fontevrault-providentialisme.fr\/index.php\/wp-json\/wp\/v2\/media?parent=24323"}],"wp:term":[{"taxonomy":"category","embeddable":true,"href":"https:\/\/charte-fontevrault-providentialisme.fr\/index.php\/wp-json\/wp\/v2\/categories?post=24323"},{"taxonomy":"post_tag","embeddable":true,"href":"https:\/\/charte-fontevrault-providentialisme.fr\/index.php\/wp-json\/wp\/v2\/tags?post=24323"}],"curies":[{"name":"wp","href":"https:\/\/api.w.org\/{rel}","templated":true}]}}