{"id":25636,"date":"2019-09-07T19:00:31","date_gmt":"2019-09-07T17:00:31","guid":{"rendered":"https:\/\/chartedefontevraultprovidentialisme.wordpress.com\/?p=25636"},"modified":"2019-09-07T19:00:31","modified_gmt":"2019-09-07T17:00:31","slug":"louis-chiren-maitre-imagier-de-la-flotte-providentialiste-offre-aux-royalistes-la-tour-du-roy","status":"publish","type":"post","link":"https:\/\/charte-fontevrault-providentialisme.fr\/index.php\/2019\/09\/07\/louis-chiren-maitre-imagier-de-la-flotte-providentialiste-offre-aux-royalistes-la-tour-du-roy\/","title":{"rendered":"Louis Chiren, Ma\u00eetre imagier de la \u00ab flotte providentialiste\u201d offre aux royalistes \u201cLa Tour du Roy&#8221;\u201d"},"content":{"rendered":"<h3 class=\"font_2\"><span class=\"color_35\"><span style=\"color:#ff6600;\">AVIS IMPORTANT DE LOUIS\u00a0 CHIREN,<\/span> \u00a0<\/span><a href=\"https:\/\/lafrancechretienne.wordpress.com\/2016\/02\/17\/louis-chiren-artiste-et-poete-inspire-doeuvres-catholiques-et-royales\/\" rel=\"bookmark\">Artiste et po\u00e8te inspir\u00e9, d\u2019oeuvres catholiques et royales<\/a><\/h3>\n<h3 class=\"font_2\"><a href=\"https:\/\/lafrancechretienne.wordpress.com\/2016\/02\/17\/louis-chiren-artiste-et-poete-inspire-doeuvres-catholiques-et-royales\/\" rel=\"bookmark\"> https:\/\/louischiren6.wixsite.com\/peintreetpoete<\/a><\/h3>\n<h3 class=\"font_2\"><span class=\"color_35\" style=\"color:#800080;\">\u00a0 \u00a0\u00a0 <em>\u201cLa Charte de Fontevrault fond\u00e9e par Monsieur Alain Texier le 25 ao\u00fbt 1988 en l\u2019abbaye royale homonyme, a l\u2019autorisation de reproduire les textes ainsi que les oeuvres picturales de Louis Chiren pour l\u2019ensemble de ses oeuvres<\/em><\/span><\/h3>\n<p><span style=\"color:#008000;\">Et afin que\u00a0 vous n&#8217;oubliez rien du cadeau qui nous est fait. Index actualis\u00e9 des oeuvres de ma\u00eetre Louis Chiren<\/span><\/p>\n<p><a href=\"https:\/\/chartedefontevraultprovidentialisme.wordpress.com\/2019\/08\/02\/tableau-recapitulatif-des-oeuvres-de-maitre-louis-chiren\/\">https:\/\/chartedefontevraultprovidentialisme.wordpress.com\/2019\/08\/02\/tableau-recapitulatif-des-oeuvres-de-maitre-louis-chiren\/<\/a><\/p>\n<p><a href=\"https:\/\/chartedefontevraultprovidentialisme.files.wordpress.com\/2019\/09\/capture-de28099ecc81cran-2019-09-07-acc80-18.53.19.png\"><img loading=\"lazy\" decoding=\"async\" class=\"aligncenter wp-image-25639 size-large\" src=\"https:\/\/chartedefontevraultprovidentialisme.files.wordpress.com\/2019\/09\/capture-de28099ecc81cran-2019-09-07-acc80-18.53.19.png?w=640\" alt=\"\" width=\"640\" height=\"478\" srcset=\"https:\/\/charte-fontevrault-providentialisme.fr\/wp-content\/uploads\/2019\/09\/capture-de28099ecc81cran-2019-09-07-acc80-18.53.19.png 1904w, https:\/\/charte-fontevrault-providentialisme.fr\/wp-content\/uploads\/2019\/09\/capture-de28099ecc81cran-2019-09-07-acc80-18.53.19-300x224.png 300w, https:\/\/charte-fontevrault-providentialisme.fr\/wp-content\/uploads\/2019\/09\/capture-de28099ecc81cran-2019-09-07-acc80-18.53.19-1024x765.png 1024w, https:\/\/charte-fontevrault-providentialisme.fr\/wp-content\/uploads\/2019\/09\/capture-de28099ecc81cran-2019-09-07-acc80-18.53.19-768x574.png 768w, https:\/\/charte-fontevrault-providentialisme.fr\/wp-content\/uploads\/2019\/09\/capture-de28099ecc81cran-2019-09-07-acc80-18.53.19-1536x1147.png 1536w, https:\/\/charte-fontevrault-providentialisme.fr\/wp-content\/uploads\/2019\/09\/capture-de28099ecc81cran-2019-09-07-acc80-18.53.19-624x466.png 624w, https:\/\/charte-fontevrault-providentialisme.fr\/wp-content\/uploads\/2019\/09\/capture-de28099ecc81cran-2019-09-07-acc80-18.53.19-240x180.png 240w\" sizes=\"auto, (max-width: 640px) 100vw, 640px\" \/><\/a><span style=\"color:#008000;\">LA TOUR DU ROY<\/span><\/p>\n<p><span style=\"color:#008000;\">Cette illustration a \u00e9t\u00e9 initi\u00e9e en trois jours, les 1, 2 et 3 septembre 2019. Le 1er septembre 1715, Louis XIV s\u2019\u00e9teignait \u00e0 Versailles apr\u00e8s un r\u00e8gne qui aura dur\u00e9 soixante douze ans. Le 2 septembre 1792, nous nous rappelons de la barbarie r\u00e9volutionnaire consacr\u00e9e dans l\u2019histoire sous le nom de \u201c<em>massacres de septembre<\/em>\u201d. Un millier de victimes p\u00e9riront dont la princesse de Lamballe. La r\u00e9volution dite fran\u00e7aise entrait dans sa phase la plus ignoble.<\/span><\/p>\n<p><span style=\"color:#008000;\">Le 2 septembre 1429, sainte Jeanne d\u2019Arc levait le si\u00e8ge de Paris renon\u00e7ant \u00e0 l\u2019enlever aux anglais.<\/span><br \/>\n<span style=\"color:#008000;\">Enfin le 3 septembre nous f\u00eations saint Pie X. Ce grand pape \u00e9tait n\u00e9 de Jean-Baptiste Sarto, un humble facteur de campagne et de Margherita Sanson dont-il dira bien souvent que c\u2019\u00e9tait une sainte m\u00e8re.<\/span><br \/>\n<span style=\"color:#008000;\">Ce nom de Sanson \u00e9voqu\u00e9 lors de ma derni\u00e8re production (la maison du bourreau) d\u2019inspiration biblique, se retrouve sous plusieurs formes en Italie du sud et au Pi\u00e9mont.<\/span><\/p>\n<p><span style=\"color:#008000;\">Saint Pie X fera face \u00e0 la loi r\u00e9publicaine vot\u00e9e le 9 d\u00e9cembre 1905 concernant la s\u00e9paration de l\u2019\u00c9glise et de l\u2019\u00c9tat. Devant la politique anticl\u00e9ricale h\u00e9riti\u00e8re des lumi\u00e8res, saint Pie X se montrera moins conciliant et plus dogmatique que L\u00e9on XIII.<\/span><br \/>\n<span style=\"color:#008000;\">La majorit\u00e9 des \u00e9v\u00eaques fran\u00e7ais conseillera de se plier \u00e0 la loi. Le saint pape interdira lui toutes collaborations par l\u2019encyclique \u201c<em>Vehementer nos<\/em>\u201d du 11 f\u00e9vrier 1906. Puis <em>\u201cGravissimo officii munere<\/em>\u201d du 10 ao\u00fbt.<\/span><\/p>\n<p><span style=\"color:#008000;\">Il affirmera : \u201c<em>La loi [\u2026] en brisant violemment les liens s\u00e9culaires par lesquels la nation fran\u00e7aise \u00e9tait unie au si\u00e8ge apostolique, cr\u00e9e \u00e0 l\u2019\u00c9glise catholique en France, une situation indigne d\u2019elle et lamentable \u00e0 jamais<\/em>\u201d.<\/span><\/p>\n<p><span style=\"color:#008000;\">Que devrait-il dire aujourd\u2019hui\u2026j\u2019\u00e9cris au passage ces lignes le 5 septembre, comm\u00e9morant la naissance de Louis XIV en 1638 au ch\u00e2teau de Saint-Germain-en-Laye.<\/span><\/p>\n<p><span style=\"color:#008000;\">Pour terminer avec l\u2019histoire de la cit\u00e9 des comtes de Champagne, j\u2019ai souhait\u00e9 repr\u00e9senter une tour embl\u00e9matique remarquable \u00e0 plusieurs titres. Elle domine l\u2019ancien fief des comtes de Champagne b\u00e2tie sur un \u00e9peron rocheux. Actuellement connue sous le nom de Tour C\u00e9sar par l\u2019inspiration incongrue d\u2019un certain Opoix (1)\u00a0 souhaitant coller avec les id\u00e9es de son si\u00e8cle.<\/span><\/p>\n<p><span style=\"color:#008000;\">Cette tour se nommait autrefois Tour du Roy. Il est vrai qu\u2019elle prendra \u00e9galement pour nom, grosse Tour ou Tour des prisonniers. Il existait dans le royaume de France plusieurs Tour du Roy.<\/span><\/p>\n<p><span style=\"color:#008000;\">Deux raisons \u00e0 ma connaissance leur valaient cette d\u00e9nomination. Soit le roi en avait command\u00e9 la construction, soit le territoire en question baptisait ainsi la Tour pour indiquer que nous \u00e9tions sur une terre soumise \u00e0 l\u2019autorit\u00e9 royale.<\/span><\/p>\n<p><span style=\"color:#008000;\">Cette tour a \u00e9t\u00e9 construite entre 1152 et 1183 sous le r\u00e8gne d\u2019Henri le Lib\u00e9ral. Une tour plus ancienne existait en 1137. Elle est \u00e9rig\u00e9e sur une motte artificielle \u00e0 cheval sur les murs de fortification dont elle \u00e9tait le donjon. Vous pouvez apercevoir sur la gauche les vestiges d\u2019une muraille dont on a vid\u00e9 le c\u0153ur et qui rejoignait autrefois le m\u00eame mur de fortification sur lequel s\u2019\u00e9rige la maison du bourreau (2).<\/span><br \/>\n<span style=\"color:#008000;\">Son r\u00f4le \u00e9tait essentiellement militaire, ses chemins de ronde assurant la surveillance de la plaine environnante. Elle est la seule tour carr\u00e9e \u00e0 la base pr\u00e9sentant un plan octogonal \u00e0 mi-hauteur.<\/span><br \/>\n<span style=\"color:#008000;\">Quatre tourelles couvertes en tuiles de ch\u00e2taign\u00e9 se dressent \u00e0 partir du premier chemin de ronde. Une muraille ceinturant l\u2019ouvrage, ajout\u00e9e par les Anglais apr\u00e8s le si\u00e8ge de 1432 est connue sous le nom de \u201c<em>p\u00e2t\u00e9 aux Anglais<\/em>\u201d.<\/span><\/p>\n<p><span style=\"color:#008000;\">La Tour du Roy \u00e9tait surmont\u00e9e d\u2019une tour de guet et d\u2019un chemin de ronde cr\u00e9nel\u00e9.<\/span><br \/>\n<span style=\"color:#008000;\">En 1554 elle sera couverte par une charpente, les cloches de l\u2019\u00e9glise Saint Quiriace \u00e0 deux pas de l\u00e0 y seront plac\u00e9es apr\u00e8s l\u2019effondrement de la Tour-clocher en 1689.<\/span><\/p>\n<p><span style=\"color:#008000;\">Cette tour aux quatre tourelles rappelle \u00e0 nos m\u00e9moires la tour du Temple, beaucoup plus imposante o\u00f9 seront enferm\u00e9s Louis XVI et la famille royale. Le roi martyr par ce destin tragique devait physiquement marquer de sa pr\u00e9sence cette autre Tour du Roy.<\/span><\/p>\n<p><span style=\"color:#008000;\">Provins est li\u00e9 \u00e0 sainte Jeanne d\u2019Arc car le 2 ao\u00fbt 1429, elle y passe apr\u00e8s le sacre de Charles VII \u00e0 Reims le 17 juillet. Elle y restera selon Perceval de Pagny du 2 au 5 ao\u00fbt avant de partir pr\u00e9parer la campagne de Paris pour le mois de septembre.<\/span><\/p>\n<p><span style=\"color:#008000;\">Provins se soumettra rapidement au roi. La cit\u00e9 n\u2019\u00e9tait pas inconnue de sainte Jeanne d\u2019Arc car la chapelle de Notre-Dame de Bermont (3) \u00e0 Domr\u00e9my \u00e9tait alors d\u00e9di\u00e9e \u00e0 saint Thibaut (4)\u00a0 de la dynastie des comtes de Champagne.<\/span><br \/>\n<span style=\"color:#008000;\">Elle en avait une grande d\u00e9votion. Fils d\u2019Arnolf et de Guille il \u00e9tait n\u00e9 en 1039. Damoiseau du ch\u00e2teau de Provins il sera attir\u00e9 tr\u00e8s t\u00f4t par la vie \u00e9r\u00e9mitique et partira vivre sa foi sur les pas du Christ. Canonis\u00e9 en 1073 son culte trouvera son apog\u00e9e aux 12e et 13e si\u00e8cles au-del\u00e0 des fronti\u00e8res, de l\u2019Italie \u00e0 la Palestine.<\/span><\/p>\n<p><span style=\"color:#008000;\">Notre grande sainte ira prier \u00e0 la coll\u00e9giale saint Quiriace non loin de la Tour, une plaque en t\u00e9moigne ainsi qu\u2019une belle statue agenouill\u00e9e pr\u00e8s du ma\u00eetre-h\u00f4tel. Cette \u00e9glise inachev\u00e9e d\u00e9di\u00e9e \u00e0 Quiriace (ou Cyriaque de J\u00e9rusalem) est intimement li\u00e9e aux \u00e9v\u00e9nements de l\u2019invention (du latin inventio, c\u2019est-\u00e0-dire d\u00e9couverte) de la sainte Croix par sainte H\u00e9l\u00e8ne.<\/span><\/p>\n<p><span style=\"color:#008000;\">Il faut rappeler que les comtes de Champagne \u00e9taient issus de la maison de Blois. La cit\u00e9 fut tr\u00e8s puissance sous leur r\u00e8gne au point de battre monnaie. La coll\u00e9giale vit s\u2019installer un chapitre de chanoine dit de Saint-Quiriace d\u00e8s le XI\u00e8me si\u00e8cle. Vous pouvez admirer leurs armes aux trois Croix pr\u00e9sentes sur le portail monumental en fer forg\u00e9, \u00e0 l\u2019entr\u00e9e du saint \u00e9difice. Ces chanoines perdureront jusqu\u2019\u00e0 la r\u00e9volution dite fran\u00e7aise.<\/span><\/p>\n<p><span style=\"color:#008000;\">Pour en revenir \u00e0 la Tour du Roy, nous pourrions rebondir sur son nom erron\u00e9 de C\u00e9sar en reprenant les paroles de Notre Seigneur: \u201c<em>rendez \u00e0 C\u00e9sar ce qui est \u00e0 C\u00e9sar et \u00e0 Dieu ce qui est \u00e0 Die<\/em>u\u201d.<\/span><\/p>\n<p><span style=\"color:#008000;\">Ainsi \u00e0 l\u2019\u00e9vocation de ce pass\u00e9 glorieux pour que nous ne nous contentions pas d\u2019admirer des vestiges si beaux soit-il mais que si le Ciel le souhaite nous soyons capables de produire \u00e0 notre tour des merveilles en son nom. Pour que les Tours reviennent au roy, les \u00e9glises, chapelles et couvents aux pr\u00eatres, moines et moniale. Les villages, villes et terres cultivables au bon peuple de France, les ch\u00e2teaux \u00e0 leurs seigneurs afin que cesse enfin l\u2019usurpation s\u00e9culaire qui continue de vendre cette terre dans le but de la r\u00e9duire \u00e0 un esclavage mondialiste dont le visage hideux est bien l\u2019h\u00e9ritier de la r\u00e9volution.<\/span><\/p>\n<p><span style=\"color:#008000;\">Sainte Jeanne d\u2019Arc, par les C\u0153urs Sacr\u00e9s, par saint Michel Archange, par saint Pie X, interc\u00e9dez pour nous en redonnant \u00e0 la France son vrai roi tr\u00e8s chr\u00e9tien.<\/span><\/p>\n<p><strong>NDLRB<\/strong>.<\/p>\n<p>(1) <a href=\"https:\/\/fr.wikipedia.org\/wiki\/Christophe_Opoix\">https:\/\/fr.wikipedia.org\/wiki\/Christophe_Opoix<\/a><\/p>\n<p>(2) <a href=\"https:\/\/chartedefontevraultprovidentialisme.wordpress.com\/2019\/08\/29\/louis-chiren-maitre-imagier-de-la-flotte-providentialiste-offre-aux-royalistes-la-maison-du-bourreau\/\">https:\/\/chartedefontevraultprovidentialisme.wordpress.com\/2019\/08\/29\/louis-chiren-maitre-imagier-de-la-flotte-providentialiste-offre-aux-royalistes-la-maison-du-bourreau\/<\/a><\/p>\n<p>(3) <span style=\"color:#0000ff;\"><a style=\"color:#0000ff;\" href=\"http:\/\/www.stejeannedarc.net\/dossiers\/ND_Bermont.php\">http:\/\/www.stejeannedarc.net\/dossiers\/ND_Bermont.php<\/a><\/span><\/p>\n<p>(4)<span style=\"color:#0000ff;\"><a style=\"color:#0000ff;\" href=\"https:\/\/nominis.cef.fr\/contenus\/saint\/1415\/Saint-Thibaut-de-Provins.html\"> https:\/\/nominis.cef.fr\/contenus\/saint\/1415\/Saint-Thibaut-de-Provins.html<\/a><\/span><\/p>\n","protected":false},"excerpt":{"rendered":"<p>AVIS IMPORTANT DE LOUIS\u00a0 CHIREN, \u00a0Artiste et po\u00e8te inspir\u00e9, d\u2019oeuvres catholiques et royales https:\/\/louischiren6.wixsite.com\/peintreetpoete \u00a0 \u00a0\u00a0 \u201cLa Charte de Fontevrault fond\u00e9e par Monsieur Alain Texier le 25 ao\u00fbt 1988 en&#8230; <a href=\"https:\/\/charte-fontevrault-providentialisme.fr\/index.php\/2019\/09\/07\/louis-chiren-maitre-imagier-de-la-flotte-providentialiste-offre-aux-royalistes-la-tour-du-roy\/\">Cliquez pour lire davantage &raquo;<\/a><\/p>\n","protected":false},"author":5,"featured_media":0,"comment_status":"open","ping_status":"open","sticky":false,"template":"","format":"standard","meta":{"footnotes":""},"categories":[12],"tags":[2750,2920,3507,3889,4219,4583,6479,8416,11967,12698,14646,14772,14783,15253,15064,24631,24715,24804,25017,25573],"class_list":["post-25636","post","type-post","status-publish","format-standard","hentry","category-blogs-et-sites-providentialistes","tag-chapelle-notre-dame-de-bermont-domremy","tag-charles-vii-de-france","tag-collegiale-saint-quiriace-provins","tag-commune-de-domremy-88360","tag-commune-de-provins-77160","tag-comtes-de-champagne","tag-encyclique-vehementer-nos","tag-gravissimo-officii-munere","tag-italie-du-sud","tag-jeanne-darc-ste","tag-louis-chiren-maitre-imagier-de-la-flotte-providentialiste","tag-louis-xiv-de-france","tag-louis-xvi-de-france","tag-maison-de-blois","tag-maitre-louis-chiren-la-tour-du-roy","tag-saint-michel-archange","tag-saint-pie-x","tag-saint-thibaut-de-provins","tag-sainte-croix","tag-sanson"],"_links":{"self":[{"href":"https:\/\/charte-fontevrault-providentialisme.fr\/index.php\/wp-json\/wp\/v2\/posts\/25636","targetHints":{"allow":["GET"]}}],"collection":[{"href":"https:\/\/charte-fontevrault-providentialisme.fr\/index.php\/wp-json\/wp\/v2\/posts"}],"about":[{"href":"https:\/\/charte-fontevrault-providentialisme.fr\/index.php\/wp-json\/wp\/v2\/types\/post"}],"author":[{"embeddable":true,"href":"https:\/\/charte-fontevrault-providentialisme.fr\/index.php\/wp-json\/wp\/v2\/users\/5"}],"replies":[{"embeddable":true,"href":"https:\/\/charte-fontevrault-providentialisme.fr\/index.php\/wp-json\/wp\/v2\/comments?post=25636"}],"version-history":[{"count":0,"href":"https:\/\/charte-fontevrault-providentialisme.fr\/index.php\/wp-json\/wp\/v2\/posts\/25636\/revisions"}],"wp:attachment":[{"href":"https:\/\/charte-fontevrault-providentialisme.fr\/index.php\/wp-json\/wp\/v2\/media?parent=25636"}],"wp:term":[{"taxonomy":"category","embeddable":true,"href":"https:\/\/charte-fontevrault-providentialisme.fr\/index.php\/wp-json\/wp\/v2\/categories?post=25636"},{"taxonomy":"post_tag","embeddable":true,"href":"https:\/\/charte-fontevrault-providentialisme.fr\/index.php\/wp-json\/wp\/v2\/tags?post=25636"}],"curies":[{"name":"wp","href":"https:\/\/api.w.org\/{rel}","templated":true}]}}