{"id":25851,"date":"2019-09-16T09:00:00","date_gmt":"2019-09-16T07:00:00","guid":{"rendered":"https:\/\/chartedefontevraultprovidentialisme.wordpress.com\/?p=25851"},"modified":"2019-09-16T09:00:00","modified_gmt":"2019-09-16T07:00:00","slug":"louis-chiren-maitre-imagier-de-la-flotte-providentialiste-offre-aux-royalistes-pour-le-roi-du-sacre-coeur","status":"publish","type":"post","link":"https:\/\/charte-fontevrault-providentialisme.fr\/index.php\/2019\/09\/16\/louis-chiren-maitre-imagier-de-la-flotte-providentialiste-offre-aux-royalistes-pour-le-roi-du-sacre-coeur\/","title":{"rendered":"Louis Chiren, Ma\u00eetre imagier de la \u00ab flotte providentialiste\u201d offre aux royalistes \u201cPour le roi du Sacr\u00e9-Coeur \u00bb\u201d"},"content":{"rendered":"<h3 class=\"font_2\"><span class=\"color_35\"><span style=\"color:#ff6600;\">AVIS IMPORTANT DE LOUIS\u00a0 CHIREN,<\/span> \u00a0<\/span><a href=\"https:\/\/lafrancechretienne.wordpress.com\/2016\/02\/17\/louis-chiren-artiste-et-poete-inspire-doeuvres-catholiques-et-royales\/\" rel=\"bookmark\">Artiste et po\u00e8te inspir\u00e9, d\u2019oeuvres catholiques et royales<\/a><\/h3>\n<h3 class=\"font_2\"><a href=\"https:\/\/lafrancechretienne.wordpress.com\/2016\/02\/17\/louis-chiren-artiste-et-poete-inspire-doeuvres-catholiques-et-royales\/\" rel=\"bookmark\"> https:\/\/louischiren6.wixsite.com\/peintreetpoete<\/a><\/h3>\n<h3 class=\"font_2\"><span class=\"color_35\" style=\"color:#800080;\">\u00a0 \u00a0\u00a0 <em>\u201cLa Charte de Fontevrault fond\u00e9e par Monsieur Alain Texier le 25 ao\u00fbt 1988 en l\u2019abbaye royale homonyme, a l\u2019autorisation de reproduire les textes ainsi que les oeuvres picturales de Louis Chiren pour l\u2019ensemble de ses oeuvres<\/em><\/span><\/h3>\n<p><span style=\"color:#008000;\">Et afin que\u00a0 vous n&#8217;oubliez rien du cadeau qui nous est fait; veillez \u00e0 consulter l&#8217;index actualis\u00e9 des oeuvres de ma\u00eetre Louis Chiren<\/span><\/p>\n<p><a href=\"https:\/\/chartedefontevraultprovidentialisme.wordpress.com\/2019\/08\/02\/tableau-recapitulatif-des-oeuvres-de-maitre-louis-chiren\/\">https:\/\/chartedefontevraultprovidentialisme.wordpress.com\/2019\/08\/02\/tableau-recapitulatif-des-oeuvres-de-maitre-louis-chiren\/<\/a><\/p>\n<hr \/>\n<p><img loading=\"lazy\" decoding=\"async\" class=\"alignleft size-full wp-image-26018\" src=\"https:\/\/chartedefontevraultprovidentialisme.files.wordpress.com\/2019\/09\/34623e8d347602d1943d69f822e3c832.jpeg\" alt=\"\" width=\"500\" height=\"446\" srcset=\"https:\/\/charte-fontevrault-providentialisme.fr\/wp-content\/uploads\/2019\/09\/34623e8d347602d1943d69f822e3c832.jpeg 500w, https:\/\/charte-fontevrault-providentialisme.fr\/wp-content\/uploads\/2019\/09\/34623e8d347602d1943d69f822e3c832-300x268.jpeg 300w\" sizes=\"auto, (max-width: 500px) 100vw, 500px\" \/><\/p>\n<p><span style=\"color:#008000;\">Les 27 et 28 ao\u00fbt 2016, je r\u00e9alisais ces armes de France en y introduisant les C\u0153urs Sacr\u00e9s de J\u00e9sus et de Marie.<\/span><\/p>\n<p><span style=\"color:#008000;\">Le 27 ao\u00fbt 1791, le roi de Prusse Fr\u00e9d\u00e9ric-Guillaume II, <span style=\"color:#0000ff;\"><a style=\"color:#0000ff;\" href=\"https:\/\/fr.wikipedia.org\/wiki\/Fr\u00e9d\u00e9ric-Guillaume_II\">https:\/\/fr.wikipedia.org\/wiki\/Fr\u00e9d\u00e9ric-Guillaume_II<\/a><\/span> l\u2019empereur du Saint-Empire L\u00e9opold II <span style=\"color:#0000ff;\"><a style=\"color:#0000ff;\" href=\"https:\/\/fr.wikipedia.org\/wiki\/L\u00e9opold_II_(empereur_du_Saint-Empire)\">https:\/\/fr.wikipedia.org\/wiki\/L\u00e9opold_II_(empereur_du_Saint-Empire)<\/a><\/span>\u00a0 et l\u2019\u00c9lecteur de Saxe avaient une entrevue \u00e0 Pillnitz h<span style=\"color:#0000ff;\">ttps:\/\/fr.wikipedia.org\/wiki\/D%C3%A9claration_de_Pillnitz <\/span>en Saxe. Il en ressortira une exigence formul\u00e9e par l\u2019empereur \u00e0 l\u2019encontre des r\u00e9volutionnaires fran\u00e7ais. Ceux-ci devaient r\u00e9tablir le roi de France dans la pl\u00e9nitude de ses droits. Depuis la chute de Varennes, Louis XVI beau-fr\u00e8re de l\u2019empereur avait \u00e9t\u00e9 suspendu de ces derniers. Le 28 ao\u00fbt 430, le grand saint Augustin rendait son \u00e2me \u00e0 Dieu \u00e0 Hippone.<\/span><\/p>\n<p><span style=\"color:#008000;\">Pour comprendre qui nous sommes il faut remonter aux origines, \u00e0 la gen\u00e8se. Tous les hommes de cette terre descendent d\u2019Adam et d\u2019\u00c8ve sans exception. \u00c0 ce titre nous sommes entach\u00e9s du p\u00e9ch\u00e9 originel, la seule qui en a \u00e9t\u00e9 pr\u00e9serv\u00e9e est la tr\u00e8s Sainte Vierge Marie, m\u00e8re de notre Seigneur J\u00e9sus-Christ. Elle est l\u2019immacul\u00e9e conception.<\/span><\/p>\n<p><span style=\"color:#008000;\">Nous autres, sommes les h\u00e9ritiers d\u2019Abel et de Ca\u00efn. Ce dernier \u00e9tant l\u2019a\u00een\u00e9 d\u2019Adam, tuera son fr\u00e8re Abel par jalousie devant Dieu le p\u00e8re.<\/span><\/p>\n<p><span style=\"color:#008000;\">Apr\u00e8s la d\u00e9sob\u00e9issance de leur parent, le fils a\u00een\u00e9 continuera par son geste la mal\u00e9diction du p\u00e9ch\u00e9 originel.<\/span><\/p>\n<p><span style=\"color:#008000;\">Les si\u00e8cles ont pass\u00e9, le Christ par la volont\u00e9 de son p\u00e8re s\u2019est incarn\u00e9 afin de nous offrir le salut par sa mort sur la Croix.<\/span><\/p>\n<p><span style=\"color:#008000;\">Mais nous avons la totale libert\u00e9 de nos choix, de nous damner, ou de nous sauver. Suivre le Christ par la sainte \u00c9glise catholique et romaine est la voie du salut.<\/span><\/p>\n<p><span style=\"color:#008000;\">Ne confondons pas l\u2019entit\u00e9 qu\u2019est l\u2019\u00c9glise, avec les erreurs que les hommes peuvent commettre. L\u2019\u00c9glise est pure et les portes de l\u2019enfer ne pr\u00e9vaudront jamais sur elle.<\/span><\/p>\n<p><span style=\"color:#008000;\">La France est une terre d\u2019\u00e9lection, la branche de David a perdur\u00e9 dans ses rois tr\u00e8s chr\u00e9tiens. La reine Clotilde non seulement convertira son \u00e9poux Clovis mais par l\u2019intervention d\u2019un ange lui fera prendre comme embl\u00e8me le Lys.<\/span><\/p>\n<p><span style=\"color:#008000;\">C\u2019est un lys des champs, voire m\u00eame l\u2019iris des mar\u00e9cages. Le lys est l\u2019h\u00e9ritage de la maison de David et il vit en chacun de ses enfants qui l\u2019aiment et le r\u00e9clament. Il est vivant en la personne du roi cach\u00e9 que le Sacr\u00e9-C\u0153ur pr\u00e9serve. Le lys est l\u2019embl\u00e8me de notre Seigneur qui par son incarnation a rejoint la maison de David. Il est \u00e0 ce titre immortel et refleurira un jour prochain.<\/span><\/p>\n<p><span style=\"color:#008000;\">Dieu nous a cr\u00e9\u00e9s \u00e0 son image, il nous a donn\u00e9 l\u2019intelligence qui nous distingue des animaux pour qui l\u2019instinct est le moyen de survie.<\/span><\/p>\n<p><span style=\"color:#008000;\">L\u2019intelligence nous a donn\u00e9 la supr\u00e9matie sur cette terre et notre p\u00e9ch\u00e9 sous de multiples formes, entretenu par le malin, nous a fait commettre bien des erreurs jusqu\u2019\u00e0 ce jour.<\/span><\/p>\n<p><span style=\"color:#008000;\">C\u2019est pourquoi Dieu nous donna des chefs en la personne des papes, successeurs de saint Pierre et des rois pour diriger et conduire les peuples. Mais l\u00e0 aussi des erreurs ont \u00e9t\u00e9 commises nous entra\u00eenant dans le chaos o\u00f9 nous sommes.<\/span><\/p>\n<p><span style=\"color:#008000;\">Je rappelle de nouveau que \u00e7a n\u2019est pas parce qu\u2019un homme est faillible de par le p\u00e9ch\u00e9 originel, que les institutions voulues par Dieu sont \u00e0 rejeter et \u00e0 remplacer. L\u2019\u00c9glise et la monarchie sont voulues et doivent perdurer pour la premi\u00e8re, rena\u00eetre pour la seconde.<\/span><\/p>\n<p><span style=\"color:#008000;\">Pour lors nous sommes orphelins et plong\u00e9s depuis plus de deux cents ans dans une r\u00e9publique qui divise pour mieux r\u00e9gner. La division est n\u00e9e du p\u00e9ch\u00e9 originel. La r\u00e9publique est un contre-pouvoir, oppos\u00e9 \u00e0 la volont\u00e9 de Dieu, elle est la fille du malin, des lumi\u00e8res dont le prince d\u00e9chu en porte la flamme. Il est \u00e0 l\u2019honneur sur la colonne de juillet \u00e0 Paris, Lucifer porteur de lumi\u00e8re \u00e9claire la ville des lumi\u00e8res.<\/span><\/p>\n<p><span style=\"color:#008000;\">Les royalistes sont divis\u00e9s, ils cherchent un p\u00e8re. Mais o\u00f9 est-il et qui est-il ? Le ciel en a souvent parl\u00e9, le Christ a pr\u00e9venu, mis en garde, l\u2019homme de p\u00e9ch\u00e9 usant de sa sacro-sainte libert\u00e9 n\u2019a pas \u00e9cout\u00e9.<\/span><\/p>\n<p><span style=\"color:#008000;\">Le Christ a suscit\u00e9 Marie-Julie Jahenny, il lui a dit que par son abandon, par ses sacrifices elle avait m\u00e9rit\u00e9 le futur roi du Sacr\u00e9-C\u0153ur. Mais les royalistes sont perdus et courent \u00e0 tous vents en qu\u00eate de leur sauveur.<\/span><\/p>\n<p><span style=\"color:#008000;\">Tout ceci est bien humain, le spirituel \u00e9tant absent de notre soci\u00e9t\u00e9, la gr\u00e2ce n\u2019\u00e9claire plus qu\u2019un petit reste qui passera inaper\u00e7u \u00e9cras\u00e9 par les artefacts du malin. Les leaders de tous bords se pressent au portillon, usant de l\u2019intelligence, don de Dieu, au b\u00e9n\u00e9fice du malin.<\/span><\/p>\n<p><span style=\"color:#008000;\">Manipulant les masses, ils flattent, rassurent, donnent des gages, promettent de l\u2019avancement, des honneurs. Parfois leur dard appara\u00eet puis dispara\u00eet aussit\u00f4t leur venin inject\u00e9.<\/span><\/p>\n<p><span style=\"color:#008000;\">En d\u00e9mocratie, ce serait les votes qui donneraient l\u2019autorit\u00e9 \u00e0 l\u2019\u00e9lu. Nous voyons bien que cela est faux puisque tous les pouvoirs ont \u00e9t\u00e9 contest\u00e9s offrant une piteuse image de la France. Les royalistes n\u2019\u00e9chappent pas \u00e0 cette r\u00e8gle lorsqu\u2019ils usent des m\u00eames principes pour choisir leur poulain.<\/span><\/p>\n<p><span style=\"color:#008000;\">Le vrai roi, celui qui se cache et dont la lign\u00e9e a \u00e9t\u00e9 prot\u00e9g\u00e9e par le Ciel parlera vrai. Il ne flattera pas, servira la sainte Croix et le Sacr\u00e9-C\u0153ur.<\/span><\/p>\n<p><span style=\"color:#008000;\">Qui mieux que lui, h\u00e9ritier des Lys de France, frapp\u00e9 par la col\u00e8re divine, rejet\u00e9 par une partie de son peuple, \u00e9loign\u00e9 de sa terre, vivant probablement humblement et conscient ou pas de qui il est pourrait se comporter en nanti. La le\u00e7on a fait son \u0153uvre, a marqu\u00e9 sa race, l\u2019humiliation est inscrite dans sa chair, elle fait partie de lui. Il l\u2019a accept\u00e9 ou l\u2019acceptera et en remerciera le Ciel et, c\u2019est mon avis, ronge ses freins devant l\u2019\u00e9tat de son royaume.<\/span><\/p>\n<p><span style=\"color:#008000;\">Mais il n\u2019ob\u00e9ira qu\u2019\u00e0 une seule personne, \u00e0 son Seigneur et ma\u00eetre, le Sacr\u00e9-C\u0153ur de J\u00e9sus. Il ne sortira pas de l\u2019ombre tant que son Roi ne lui en donnera pas l\u2019ordre.<\/span><\/p>\n<p><span style=\"color:#008000;\">Peut-\u00eatre nous a-t-il parl\u00e9 \u00e0 l\u2019occasion comme beaucoup l\u2019ont \u00e9voqu\u00e9 tr\u00e8s justement. Mais un voile le couvre et il doit souffrir de ne rien pouvoir faire car le temps n\u2019est pas encore venu pour lui.<\/span><\/p>\n<p><span style=\"color:#008000;\">Le Christ aurait indiqu\u00e9 \u00e0 l\u2019une de ses \u00e9lues qu\u2019il ne se sent pas capable et c\u2019est justement pour cela qu\u2019il le veut. Afin que tous genoux fl\u00e9chissent et reconnaissent la magnanimit\u00e9 et la grandeur du Ciel. Tout lui sera donn\u00e9, il sera le serviteur du vrai Roi qui nous sauvera.<\/span><\/p>\n<p><span style=\"color:#008000;\">Amen !<\/span><\/p>\n<p><span style=\"color:#0000ff;\"><a style=\"color:#0000ff;\" href=\"https:\/\/louischiren6.wixsite.com\/peintreetpoete\/pour-le-roi-du-sacre-coeur\">https:\/\/louischiren6.wixsite.com\/peintreetpoete\/pour-le-roi-du-sacre-coeur<\/a><\/span><\/p>\n","protected":false},"excerpt":{"rendered":"<p>AVIS IMPORTANT DE LOUIS\u00a0 CHIREN, \u00a0Artiste et po\u00e8te inspir\u00e9, d\u2019oeuvres catholiques et royales https:\/\/louischiren6.wixsite.com\/peintreetpoete \u00a0 \u00a0\u00a0 \u201cLa Charte de Fontevrault fond\u00e9e par Monsieur Alain Texier le 25 ao\u00fbt 1988 en&#8230; <a href=\"https:\/\/charte-fontevrault-providentialisme.fr\/index.php\/2019\/09\/16\/louis-chiren-maitre-imagier-de-la-flotte-providentialiste-offre-aux-royalistes-pour-le-roi-du-sacre-coeur\/\">Cliquez pour lire davantage &raquo;<\/a><\/p>\n","protected":false},"author":5,"featured_media":0,"comment_status":"open","ping_status":"open","sticky":false,"template":"","format":"standard","meta":{"footnotes":""},"categories":[7,12],"tags":[348,514,563,2092,3471,4423,6240,6827,7677,9065,10696,15079,17406,19789,23159,23299,24129,24247,28548],"class_list":["post-25851","post","type-post","status-publish","format-standard","hentry","category-blogs-et-sites-catholiques","category-blogs-et-sites-providentialistes","tag-a-texier-cja-h-pdt-fond-de-la-charte","tag-abel","tag-adam","tag-cain","tag-coeur-immacule-de-marie","tag-commune-de-varennes-sur-argonne-55270","tag-electeur-de-saxe","tag-eve","tag-frederic-guillaume-ii-roi-de-prusse","tag-hippone-bone-annaba","tag-https-louischiren6-wixsite-com-peintreetpoete-pour-le-roi-du-sacre-coeur","tag-maitre-louis-chiren-pour-le-roi-du-sacre-coeur","tag-notre-seigneur-jesus-christ","tag-pillnitz-saxe","tag-roi-louis-xvi-de-france","tag-rois-de-france-et-de-navarre","tag-sacre-coeur-de-jesus","tag-saint-augustin","tag-tres-sainte-vierge-marie"],"_links":{"self":[{"href":"https:\/\/charte-fontevrault-providentialisme.fr\/index.php\/wp-json\/wp\/v2\/posts\/25851","targetHints":{"allow":["GET"]}}],"collection":[{"href":"https:\/\/charte-fontevrault-providentialisme.fr\/index.php\/wp-json\/wp\/v2\/posts"}],"about":[{"href":"https:\/\/charte-fontevrault-providentialisme.fr\/index.php\/wp-json\/wp\/v2\/types\/post"}],"author":[{"embeddable":true,"href":"https:\/\/charte-fontevrault-providentialisme.fr\/index.php\/wp-json\/wp\/v2\/users\/5"}],"replies":[{"embeddable":true,"href":"https:\/\/charte-fontevrault-providentialisme.fr\/index.php\/wp-json\/wp\/v2\/comments?post=25851"}],"version-history":[{"count":0,"href":"https:\/\/charte-fontevrault-providentialisme.fr\/index.php\/wp-json\/wp\/v2\/posts\/25851\/revisions"}],"wp:attachment":[{"href":"https:\/\/charte-fontevrault-providentialisme.fr\/index.php\/wp-json\/wp\/v2\/media?parent=25851"}],"wp:term":[{"taxonomy":"category","embeddable":true,"href":"https:\/\/charte-fontevrault-providentialisme.fr\/index.php\/wp-json\/wp\/v2\/categories?post=25851"},{"taxonomy":"post_tag","embeddable":true,"href":"https:\/\/charte-fontevrault-providentialisme.fr\/index.php\/wp-json\/wp\/v2\/tags?post=25851"}],"curies":[{"name":"wp","href":"https:\/\/api.w.org\/{rel}","templated":true}]}}