{"id":2747,"date":"2013-11-12T17:59:51","date_gmt":"2013-11-12T17:59:51","guid":{"rendered":"http:\/\/chartedefontevraultprovidentialisme.wordpress.com\/?p=2747"},"modified":"2013-11-12T17:59:51","modified_gmt":"2013-11-12T17:59:51","slug":"le-grand-imagier-de-la-charte-gerard-de-villele-sexprime-dans-vu-de-france","status":"publish","type":"post","link":"https:\/\/charte-fontevrault-providentialisme.fr\/index.php\/2013\/11\/12\/le-grand-imagier-de-la-charte-gerard-de-villele-sexprime-dans-vu-de-france\/","title":{"rendered":"Le &#8220;Grand Imagier de la Charte&#8221; G\u00e9rard de Vill\u00e9le s&#8217;exprime dans &#8220;Vu de France&#8221;."},"content":{"rendered":"<p><em>VdF : En France, les royalistes sont divis\u00e9s. Il y a entre autres des l\u00e9gitimistes, des orl\u00e9anistes, des survivantistes, des providentialistes etc. Comment expliquez-vous cette situation ? La regrettez-vous ? <\/em><\/p>\n<p>GdV : Cette situation s\u2019explique, \u00e0 mon sens, par notre caract\u00e8re gaulois (?), incapable d\u2019unit\u00e9. Les donn\u00e9es historiques, les circonstances d\u00e9favorables ont leur part, mais plus g\u00e9n\u00e9ralement les royalistes sont le miroir des r\u00e9publicains \u2014 sauf qu\u2019ils sont convaincus de leur id\u00e9es politiques et que les autres tiennent \u00e0 une possibilit\u00e9 de se resservir du fromage. Ils sont donc divis\u00e9s sur presque tout. Et les yaquas sont des deux bords.<\/p>\n<p>Je regrette bien s\u00fbr cette situation. Lorsque les Fran\u00e7ais pourront se r\u00e9concilier avec leur Histoire, comme dans la Russie de Poutine, cela sera sans doute possible. Quand aussi, les royalistes fran\u00e7ais cesseront de croire qu\u2019il n\u2019y a qu\u2019eux qui peuvent \u00eatre royalistes et pas les Belges, les Hollandais ou les Espagnols, voire les Norv\u00e9giens\u2026<\/p>\n<p><span style=\"font-size:12pt;font-family:Verdana;\"><a href=\"http:\/\/vudefrance.fr\/articles\/entretien-gerard-de-villele\">http:\/\/vudefrance.fr\/articles\/entretien-gerard-de-villele<\/a><\/span><\/p>\n<p><em>NDLRB<\/em>. \u00a0<em>On se f\u00e9licitera \u00a0que notre ami Franck Abed n&#8217;ait pas oubli\u00e9 de mentionner les Providentialistes dans \u00a0son regard d&#8217;ensemble des royalistes &#8230; On ne s&#8217;\u00e9tonnera \u00a0pas \u00a0que notre ami G\u00e9rard de Vill\u00e8le , bien \u00a0que \u00a0croyant,n&#8217;ait pas mentionn\u00e9 \u00a0 la \u00a0soumission \u00e0 la \u00a0volont\u00e9 \u00a0divine comme moyen de r\u00e9soudre lelancinant probl\u00eame dela \u00a0division des royalistes &#8230; G\u00e9rard n&#8217;est pas (encore) providentialiste.<\/em><\/p>\n","protected":false},"excerpt":{"rendered":"<p>VdF : En France, les royalistes sont divis\u00e9s. Il y a entre autres des l\u00e9gitimistes, des orl\u00e9anistes, des survivantistes, des providentialistes etc. Comment expliquez-vous cette situation ? La regrettez-vous ?&#8230; <a href=\"https:\/\/charte-fontevrault-providentialisme.fr\/index.php\/2013\/11\/12\/le-grand-imagier-de-la-charte-gerard-de-villele-sexprime-dans-vu-de-france\/\">Cliquez pour lire davantage &raquo;<\/a><\/p>\n","protected":false},"author":2,"featured_media":0,"comment_status":"open","ping_status":"open","sticky":false,"template":"","format":"standard","meta":{"footnotes":""},"categories":[2,4,12],"tags":[7544,7992,8340,9700],"class_list":["post-2747","post","type-post","status-publish","format-standard","hentry","category-action-legitimiste","category-action-royaliste","category-blogs-et-sites-providentialistes","tag-franck-abed","tag-gerard-de-villele","tag-grand-imagier-de-la-charte","tag-http-vudefrance-fr"],"_links":{"self":[{"href":"https:\/\/charte-fontevrault-providentialisme.fr\/index.php\/wp-json\/wp\/v2\/posts\/2747","targetHints":{"allow":["GET"]}}],"collection":[{"href":"https:\/\/charte-fontevrault-providentialisme.fr\/index.php\/wp-json\/wp\/v2\/posts"}],"about":[{"href":"https:\/\/charte-fontevrault-providentialisme.fr\/index.php\/wp-json\/wp\/v2\/types\/post"}],"author":[{"embeddable":true,"href":"https:\/\/charte-fontevrault-providentialisme.fr\/index.php\/wp-json\/wp\/v2\/users\/2"}],"replies":[{"embeddable":true,"href":"https:\/\/charte-fontevrault-providentialisme.fr\/index.php\/wp-json\/wp\/v2\/comments?post=2747"}],"version-history":[{"count":0,"href":"https:\/\/charte-fontevrault-providentialisme.fr\/index.php\/wp-json\/wp\/v2\/posts\/2747\/revisions"}],"wp:attachment":[{"href":"https:\/\/charte-fontevrault-providentialisme.fr\/index.php\/wp-json\/wp\/v2\/media?parent=2747"}],"wp:term":[{"taxonomy":"category","embeddable":true,"href":"https:\/\/charte-fontevrault-providentialisme.fr\/index.php\/wp-json\/wp\/v2\/categories?post=2747"},{"taxonomy":"post_tag","embeddable":true,"href":"https:\/\/charte-fontevrault-providentialisme.fr\/index.php\/wp-json\/wp\/v2\/tags?post=2747"}],"curies":[{"name":"wp","href":"https:\/\/api.w.org\/{rel}","templated":true}]}}