{"id":2779,"date":"2013-11-16T08:06:16","date_gmt":"2013-11-16T08:06:16","guid":{"rendered":"http:\/\/chartedefontevraultprovidentialisme.wordpress.com\/?p=2779"},"modified":"2013-11-16T08:06:16","modified_gmt":"2013-11-16T08:06:16","slug":"le-breton-jean-philippe-chauvin-qui-honora-de-sa-presence-la-biennale-blanche-2013-sinterroge-sur-le-sens-de-la-revolte-des-bonnets-rouges","status":"publish","type":"post","link":"https:\/\/charte-fontevrault-providentialisme.fr\/index.php\/2013\/11\/16\/le-breton-jean-philippe-chauvin-qui-honora-de-sa-presence-la-biennale-blanche-2013-sinterroge-sur-le-sens-de-la-revolte-des-bonnets-rouges\/","title":{"rendered":"Le  breton Jean-Philippe CHAUVIN- qui honora de sa pr\u00e9sence la Biennale Blanche 2013- s&#8217;interroge sur le sens de la r\u00e9volte des Bonnets rouges."},"content":{"rendered":"<p class=\"MsoNormal\">Se promener avec un bonnet rouge sur la t\u00eate ne laisse pas indiff\u00e9rents les passants parisiens ou versaillais : quelques marques de sympathie, d\u2019autres d\u2019inqui\u00e9tude, parfois de l\u2019agressivit\u00e9 et des mots que l\u2019on pourrait facilement taxer de \u00ab x\u00e9nophobie \u00bb, surtout de la part de quelques partisans du gouvernement en place ou d\u2019admirateurs de la mondialisation\u2026 Il est amusant de constater combien un simple couvre-chef peut cr\u00e9er du lien social et comme il est devenu un v\u00e9ritable symbole, \u00e0 la fois de la Bretagne et de la r\u00e9volte fiscale en cours !<\/p>\n<p class=\"MsoNormal\">\u2026. Article complet \u00a0gr\u00e2ce au lien ci-dessous&#8230;.<\/p>\n<p class=\"MsoNormal\"><a href=\"http:\/\/www.nouvelle-chouannerie.com\/index.php?option=com_content&amp;view=article&amp;id=1100%3Aune-taxe-maladroite-et-sans-legitimite&amp;catid=47%3A2013&amp;Itemid=58\">http:\/\/www.nouvelle-chouannerie.com\/index.php?option=com_content&amp;view=article&amp;id=1100%3Aune-taxe-maladroite-et-sans-legitimite&amp;catid=47%3A2013&amp;Itemid=58<\/a><\/p>\n","protected":false},"excerpt":{"rendered":"<p>Se promener avec un bonnet rouge sur la t\u00eate ne laisse pas indiff\u00e9rents les passants parisiens ou versaillais : quelques marques de sympathie, d\u2019autres d\u2019inqui\u00e9tude, parfois de l\u2019agressivit\u00e9 et des&#8230; <a href=\"https:\/\/charte-fontevrault-providentialisme.fr\/index.php\/2013\/11\/16\/le-breton-jean-philippe-chauvin-qui-honora-de-sa-presence-la-biennale-blanche-2013-sinterroge-sur-le-sens-de-la-revolte-des-bonnets-rouges\/\">Cliquez pour lire davantage &raquo;<\/a><\/p>\n","protected":false},"author":2,"featured_media":0,"comment_status":"open","ping_status":"open","sticky":false,"template":"","format":"standard","meta":{"footnotes":""},"categories":[14],"tags":[10134,12383,18278],"class_list":["post-2779","post","type-post","status-publish","format-standard","hentry","category-blogs-et-sites-royalistes","tag-http-www-nouvelle-chouannerie-com-index-php","tag-jean-philippe-chauvin","tag-page-facebook"],"_links":{"self":[{"href":"https:\/\/charte-fontevrault-providentialisme.fr\/index.php\/wp-json\/wp\/v2\/posts\/2779","targetHints":{"allow":["GET"]}}],"collection":[{"href":"https:\/\/charte-fontevrault-providentialisme.fr\/index.php\/wp-json\/wp\/v2\/posts"}],"about":[{"href":"https:\/\/charte-fontevrault-providentialisme.fr\/index.php\/wp-json\/wp\/v2\/types\/post"}],"author":[{"embeddable":true,"href":"https:\/\/charte-fontevrault-providentialisme.fr\/index.php\/wp-json\/wp\/v2\/users\/2"}],"replies":[{"embeddable":true,"href":"https:\/\/charte-fontevrault-providentialisme.fr\/index.php\/wp-json\/wp\/v2\/comments?post=2779"}],"version-history":[{"count":0,"href":"https:\/\/charte-fontevrault-providentialisme.fr\/index.php\/wp-json\/wp\/v2\/posts\/2779\/revisions"}],"wp:attachment":[{"href":"https:\/\/charte-fontevrault-providentialisme.fr\/index.php\/wp-json\/wp\/v2\/media?parent=2779"}],"wp:term":[{"taxonomy":"category","embeddable":true,"href":"https:\/\/charte-fontevrault-providentialisme.fr\/index.php\/wp-json\/wp\/v2\/categories?post=2779"},{"taxonomy":"post_tag","embeddable":true,"href":"https:\/\/charte-fontevrault-providentialisme.fr\/index.php\/wp-json\/wp\/v2\/tags?post=2779"}],"curies":[{"name":"wp","href":"https:\/\/api.w.org\/{rel}","templated":true}]}}