{"id":2793,"date":"2013-11-17T20:23:59","date_gmt":"2013-11-17T20:23:59","guid":{"rendered":"http:\/\/chartedefontevraultprovidentialisme.wordpress.com\/?p=2793"},"modified":"2013-11-17T20:23:59","modified_gmt":"2013-11-17T20:23:59","slug":"regards-croises-sur-louis-xv-de-paul-del-perugia-chire-dpf-2011","status":"publish","type":"post","link":"https:\/\/charte-fontevrault-providentialisme.fr\/index.php\/2013\/11\/17\/regards-croises-sur-louis-xv-de-paul-del-perugia-chire-dpf-2011\/","title":{"rendered":"Regards crois\u00e9s sur Louis XV de Paul del Perugia . Chir\u00e9 DPF. 2011."},"content":{"rendered":"<div style=\"width: 183px\" class=\"wp-caption alignright\"><a href=\"http:\/\/commons.wikipedia.org\/wiki\/File:Signature_of_Louis_XV_in_1753_at_the_wedding_of_the_Prince_of_Cond%C3%A9_and_Charlotte_de_Rohan.jpg\" target=\"_blank\" rel=\"noopener noreferrer\"><img loading=\"lazy\" decoding=\"async\" class=\"zemanta-img-inserted\" title=\"English: Signature of Louis XV in 1753 at the ...\" src=\"http:\/\/upload.wikimedia.org\/wikipedia\/commons\/1\/1c\/Signature_of_Louis_XV_in_1753_at_the_wedding_of_the_Prince_of_Cond%C3%A9_and_Charlotte_de_Rohan.jpg\" alt=\"English: Signature of Louis XV in 1753 at the ...\" width=\"173\" height=\"116\" \/><\/a><p class=\"wp-caption-text\">English: Signature of Louis XV in 1753 at the wedding of the Prince of Cond\u00e9 and Charlotte de Rohan Espa\u00f1ol: Firma del a\u00f1o 1753 de Louis 15 en la boda del pr\u00edncipe de Cond\u00e9 y Charlotte de Rohan (Photo credit: Wikipedia)<\/p><\/div>\n<p class=\"MsoNormal\" style=\"text-align:justify;text-justify:inter-ideograph;\"><span style=\"color:#008000;\">Pr\u00e9sentation de l&#8217;ouvrage par Franck Abed<\/span> : <span style=\"font-family:Verdana;\"><a href=\"http:\/\/vudefrance.fr\/livres\/louis-xv-de-paul-del-perugia\">http:\/\/vudefrance.fr\/livres\/louis-xv-de-paul-del-perugia<\/a><\/span><\/p>\n<p class=\"MsoNormal\" style=\"text-align:justify;text-justify:inter-ideograph;\"><span style=\"color:#339966;\"><strong>Pour \u00a0commander \u00a0en ligne le Louis XV \u00a0de Paul del P\u00e9rugia<\/strong><\/span> : <a href=\"http:\/\/www.chire.fr\/A-175789-louis-xv.aspx\">http:\/\/www.chire.fr\/A-175789-louis-xv.aspx<\/a><\/p>\n<p class=\"MsoNormal\" style=\"text-align:justify;text-justify:inter-ideograph;\"><span style=\"color:#008000;\">PAUL DEL PERUGIA (1910 &#8211; 1994)<\/span> <span style=\"color:#008000;\">est n\u00e9 en 1910 \u00e0 Hano\u00ef (Indochine). Il a suivi les cours de l&#8217;Ecole des Sciences Politiques, est titulaire d&#8217;un doctorat de Droit Canon et d&#8217;un doctorat d&#8217;Histoire \u00e0 la Sorbonne. Dipl\u00f4m\u00e9 de droit international de La Haye, il est entr\u00e9 aux affaires Etrang\u00e8res, y occupant diff\u00e9rents postes en Europe, en Am\u00e9rique, et en Afrique. Consul de France au Rwanda pendant plusieurs ann\u00e9es, il a profit\u00e9 de l&#8217;occasion pour se m\u00e9tamorphoser en ethnologue, partant seul \u00e0 la d\u00e9couverte d&#8217;une des plus myst\u00e9rieuses civilisations de l&#8217;Afrique : le Royaume Watausi. Retir\u00e9 de la vie active il consacra son temps \u00e0 des travaux de recherches historiques et ethnographiques. Il a fait para\u00eetre, entre autres, un livre d&#8217;histoire en 1975, Louis XV (r\u00e9\u00e9dition 2011, revue et corrig\u00e9e par l&#8217;auteur, disponible aux Editions de Chir\u00e9) et un ouvrage sur la monarchie pastorale d&#8217;Afrique : Les derniers rois mages. Il nous avait fait l&#8217;honneur en 1981 de pr\u00e9facer le livre Les m\u00e9rovingiens de Lucien-Jean Bord. En octobre 1986, il publia un C\u00e9line. Paul Del Perugia \u00e9tait un ami de longue date de notre centre de Chir\u00e9. Pendant plusieurs ann\u00e9es, tant que son \u00e9tat de sant\u00e9 le lui permettait de se d\u00e9placer, il \u00e9tait fid\u00e8lement pr\u00e9sent \u00e0 nos Journ\u00e9es Chouannes. Lorsque nous l&#8217;avions sollicit\u00e9 pour participer \u00e0 la r\u00e9daction du premier Cahier de Chir\u00e9 (1986), il nous avait imm\u00e9diatement r\u00e9pondu en nous proposant un texte sur Louis-Ferdinand C\u00e9line. Nous conservons de lui l&#8217;image d&#8217;un homme affable, fin et intelligent, qui a toujours montr\u00e9 beaucoup de sympathie pour nos activit\u00e9s. Paul Del Perugia est d\u00e9c\u00e9d\u00e9 le 12 novembre 1994, \u00e0 l&#8217;\u00e2ge de 84 ans. A collabor\u00e9 au Cahier de Chir\u00e9 n\u00b0 1.<\/span><\/p>\n<p class=\"MsoNormal\" style=\"text-align:justify;text-justify:inter-ideograph;\"><span style=\"font-family:Verdana;\"><a href=\"http:\/\/www.chire.fr\/A-176043-paul-del-perugia-1910-1994.aspx\">http:\/\/www.chire.fr\/A-176043-paul-del-perugia-1910-1994.aspx<\/a><\/span><\/p>\n<p class=\"MsoNormal\" style=\"text-align:justify;text-justify:inter-ideograph;\"><span id=\"__caret\"><br \/>\n<\/span><span id=\"__caret\"><\/span><\/p>\n","protected":false},"excerpt":{"rendered":"<p>Pr\u00e9sentation de l&#8217;ouvrage par Franck Abed : http:\/\/vudefrance.fr\/livres\/louis-xv-de-paul-del-perugia Pour \u00a0commander \u00a0en ligne le Louis XV \u00a0de Paul del P\u00e9rugia : http:\/\/www.chire.fr\/A-175789-louis-xv.aspx PAUL DEL PERUGIA (1910 &#8211; 1994) est n\u00e9 en&#8230; <a href=\"https:\/\/charte-fontevrault-providentialisme.fr\/index.php\/2013\/11\/17\/regards-croises-sur-louis-xv-de-paul-del-perugia-chire-dpf-2011\/\">Cliquez pour lire davantage &raquo;<\/a><\/p>\n","protected":false},"author":5,"featured_media":0,"comment_status":"open","ping_status":"open","sticky":false,"template":"","format":"standard","meta":{"footnotes":""},"categories":[22],"tags":[3834,5699,7544,9700,9803,18849,22935],"class_list":["post-2793","post","type-post","status-publish","format-standard","hentry","category-rois-et-reines-de-france","tag-commune-de-chire-en-montreuil-86190","tag-dpf-editions-de-chire-b-p-1-86190-chire-en-montreuil","tag-franck-abed","tag-http-vudefrance-fr","tag-http-www-chire-fr","tag-paul-del-perugia","tag-roi-de-france-louis-xv"],"_links":{"self":[{"href":"https:\/\/charte-fontevrault-providentialisme.fr\/index.php\/wp-json\/wp\/v2\/posts\/2793","targetHints":{"allow":["GET"]}}],"collection":[{"href":"https:\/\/charte-fontevrault-providentialisme.fr\/index.php\/wp-json\/wp\/v2\/posts"}],"about":[{"href":"https:\/\/charte-fontevrault-providentialisme.fr\/index.php\/wp-json\/wp\/v2\/types\/post"}],"author":[{"embeddable":true,"href":"https:\/\/charte-fontevrault-providentialisme.fr\/index.php\/wp-json\/wp\/v2\/users\/5"}],"replies":[{"embeddable":true,"href":"https:\/\/charte-fontevrault-providentialisme.fr\/index.php\/wp-json\/wp\/v2\/comments?post=2793"}],"version-history":[{"count":0,"href":"https:\/\/charte-fontevrault-providentialisme.fr\/index.php\/wp-json\/wp\/v2\/posts\/2793\/revisions"}],"wp:attachment":[{"href":"https:\/\/charte-fontevrault-providentialisme.fr\/index.php\/wp-json\/wp\/v2\/media?parent=2793"}],"wp:term":[{"taxonomy":"category","embeddable":true,"href":"https:\/\/charte-fontevrault-providentialisme.fr\/index.php\/wp-json\/wp\/v2\/categories?post=2793"},{"taxonomy":"post_tag","embeddable":true,"href":"https:\/\/charte-fontevrault-providentialisme.fr\/index.php\/wp-json\/wp\/v2\/tags?post=2793"}],"curies":[{"name":"wp","href":"https:\/\/api.w.org\/{rel}","templated":true}]}}