{"id":27936,"date":"2020-06-16T15:00:24","date_gmt":"2020-06-16T13:00:24","guid":{"rendered":"https:\/\/chartedefontevraultprovidentialisme.wordpress.com\/?p=27936"},"modified":"2020-06-16T15:00:24","modified_gmt":"2020-06-16T13:00:24","slug":"la-consecration-du-roi-louis-xvi-au-sacre-coeur-dans-les-premiers-mois-de-l-a-d-1792","status":"publish","type":"post","link":"https:\/\/charte-fontevrault-providentialisme.fr\/index.php\/2020\/06\/16\/la-consecration-du-roi-louis-xvi-au-sacre-coeur-dans-les-premiers-mois-de-l-a-d-1792\/","title":{"rendered":"La cons\u00e9cration du roi Louis XVI au Sacr\u00e9-Coeur dans les premiers mois  de l&#8217; A.D. 1792"},"content":{"rendered":"<div id=\"attachment_27937\" style=\"width: 508px\" class=\"wp-caption aligncenter\"><a href=\"https:\/\/chartedefontevraultprovidentialisme.files.wordpress.com\/2019\/12\/louis-xvi-consacrant-la-france-au-sacrecc81-coeur-1.jpg\"><img loading=\"lazy\" decoding=\"async\" aria-describedby=\"caption-attachment-27937\" class=\"wp-image-27937\" src=\"https:\/\/chartedefontevraultprovidentialisme.files.wordpress.com\/2019\/12\/louis-xvi-consacrant-la-france-au-sacrecc81-coeur-1.jpg?w=245\" alt=\"\" width=\"498\" height=\"610\" srcset=\"https:\/\/charte-fontevrault-providentialisme.fr\/wp-content\/uploads\/2019\/12\/louis-xvi-consacrant-la-france-au-sacrecc81-coeur-1.jpg 600w, https:\/\/charte-fontevrault-providentialisme.fr\/wp-content\/uploads\/2019\/12\/louis-xvi-consacrant-la-france-au-sacrecc81-coeur-1-245x300.jpg 245w\" sizes=\"auto, (max-width: 498px) 100vw, 498px\" \/><\/a><p id=\"caption-attachment-27937\" class=\"wp-caption-text\">NDLRB . Je n&#8217;ai plus les r\u00e9f\u00e9rences de ce vitrail &#8230; Alors si vous saviez?<\/p><\/div>\n<div id=\"attachment_27939\" style=\"width: 378px\" class=\"wp-caption aligncenter\"><a href=\"https:\/\/chartedefontevraultprovidentialisme.files.wordpress.com\/2019\/12\/voeu-de-louis-xvi-eglise-du-sacre-coeur-de-douarnenez.jpg\"><img loading=\"lazy\" decoding=\"async\" aria-describedby=\"caption-attachment-27939\" class=\"wp-image-27939\" src=\"https:\/\/chartedefontevraultprovidentialisme.files.wordpress.com\/2019\/12\/voeu-de-louis-xvi-eglise-du-sacre-coeur-de-douarnenez.jpg?w=246\" alt=\"\" width=\"368\" height=\"449\" srcset=\"https:\/\/charte-fontevrault-providentialisme.fr\/wp-content\/uploads\/2019\/12\/voeu-de-louis-xvi-eglise-du-sacre-coeur-de-douarnenez.jpg 533w, https:\/\/charte-fontevrault-providentialisme.fr\/wp-content\/uploads\/2019\/12\/voeu-de-louis-xvi-eglise-du-sacre-coeur-de-douarnenez-246x300.jpg 246w\" sizes=\"auto, (max-width: 368px) 100vw, 368px\" \/><\/a><p id=\"caption-attachment-27939\" class=\"wp-caption-text\">https:\/\/chartedefontevraultprovidentialisme.wordpress.com\/2019\/06\/28\/de-quelques-precisions-concernant-le-voeu-au-sacre-coeur-de-sa-majeste-louis-xvi\/<\/p><\/div>\n<h3><span style=\"color:#0000ff;\"><a style=\"color:#0000ff;\" href=\"http:\/\/leblogdumesnil.unblog.fr\/2011\/01\/20\/2011-7-voeu-par-lequel-louis-xvi-a-devoue-sa-personne-sa-famille-et-tout-son-royaume-au-sacre-coeur-de-jesus\/\">http:\/\/leblogdumesnil.unblog.fr\/2011\/01\/20\/2011-7-voeu-par-lequel-louis-xvi-a-devoue-sa-personne-sa-famille-et-tout-son-royaume-au-sacre-coeur-de-jesus\/<\/a><\/span><\/h3>\n<h3><span style=\"color:#008000;\"><strong>1792<\/strong> : Le 21 juillet, le texte du v\u0153u attribu\u00e9 \u00e0 Louis XVI est remis au P\u00e8re H\u00e9bert*, (1735-1792) sup\u00e9rieur g\u00e9n\u00e9ral des Eudistes et confesseur du roi. Ce texte aurait \u00e9t\u00e9 compos\u00e9 dans les premiers mois de l&#8217;ann\u00e9e 1792. <span style=\"color:#ff00ff;\">Le P\u00e8re H\u00e9bert fait transcrire le v\u0153u et la cons\u00e9cration par le vicaire de l&#8217;\u00e9glise Saint-Louis, auquel il remet les documents originaux avant d&#8217;\u00eatre tu\u00e9 lui-m\u00eame aux Carmes le 2 septembre 1792<\/span>. Le vicaire les remettra \u00e0 son tour \u00e0 la duchesse d&#8217;Angoul\u00eame sous la Restauration.<\/span><\/h3>\n<h3><span style=\"color:#0000ff;\">http:\/\/surlespasdessaints.over-blog.com\/article-voeu-de-louis-xvi-au-sacre-coeur-65701743.htm<\/span>l<\/h3>\n<ul>\n<li><span style=\"color:#0000ff;\">https:\/\/fr.wikipedia.org\/wiki\/Fran\u00e7ois-Louis_H\u00e9bert<\/span><\/li>\n<\/ul>\n<p><span style=\"color:#0000ff;\"><strong><a style=\"color:#0000ff;\" href=\"http:\/\/www.lagazettedupoulbot.net\/consecration-sacre-coeur.html\">http:\/\/www.lagazettedupoulbot.net\/consecration-sacre-coeur.html<\/a><\/strong><\/span><\/p>\n<p><span style=\"color:#0000ff;\">https:\/\/www.sylmpedia.fr\/index.php\/D%C3%A9votion_au_Sacr%C3%A9-Coeur_de_J%C3%A9sus<\/span><\/p>\n<p>&nbsp;<\/p>\n<p>&nbsp;<\/p>\n<p>&nbsp;<\/p>\n<p>\/<\/p>\n","protected":false},"excerpt":{"rendered":"<p>http:\/\/leblogdumesnil.unblog.fr\/2011\/01\/20\/2011-7-voeu-par-lequel-louis-xvi-a-devoue-sa-personne-sa-famille-et-tout-son-royaume-au-sacre-coeur-de-jesus\/ 1792 : Le 21 juillet, le texte du v\u0153u attribu\u00e9 \u00e0 Louis XVI est remis au P\u00e8re H\u00e9bert*, (1735-1792) sup\u00e9rieur g\u00e9n\u00e9ral des Eudistes et confesseur du roi. Ce texte&#8230; <a href=\"https:\/\/charte-fontevrault-providentialisme.fr\/index.php\/2020\/06\/16\/la-consecration-du-roi-louis-xvi-au-sacre-coeur-dans-les-premiers-mois-de-l-a-d-1792\/\">Cliquez pour lire davantage &raquo;<\/a><\/p>\n","protected":false},"author":5,"featured_media":0,"comment_status":"open","ping_status":"open","sticky":false,"template":"","format":"standard","meta":{"footnotes":""},"categories":[4,7],"tags":[465,4683,4706,6487,9433,9640,9981,14783,15864,23299,25659],"class_list":["post-27936","post","type-post","status-publish","format-standard","hentry","category-action-royaliste","category-blogs-et-sites-catholiques","tag-abbe-louis-francois-hebert","tag-congregation-des-eudistes","tag-consecration-au-sacre-coeur-de-jesus","tag-encyclopedie-wikipedia","tag-http-leblogdumesnil-unblog-fr","tag-http-surlespasdessaints-over-blog-com","tag-http-www-lagazettedupoulbot-net","tag-louis-xvi-de-france","tag-massacres-de-septembre-1792","tag-rois-de-france-et-de-navarre","tag-sar-marie-therese-duchesse-dangouleme-soeur-de-louis-xvii"],"_links":{"self":[{"href":"https:\/\/charte-fontevrault-providentialisme.fr\/index.php\/wp-json\/wp\/v2\/posts\/27936","targetHints":{"allow":["GET"]}}],"collection":[{"href":"https:\/\/charte-fontevrault-providentialisme.fr\/index.php\/wp-json\/wp\/v2\/posts"}],"about":[{"href":"https:\/\/charte-fontevrault-providentialisme.fr\/index.php\/wp-json\/wp\/v2\/types\/post"}],"author":[{"embeddable":true,"href":"https:\/\/charte-fontevrault-providentialisme.fr\/index.php\/wp-json\/wp\/v2\/users\/5"}],"replies":[{"embeddable":true,"href":"https:\/\/charte-fontevrault-providentialisme.fr\/index.php\/wp-json\/wp\/v2\/comments?post=27936"}],"version-history":[{"count":0,"href":"https:\/\/charte-fontevrault-providentialisme.fr\/index.php\/wp-json\/wp\/v2\/posts\/27936\/revisions"}],"wp:attachment":[{"href":"https:\/\/charte-fontevrault-providentialisme.fr\/index.php\/wp-json\/wp\/v2\/media?parent=27936"}],"wp:term":[{"taxonomy":"category","embeddable":true,"href":"https:\/\/charte-fontevrault-providentialisme.fr\/index.php\/wp-json\/wp\/v2\/categories?post=27936"},{"taxonomy":"post_tag","embeddable":true,"href":"https:\/\/charte-fontevrault-providentialisme.fr\/index.php\/wp-json\/wp\/v2\/tags?post=27936"}],"curies":[{"name":"wp","href":"https:\/\/api.w.org\/{rel}","templated":true}]}}