{"id":29006,"date":"2020-02-10T10:00:38","date_gmt":"2020-02-10T09:00:38","guid":{"rendered":"https:\/\/chartedefontevraultprovidentialisme.wordpress.com\/?p=29006"},"modified":"2020-02-10T10:00:38","modified_gmt":"2020-02-10T09:00:38","slug":"albi-hommage-involontaire-de-lislam-au-dieu-des-chretiens","status":"publish","type":"post","link":"https:\/\/charte-fontevrault-providentialisme.fr\/index.php\/2020\/02\/10\/albi-hommage-involontaire-de-lislam-au-dieu-des-chretiens\/","title":{"rendered":"Eglise saint Jean d&#8217;Albi. Hommage involontaire de l&#8217;Islam au Dieu des Chr\u00e9tiens."},"content":{"rendered":"<p><span style=\"color:#ff6600;\">\u00a0\u00a0 Si ces\u00a0 courageux jeunes gens n&#8217;avaient pas\u00a0 cru que cette \u00e9glise \u00e9tait la Maison de notre Dieu, ils n&#8217;en auraient pas tent\u00e9 la profanation.\u00a0 <\/span><\/p>\n<div id=\"attachment_29007\" style=\"width: 650px\" class=\"wp-caption aligncenter\"><a href=\"https:\/\/chartedefontevraultprovidentialisme.files.wordpress.com\/2020\/02\/capture-de28099ecc81cran-2020-02-10-acc80-18.20.34.png\"><img loading=\"lazy\" decoding=\"async\" aria-describedby=\"caption-attachment-29007\" class=\"wp-image-29007 size-large\" src=\"https:\/\/chartedefontevraultprovidentialisme.files.wordpress.com\/2020\/02\/capture-de28099ecc81cran-2020-02-10-acc80-18.20.34.png?w=640\" alt=\"\" width=\"640\" height=\"644\" srcset=\"https:\/\/charte-fontevrault-providentialisme.fr\/wp-content\/uploads\/2020\/02\/capture-de28099ecc81cran-2020-02-10-acc80-18.20.34.png 1154w, https:\/\/charte-fontevrault-providentialisme.fr\/wp-content\/uploads\/2020\/02\/capture-de28099ecc81cran-2020-02-10-acc80-18.20.34-298x300.png 298w, https:\/\/charte-fontevrault-providentialisme.fr\/wp-content\/uploads\/2020\/02\/capture-de28099ecc81cran-2020-02-10-acc80-18.20.34-1017x1024.png 1017w, https:\/\/charte-fontevrault-providentialisme.fr\/wp-content\/uploads\/2020\/02\/capture-de28099ecc81cran-2020-02-10-acc80-18.20.34-150x150.png 150w, https:\/\/charte-fontevrault-providentialisme.fr\/wp-content\/uploads\/2020\/02\/capture-de28099ecc81cran-2020-02-10-acc80-18.20.34-768x773.png 768w, https:\/\/charte-fontevrault-providentialisme.fr\/wp-content\/uploads\/2020\/02\/capture-de28099ecc81cran-2020-02-10-acc80-18.20.34-624x628.png 624w, https:\/\/charte-fontevrault-providentialisme.fr\/wp-content\/uploads\/2020\/02\/capture-de28099ecc81cran-2020-02-10-acc80-18.20.34-180x180.png 180w, https:\/\/charte-fontevrault-providentialisme.fr\/wp-content\/uploads\/2020\/02\/capture-de28099ecc81cran-2020-02-10-acc80-18.20.34-60x60.png 60w\" sizes=\"auto, (max-width: 640px) 100vw, 640px\" \/><\/a><p id=\"caption-attachment-29007\" class=\"wp-caption-text\">https:\/\/www.christianophobie.fr\/carte\/drapeaux-maghrebins-sur-leglise-saint-jean-baptiste-dalbi-la-photo\u00a0\u00a0\u00a0\u00a0\u00a0\u00a0\u00a0\u00a0\u00a0 https:\/\/www.christianophobie.fr\/carte\/albi-provocation-sur-le-toit-de-leglise-saint-jean-baptiste<\/p><\/div>\n<p><span style=\"color:#ff6600;\">\u00a0\u00a0\u00a0\u00a0\u00a0\u00a0\u00a0\u00a0\u00a0\u00a0\u00a0\u00a0\u00a0\u00a0\u00a0\u00a0\u00a0\u00a0\u00a0\u00a0\u00a0\u00a0\u00a0\u00a0\u00a0\u00a0\u00a0\u00a0\u00a0\u00a0\u00a0\u00a0\u00a0 Ci-dessous photo de l&#8217;action des identitaires \u00e0 la Mosqu\u00e9e de Poitiers <\/span><\/p>\n<div id=\"attachment_29009\" style=\"width: 600px\" class=\"wp-caption aligncenter\"><a href=\"https:\/\/chartedefontevraultprovidentialisme.files.wordpress.com\/2020\/02\/download-1.jpg\"><img loading=\"lazy\" decoding=\"async\" aria-describedby=\"caption-attachment-29009\" class=\"wp-image-29009 \" src=\"https:\/\/chartedefontevraultprovidentialisme.files.wordpress.com\/2020\/02\/download-1.jpg\" alt=\"\" width=\"590\" height=\"441\" srcset=\"https:\/\/charte-fontevrault-providentialisme.fr\/wp-content\/uploads\/2020\/02\/download-1.jpg 260w, https:\/\/charte-fontevrault-providentialisme.fr\/wp-content\/uploads\/2020\/02\/download-1-240x180.jpg 240w\" sizes=\"auto, (max-width: 590px) 100vw, 590px\" \/><\/a><p id=\"caption-attachment-29009\" class=\"wp-caption-text\">https:\/\/www.google.com\/search?q=mosqu%C3%A9+de+poitiers&amp;sxsrf=ACYBGNT29SH4mSQNNpMGFe8oacdNPfO1oQ:1581355473631&amp;source=lnms&amp;tbm=isch&amp;sa=X&amp;ved=2ahUKEwjV2pKawMfnAhWIlhQKHWuJAd4Q_AUoAnoECA8QBA&amp;biw=1305&amp;bih=796#imgrc=rraxR2gPvRDL7M<\/p><\/div>\n","protected":false},"excerpt":{"rendered":"<p>\u00a0\u00a0 Si ces\u00a0 courageux jeunes gens n&#8217;avaient pas\u00a0 cru que cette \u00e9glise \u00e9tait la Maison de notre Dieu, ils n&#8217;en auraient pas tent\u00e9 la profanation.\u00a0 \u00a0\u00a0\u00a0\u00a0\u00a0\u00a0\u00a0\u00a0\u00a0\u00a0\u00a0\u00a0\u00a0\u00a0\u00a0\u00a0\u00a0\u00a0\u00a0\u00a0\u00a0\u00a0\u00a0\u00a0\u00a0\u00a0\u00a0\u00a0\u00a0\u00a0\u00a0\u00a0\u00a0 Ci-dessous photo de l&#8217;action&#8230; <a href=\"https:\/\/charte-fontevrault-providentialisme.fr\/index.php\/2020\/02\/10\/albi-hommage-involontaire-de-lislam-au-dieu-des-chretiens\/\">Cliquez pour lire davantage &raquo;<\/a><\/p>\n","protected":false},"author":5,"featured_media":0,"comment_status":"open","ping_status":"open","sticky":false,"template":"","format":"standard","meta":{"footnotes":""},"categories":[21],"tags":[626,730,1791,3655,4201,6189,7966,10942,11939,15760,16872,17514,28849,29822],"class_list":["post-29006","post","type-post","status-publish","format-standard","hentry","category-limites-de-la-republique","tag-agrif","tag-algerie","tag-blogs-et-sites-identitaires","tag-commune-dalbi-81000","tag-commune-de-poitiers-86000","tag-eglise-saint-jean-baptiste-albi","tag-generation-identitaire","tag-https-www-christianophobie-fr","tag-islam","tag-maroc","tag-mosquee-de-poitiers","tag-observatoire-de-lislamisation","tag-tunisie","tag-videos-de-la-chaine-you-tube"],"_links":{"self":[{"href":"https:\/\/charte-fontevrault-providentialisme.fr\/index.php\/wp-json\/wp\/v2\/posts\/29006","targetHints":{"allow":["GET"]}}],"collection":[{"href":"https:\/\/charte-fontevrault-providentialisme.fr\/index.php\/wp-json\/wp\/v2\/posts"}],"about":[{"href":"https:\/\/charte-fontevrault-providentialisme.fr\/index.php\/wp-json\/wp\/v2\/types\/post"}],"author":[{"embeddable":true,"href":"https:\/\/charte-fontevrault-providentialisme.fr\/index.php\/wp-json\/wp\/v2\/users\/5"}],"replies":[{"embeddable":true,"href":"https:\/\/charte-fontevrault-providentialisme.fr\/index.php\/wp-json\/wp\/v2\/comments?post=29006"}],"version-history":[{"count":0,"href":"https:\/\/charte-fontevrault-providentialisme.fr\/index.php\/wp-json\/wp\/v2\/posts\/29006\/revisions"}],"wp:attachment":[{"href":"https:\/\/charte-fontevrault-providentialisme.fr\/index.php\/wp-json\/wp\/v2\/media?parent=29006"}],"wp:term":[{"taxonomy":"category","embeddable":true,"href":"https:\/\/charte-fontevrault-providentialisme.fr\/index.php\/wp-json\/wp\/v2\/categories?post=29006"},{"taxonomy":"post_tag","embeddable":true,"href":"https:\/\/charte-fontevrault-providentialisme.fr\/index.php\/wp-json\/wp\/v2\/tags?post=29006"}],"curies":[{"name":"wp","href":"https:\/\/api.w.org\/{rel}","templated":true}]}}