{"id":2961,"date":"2013-12-05T09:27:04","date_gmt":"2013-12-05T09:27:04","guid":{"rendered":"http:\/\/chartedefontevraultprovidentialisme.wordpress.com\/?p=2961"},"modified":"2013-12-05T09:27:04","modified_gmt":"2013-12-05T09:27:04","slug":"naissance-princiere-attendue-au-foyer-du-prince-jaime-et-de-viktoria-de-bourbon-parme","status":"publish","type":"post","link":"https:\/\/charte-fontevrault-providentialisme.fr\/index.php\/2013\/12\/05\/naissance-princiere-attendue-au-foyer-du-prince-jaime-et-de-viktoria-de-bourbon-parme\/","title":{"rendered":"Naissance princi\u00e8re attendue au foyer  du prince Jaime et de Viktoria de Bourbon Parme,"},"content":{"rendered":"<p style=\"text-align:justify;\"><span style=\"color:#008000;\">Le prince Jaime et la princesse Viktoria de Bourbon Parme, comte et comtesse de Bardi, ont annonc\u00e9 cette semaine qu&#8217;ils attendent leur premier enfant pour le mois de f\u00e9vrier 2014. <\/span><\/p>\n<p style=\"text-align:justify;\"><span style=\"color:#008000;\"><strong>Rappelons que le prince Jaime, fils de feu le prince Charles-Hugues de Bourbon Parme et de la princesse Ir\u00e8ne des Pays-Bas et fr\u00e8re cadet de l&#8217;actuel duc de Parme et de Plaisance, est, selon les lois fondamentales du royaume, dynaste en France. <\/strong><\/span><\/p>\n<p style=\"text-align:justify;\"><span style=\"color:#008000;\">En revanche, si le premier enfant du prince Jaime et de la princesse Viktoria devait \u00eatre un fils, la question de sa place tant au sein de la succession des duch\u00e9s de Parme et Plaisance (son fr\u00e8re le duc de Parme n&#8217;ayant que deux filles \u00e0 ce jour) que de celle du royaume de France ne manquerait pas de se poser comme ayant \u00e9t\u00e9 con\u00e7u avant un l\u00e9gitime mariage. <em>Probl\u00e8me identique \u00e0 celui qui est soulev\u00e9 par certains puristes \u00e0 l&#8217;\u00e9gard du prince Gaston, fils a\u00een\u00e9 du prince Jean d&#8217;Orl\u00e9ans et de la princesse Philomena<\/em>. <\/span><\/p>\n<p style=\"text-align:justify;\"><span style=\"color:#008000;\">Sauf \u00e0 penser qu&#8217;un jour, autres temps autres moeurs, ces lois soient modifi\u00e9es pour r\u00e9pondre aux changements intervenus dans notre soci\u00e9t\u00e9. Un temps o\u00f9 les princes s&#8217;enfonceraient lentement dans la grisaille d&#8217;une vie trop pareille \u00e0 la vie de chaque homme, une grisaille qui risquerait d&#8217;\u00eatre de l&#8217;oubli&#8230; <\/span><\/p>\n<p style=\"text-align:justify;\"><span style=\"color:#ff6600;\">Le 3 d\u00e9cembre 2013. Jean-Yves Pons, CJA.<\/span><\/p>\n<p class=\"MsoNormal\"><a href=\"http:\/\/conseildansesperanceduroi.wordpress.com\/2013\/12\/02\/bulletin-climatique-quotidien-3-decembre-2013-de-la-republique-francaise\/\">http:\/\/conseildansesperanceduroi.wordpress.com\/2013\/12\/02\/bulletin-climatique-quotidien-3-decembre-2013-de-la-republique-francaise\/<\/a><\/p>\n","protected":false},"excerpt":{"rendered":"<p>Le prince Jaime et la princesse Viktoria de Bourbon Parme, comte et comtesse de Bardi, ont annonc\u00e9 cette semaine qu&#8217;ils attendent leur premier enfant pour le mois de f\u00e9vrier 2014&#8230;. <a href=\"https:\/\/charte-fontevrault-providentialisme.fr\/index.php\/2013\/12\/05\/naissance-princiere-attendue-au-foyer-du-prince-jaime-et-de-viktoria-de-bourbon-parme\/\">Cliquez pour lire davantage &raquo;<\/a><\/p>\n","protected":false},"author":5,"featured_media":0,"comment_status":"open","ping_status":"open","sticky":false,"template":"","format":"standard","meta":{"footnotes":""},"categories":[2,18],"tags":[3330,9280,12681,20526,20583,20598,20604,20732,20738],"class_list":["post-2961","post","type-post","status-publish","format-standard","hentry","category-action-legitimiste","category-familles-royales-francaises-et-etrangeres","tag-cja","tag-http-conseildansesperanceduroi-wordpress-com","tag-jean-yves-pons","tag-prince-charles-hugues-de-bourbon-parme","tag-prince-gaston-dorleans","tag-prince-jaime-de-bourbon-parme","tag-prince-jean-duc-de-vendome","tag-princesse-philomena-dorleans","tag-princesse-viktoria-de-bourbon-parme"],"_links":{"self":[{"href":"https:\/\/charte-fontevrault-providentialisme.fr\/index.php\/wp-json\/wp\/v2\/posts\/2961","targetHints":{"allow":["GET"]}}],"collection":[{"href":"https:\/\/charte-fontevrault-providentialisme.fr\/index.php\/wp-json\/wp\/v2\/posts"}],"about":[{"href":"https:\/\/charte-fontevrault-providentialisme.fr\/index.php\/wp-json\/wp\/v2\/types\/post"}],"author":[{"embeddable":true,"href":"https:\/\/charte-fontevrault-providentialisme.fr\/index.php\/wp-json\/wp\/v2\/users\/5"}],"replies":[{"embeddable":true,"href":"https:\/\/charte-fontevrault-providentialisme.fr\/index.php\/wp-json\/wp\/v2\/comments?post=2961"}],"version-history":[{"count":0,"href":"https:\/\/charte-fontevrault-providentialisme.fr\/index.php\/wp-json\/wp\/v2\/posts\/2961\/revisions"}],"wp:attachment":[{"href":"https:\/\/charte-fontevrault-providentialisme.fr\/index.php\/wp-json\/wp\/v2\/media?parent=2961"}],"wp:term":[{"taxonomy":"category","embeddable":true,"href":"https:\/\/charte-fontevrault-providentialisme.fr\/index.php\/wp-json\/wp\/v2\/categories?post=2961"},{"taxonomy":"post_tag","embeddable":true,"href":"https:\/\/charte-fontevrault-providentialisme.fr\/index.php\/wp-json\/wp\/v2\/tags?post=2961"}],"curies":[{"name":"wp","href":"https:\/\/api.w.org\/{rel}","templated":true}]}}