{"id":31092,"date":"2020-05-22T09:54:50","date_gmt":"2020-05-22T07:54:50","guid":{"rendered":"https:\/\/chartedefontevraultprovidentialisme.wordpress.com\/?p=31092"},"modified":"2020-05-22T09:54:50","modified_gmt":"2020-05-22T07:54:50","slug":"le-blog-de-jeanne-smits-le-cardinal-burke-evoque-le-coronavirus-a-la-lumiere-de-fatima","status":"publish","type":"post","link":"https:\/\/charte-fontevrault-providentialisme.fr\/index.php\/2020\/05\/22\/le-blog-de-jeanne-smits-le-cardinal-burke-evoque-le-coronavirus-a-la-lumiere-de-fatima\/","title":{"rendered":"Le blog de Jeanne Smits. Le cardinal Burke \u00e9voque le coronavirus \u00e0 la lumi\u00e8re de Fatima"},"content":{"rendered":"<p><span style=\"color:#ff6600;\">Merci \u00e0 M. le\u00a0 Chanoine Trauchessec de\u00a0 son envoi.<\/span><\/p>\n<hr \/>\n<table id=\"m_-142796371025018991itemcontentlist\">\n<tbody>\n<tr>\n<td><a href=\"http:\/\/feedproxy.google.com\/~r\/blogspot\/jeannesmits\/~3\/byF9wi6pCZw\/le-cardinal-burke-evoque-le-coronavirus.html?utm_source=feedburner&amp;utm_medium=email\" target=\"_blank\" rel=\"noopener\" name=\"m_-142796371025018991_1\">Le cardinal Burke \u00e9voque le coronavirus \u00e0 la lumi\u00e8re de Fatima<\/a><\/p>\n<p>Posted: 21 May 2020 03:37 PM PDT<\/p>\n<div>\n<div>\n<div><a href=\"https:\/\/chartedefontevraultprovidentialisme.files.wordpress.com\/2020\/05\/386f5-cardinal_burke__rome_life_forum_2018_810_500_75_s_c1-1.jpg\" target=\"_blank\" rel=\"noopener\"><img decoding=\"async\" src=\"https:\/\/chartedefontevraultprovidentialisme.files.wordpress.com\/2020\/05\/386f5-cardinal_burke__rome_life_forum_2018_810_500_75_s_c1-1.jpg\" border=\"0\" \/><\/a><\/div>\n<p><i>Le cardinal Burke a donn\u00e9 une vid\u00e9o-conf\u00e9rence dans le cadre du \u00ab Rome Life Forum \u00bb organis\u00e9 par Voice of the Family et LifeSiteNews, qui se tient virtuellement cette ann\u00e9e en raison des restrictions sanitaires li\u00e9es au COVID-19. Le th\u00e8me des conf\u00e9rences porte cette ann\u00e9e sur Fatima, et la mani\u00e8re dont les apparitions de la Sainte Vierge en 1917 peuvent \u00e9clairer la p\u00e9riode actuelle.<\/i><br \/>\n<i><br \/>\n<\/i><i>Je vous propose ici ma traduction non officielle de la conf\u00e9rence du cardinal Burke, riche de conseils et de compassion pour les catholiques qui ont pu se sentir abandonn\u00e9s pendant la p\u00e9riode du confinement, priv\u00e9s des sacrements et m\u00eame dans certains cas de s\u00e9pulture chr\u00e9tienne pour leurs chers disparus.<\/i><br \/>\n<i><br \/>\n<\/i><i>Le cardinal Raymond Burke dit les choses avec force, mais toujours sous un regard d&#8217;\u00e9ternit\u00e9, invitant \u00e0 une union toujours plus grande avec le C\u0153ur sacr\u00e9 de J\u00e9sus par le C\u0153ur Immacul\u00e9 de Marie.<\/i><br \/>\n<i><br \/>\n<\/i><i>Il s&#8217;\u00e9l\u00e8ve notamment contre la vaccination obligatoire, en particulier si les vaccins d\u00e9velopp\u00e9s utilisent des lign\u00e9es de cellules souches pr\u00e9lev\u00e9es sur des f\u0153tus avort\u00e9s ; contre les restrictions ill\u00e9gales \u00e0 la libert\u00e9 religieuse et de culte\u00a0 ; contre le silence d&#8217;\u00e9v\u00eaques et de pr\u00eatres qui par leur refus de s&#8217;exprimer, se rendent complice de l&#8217;apostasie.<\/i><br \/>\n<i><br \/>\n<\/i><i>Le cardinal Burke exprime \u00e9galement sa conviction que la cons\u00e9cration de la Russie \u00e0 son C\u0153ur Immacul\u00e9 n&#8217;a pas \u00e9t\u00e9 accomplie. \u2013 J.S.<\/i><\/p>\n<h3>Fatima : La r\u00e9ponse du ciel \u00e0 un monde en crise<\/h3>\n<div><\/div>\n<div>Nous vivons des temps tr\u00e8s troubl\u00e9s et inqui\u00e9tants. Un virus a \u00e9t\u00e9, d\u2019une quelconque mani\u00e8re, l\u00e2ch\u00e9, jusqu\u2019\u00e0 atteindre toutes les parties du monde. Il a caus\u00e9 et cause encore, \u00e0 un degr\u00e9 plus ou moins important, la maladie qui lui est associ\u00e9e, le COVID-19. Beaucoup sont morts et meurent encore, soit directement de la maladie, soit de complications dont la maladie fait partie. En r\u00e9ponse \u00e0 la propagation de la contagion, de nombreux gouvernements ont impos\u00e9 de s\u00e9v\u00e8res restrictions \u00e0 la circulation de leurs citoyens, confinant les citoyens \u00e0 leur domicile et interrompant le fonctionnement de tous les services, hormis les services essentiels. L\u2019effet sur l\u2019\u00e9conomie des familles, des communaut\u00e9s locales et des nations a \u00e9t\u00e9 d\u00e9vastateur.<u><\/u><u><\/u><\/div>\n<div>L\u2019origine du virus demeure incertaine. Les informations relatives \u00e0 sa nature et \u00e0 son \u00e9volution sont contradictoires. \u00c0 l\u2019heure actuelle, un d\u00e9bat anim\u00e9 a lieu pour savoir si son \u00e9volution nous permettra de reprendre nos activit\u00e9s quotidiennes ou si, en raison d\u2019une menace de r\u00e9surgence de la contagion, nous devrons continuer \u00e0 vivre confin\u00e9s dans nos foyers. Des informations nous parviennent de la part de ceux qui sont retenus comme experts, et elles sont clairement contradictoires. Il existe \u00e9galement une crainte l\u00e9gitime de voir des personnes sans scrupules utiliser la crise sanitaire \u00e0 des fins politiques et \u00e9conomiques.<u><\/u><u><\/u><\/div>\n<div>Un aspect particulier de la crise sanitaire internationale qui en r\u00e9sulte, ce que l\u2019on appelle une pand\u00e9mie, est que l\u2019ensemble plus vaste des personnes en bonne sant\u00e9 sont soumises \u00e0 de s\u00e9v\u00e8res restrictions, m\u00eame en ce qui concerne leur pratique de la foi, en partant du principe que l\u2019infection par le virus reste souvent cach\u00e9e avant de se manifester soudainement. D\u2019une certaine mani\u00e8re, chacun d\u2019entre nous devient un danger potentiel pour les autres. Dans une telle situation, l\u2019interaction humaine naturelle est rendue s\u00e9v\u00e8rement limit\u00e9e. Chez certains, la situation a conduit \u00e0 s\u2019inqui\u00e9ter constamment d\u2019une \u00e9ventuelle infection et \u00e0 entretenir l\u2019illusion que, d\u2019une mani\u00e8re ou d\u2019une autre, nous pouvons cr\u00e9er un environnement parfaitement sanitaire dans lequel nous ne serons menac\u00e9s par aucune bact\u00e9rie ni aucun virus, ou dans lequel, gr\u00e2ce \u00e0 des mesures prophylactiques, y compris la vaccination universellement impos\u00e9e, nous aurons une protection certaine contre le coronavirus.<u><\/u><u><\/u><\/div>\n<div>En ce qui concerne la vaccination, il doit \u00eatre clair qu\u2019il n\u2019est jamais moralement justifi\u00e9 de d\u00e9velopper un vaccin en utilisant les lign\u00e9es cellulaires de f\u0153tus avort\u00e9s. L\u2019id\u00e9e d\u2019introduire un tel vaccin dans son propre corps est \u00e0 juste titre r\u00e9pugnante. En m\u00eame temps, il doit aussi \u00eatre clair que la vaccination elle-m\u00eame ne peut \u00eatre impos\u00e9e, de mani\u00e8re totalitaire, aux citoyens. Lorsque l\u2019\u00c9tat se livre \u00e0 une telle pratique, il viole l\u2019int\u00e9grit\u00e9 de ses citoyens. Si l\u2019\u00c9tat peut pr\u00e9voir des r\u00e8glements raisonnables pour la protection de la sant\u00e9, il n\u2019est pas le fournisseur ultime de soins de sant\u00e9. C\u2019est Dieu qui l\u2019est. Tout ce que l\u2019\u00c9tat propose doit respecter Dieu et sa loi.<u><\/u><u><\/u><\/div>\n<div>Il ne fait aucun doute que la vie est devenue, \u00e0 bien des \u00e9gards, \u00e9trange. Certains ont voulu qualifier le confinement \u00e0 domicile de quasi providentiel, comme une occasion de faire une retraite spirituelle prolong\u00e9e ou de favoriser la vie de famille. Certes, nous sommes appel\u00e9s \u00e0 accepter toute souffrance qui entre dans notre vie, pour en faire, avec l\u2019aide de la gr\u00e2ce de Dieu, une source de b\u00e9n\u00e9diction pour nous-m\u00eames et pour les autres. Il n\u2019en reste pas moins que la situation ne correspond pas \u00e0 la mani\u00e8re dont Dieu nous a appel\u00e9s \u00e0 vivre et qu\u2019elle constitue donc une souffrance. Nous ne pouvons pas ignorer l\u2019effet n\u00e9gatif g\u00e9n\u00e9ralis\u00e9 de cette situation sur la d\u00e9pression et d\u2019autres maladies mentales, sur l\u2019abus d\u2019alcool et de drogues, etc. Si nous sommes appel\u00e9s \u00e0 offrir notre souffrance \u00e0 Dieu par amour pour lui et pour notre prochain, nous ne voulons certainement pas favoriser cette souffrance, comme si elle \u00e9tait un bien en soi.<u><\/u><u><\/u><\/div>\n<div>Il est \u00e9galement clair que des individus et des groupes agissant au service d\u2019un programme particulier utilisent la souffrance profonde, relative aussi bien \u00e0 la sant\u00e9 qu\u2019\u00e0 la situation \u00e9conomique des familles, des communaut\u00e9s locales et des nations, pour promouvoir leur programme, qu\u2019il s\u2019agisse de la progression d\u2019un gouvernement mondial unique, de la promotion de causes environnementales, voire de changements radicaux dans la pratique de la foi catholique. Au milieu de la d\u00e9sorientation et de la confusion engendr\u00e9es par la crise sanitaire internationale, nous devons, avant tout, nous tourner vers la raison droite et vers notre foi pour faire face \u00e0 la crise pour le bien de tous.<u><\/u><u><\/u><\/div>\n<div>Depuis le d\u00e9but de la crise, il ya eu une d\u00e9faillance de la part de l\u2019Eglise en tant que corps unique quant \u00e0 l\u2019annonce claire de l\u2019Evangile et \u00e0 l\u2019insistance sur l\u2019exercice de sa mission, en accord avec l\u2019Evangile, y compris en temps de crise internationale. Certains pr\u00eatres et \u00e9v\u00eaques ont fait preuve de sagesse et de courage pour trouver les moyens de rester proches du troupeau de Dieu dont ils ont la charge, en particulier en apportant les sacrements aux malades et aux mourants, mais malheureusement, l\u2019impression g\u00e9n\u00e9rale parmi les fid\u00e8les est que leurs pr\u00eatres leur ont \u00e9t\u00e9 enlev\u00e9s, ou que ceux-ci les ont abandonn\u00e9s. La plupart des fid\u00e8les se voient refuser les sacrements depuis des semaines.<u><\/u><u><\/u><\/div>\n<div>Il est tragique d\u2019entendre des t\u00e9moignages de fid\u00e8les qui demandent \u00e0 un pr\u00eatre d\u2019entendre leur confession et qui re\u00e7oivent comme r\u00e9ponse que les pr\u00eatres n\u2019ont pas le droit d\u2019entendre les confessions\u00a0; ou qui demandent la sainte communion et se voient r\u00e9pondre qu\u2019il est interdit aux pr\u00eatres de distribuer la sainte communion en dehors de la sainte messe. Il est particuli\u00e8rement tragique d\u2019entendre les r\u00e9cits de fid\u00e8les qui meurent sans l\u2019assistance de leur pr\u00eatre ou sans qu\u2019aucun membre de leur famille ou de leurs amis ne soit pr\u00e9sent pour les accompagner, et les histoires d\u2019enterrement de fid\u00e8les catholiques de longue date sans aucun rite fun\u00e9raire. Dans certains cas, ces circonstances tragiques ont \u00e9t\u00e9 dict\u00e9es par l\u2019\u00c9tat, et dans d\u2019autres cas par l\u2019\u00c9glise allant au-del\u00e0 des exigences de la r\u00e9glementation de l\u2019\u00c9tat ou en conformit\u00e9 avec des r\u00e9glementations de l\u2019\u00c9tat qui sont en violation de la libert\u00e9 religieuse.<u><\/u><u><\/u><\/div>\n<div>La situation a, \u00e0 juste titre, suscit\u00e9 un d\u00e9bat intense sur les relations entre l\u2019\u00c9glise et l\u2019\u00c9tat. En l\u2019absence du respect d\u00fb \u00e0 l\u2019\u00c9glise et \u00e0 la libert\u00e9 religieuse de ses membres, l\u2019\u00c9tat assume l\u2019autorit\u00e9 de Dieu lui-m\u00eame, imposant son diktat \u00e0 l\u2019\u00c9glise en ce qui concerne les r\u00e9alit\u00e9s les plus sacr\u00e9es comme le saint sacrifice de la messe et le sacrement de la p\u00e9nitence. S\u2019il nous restait un doute quant \u00e0 la perte de ce respect, il a \u00e9t\u00e9 dissip\u00e9 par des incidents au cours desquels les autorit\u00e9s civiles ont tent\u00e9 d\u2019emp\u00eacher un pr\u00eatre offrant la sainte messe d\u2019accomplir l\u2019action sacr\u00e9e.<u><\/u><u><\/u><\/div>\n<div>Depuis le d\u00e9but, on a omis de dire clairement que, parmi toutes les n\u00e9cessit\u00e9s de la vie, la principale est la communion avec Dieu. Oui, nous avons besoin de ce qui est n\u00e9cessaire pour notre alimentation, notre sant\u00e9 et notre hygi\u00e8ne, mais aucun de ces besoins essentiels ne peut se substituer \u00e0 notre besoin le plus fondamental : conna\u00eetre, aimer et servir Dieu. Comme on me l\u2019a appris il y a longtemps, parmi les premi\u00e8res le\u00e7ons du Cat\u00e9chisme, Dieu a fait l\u2019homme pour le conna\u00eetre, l\u2019aimer et le servir dans cette vie et ainsi obtenir la vie \u00e9ternelle avec lui au Ciel. (1)<u><\/u><u><\/u><\/div>\n<div><span style=\"color:#008000;\">Face \u00e0 une crise sanitaire internationale, nous devons d\u2019abord nous tourner vers Dieu, en lui demandant de nous prot\u00e9ger de la contagion et de tout autre mal. En nous tournant vers Dieu, nous trouvons l\u2019orientation et la force de prendre toutes les mesures humaines n\u00e9cessaires pour nous prot\u00e9ger, conform\u00e9ment aux exigences de la raison et de la loi morale. Sinon, si nous pensons \u00e0 tort que la lutte contre le mal d\u00e9pend totalement de nous, nous prenons des mesures qui portent atteinte \u00e0 notre dignit\u00e9 humaine et, surtout, \u00e0 notre juste relation avec Dieu. \u00c0 cet \u00e9gard, l\u2019\u00c9tat doit \u00eatre attentif \u00e0 la libert\u00e9 religieuse des citoyens, afin que l\u2019aide de Dieu soit recherch\u00e9e \u00e0 tout moment et en toutes choses. Penser autrement, c\u2019est faire de l\u2019\u00c9tat notre dieu et penser que de simples \u00eatres humains, sans l\u2019aide de Dieu, peuvent nous sauver.<u><\/u><u><\/u><\/span><\/div>\n<div><span style=\"color:#008000;\">S\u2019il y avait un manque de respect pour notre relation fondamentale avec Dieu au d\u00e9but de la crise sanitaire internationale actuelle, il y a un manque de respect similaire dans ce qui est propos\u00e9 pour l\u2019apr\u00e8s-crise. On entend sans cesse le mantra selon lequel notre vie ne sera plus jamais comme avant et que nous ne pourrons jamais revenir \u00e0 la vie telle que nous l\u2019avons v\u00e9cue jusque-l\u00e0. Il a \u00e9t\u00e9 sugg\u00e9r\u00e9, par exemple, que l\u2019ancien geste consistant \u00e0 donner la main \u00e0 autrui en signe d\u2019amiti\u00e9 et de confiance doit maintenant \u00eatre abandonn\u00e9 \u00e0 jamais. De m\u00eame, il existe un certain mouvement pour insister sur le fait que tout le monde doit d\u00e9sormais \u00eatre vaccin\u00e9 contre le coronavirus COVID-19 et m\u00eame qu\u2019une sorte de micropuce doit \u00eatre plac\u00e9e sous la peau de chaque personne, de sorte qu\u2019\u00e0 tout moment, elle puisse \u00eatre contr\u00f4l\u00e9e par l\u2019\u00c9tat en mati\u00e8re de sant\u00e9 et sur d\u2019autres sujets que nous ne pouvons qu\u2019imaginer. Il a \u00e9galement \u00e9t\u00e9 sugg\u00e9r\u00e9, m\u00eame par des pasteurs de l\u2019\u00c9glise, que la crise actuelle devrait nous amener \u00e0 reconsid\u00e9rer la question de savoir si la messe dominicale est essentielle \u00e0 la vie chr\u00e9tienne ou si les rites fun\u00e9raires sont essentiels \u00e0 la pratique de notre foi.<u><\/u><u><\/u><\/span><\/div>\n<div><span style=\"color:#008000;\">Oui, il est vrai que l\u2019exp\u00e9rience de la crise du coronavirus COVID-19 a marqu\u00e9 notre vie de mani\u00e8re significative, mais elle ne doit pas prendre en mains la direction de notre vie. Notre Seigneur J\u00e9sus-Christ reste le Roi du Ciel et de la Terre. Nous restons cr\u00e9\u00e9s \u00e0 l\u2019image et \u00e0 la ressemblance de Dieu, avec les dons de la foi et de la raison. Nous restons fils et filles de Dieu, adopt\u00e9s en Dieu le Fils, ce que nous ne pouvons faire que par l\u2019\u0153uvre merveilleuse de son Incarnation r\u00e9demptrice. Nous vivons en Dieu, nous recevons la vie de Dieu dans nos c\u0153urs et nos \u00e2mes \u00e0 partir du glorieux C\u0153ur transperc\u00e9 de J\u00e9sus, afin de faire ce qui est juste et bon pour nous-m\u00eames et pour notre monde. Nous devons revenir \u00e0 une vie v\u00e9cue en communion avec Dieu, en utilisant la juste raison et en mettant en pratique les v\u00e9rit\u00e9s de notre foi catholique.<u><\/u><u><\/u><\/span><\/div>\n<div><span style=\"color:#008000;\">L\u2019obligation de la Messe dominicale, par exemple, participe de la loi naturelle et divine, le troisi\u00e8me commandement du D\u00e9calogue, que nous sommes tenus d\u2019observer, \u00e0 moins que, pour des raisons ind\u00e9pendantes de notre volont\u00e9, nous ne puissions le faire. (2) Au cours de la crise actuelle, il a \u00e9t\u00e9 dit que les \u00e9v\u00eaques dispensent les fid\u00e8les de l\u2019obligation de la Messe dominicale, mais aucun \u00eatre humain n\u2019a le pouvoir de dispenser de la loi divine. S\u2019il a \u00e9t\u00e9 impossible, pendant la crise, aux fid\u00e8les d\u2019assister \u00e0 la sainte messe, alors l\u2019obligation ne les liait pas, mais l\u2019obligation demeurait.<u><\/u><u><\/u><\/span><\/div>\n<div><span style=\"color:#008000;\">\u00c0 cet \u00e9gard, j\u2019ai \u00e9t\u00e9 pr\u00e9occup\u00e9 par la r\u00e9action de certains \u00e0 l\u2019impossibilit\u00e9 \u00e0 long terme d\u2019acc\u00e9der aux sacrements. Ils ont dit qu\u2019il \u00e9tait en fait bon d\u2019\u00eatre sans les sacrements, afin de se concentrer sur la relation plus fondamentale avec Dieu. Certains ont exprim\u00e9 une pr\u00e9f\u00e9rence pour regarder la sainte messe \u00e0 la t\u00e9l\u00e9vision en restant confortablement install\u00e9s chez eux. Mais la sainte messe n\u2019est pas une sorte de repr\u00e9sentation humaine. C\u2019est le Christ lui-m\u00eame qui descend sur les autels de nos \u00e9glises et chapelles pour rendre sacramentellement pr\u00e9sent le fruit salvateur de sa Passion, de sa Mort, de sa R\u00e9surrection et de son Ascension. Que peut-il bien y avoir de pr\u00e9f\u00e9rable \u00e0 la pr\u00e9sence du Christ au milieu de nous dans l\u2019action sacramentelle !<u><\/u><u><\/u><\/span><\/div>\n<div><span style=\"color:#008000;\">Certains pasteurs ont m\u00eame r\u00e9primand\u00e9 les fid\u00e8les qui suppliaient de recevoir les sacrements, les accusant de vouloir, par \u00e9go\u00efsme, risquer de nuire gravement \u00e0 la sant\u00e9 des autres. Personne ne nie la n\u00e9cessit\u00e9 de prendre les pr\u00e9cautions sanitaires n\u00e9cessaires, mais le d\u00e9sir des sacrements, en particulier ceux de la p\u00e9nitence et de la sainte Eucharistie, est au c\u0153ur de notre foi. Notre relation avec Dieu exige que nous sortions de l\u2019enfermement de nos maisons et de ce que nous pouvons nous imaginer \u00eatre un environnement parfaitement prot\u00e9g\u00e9, afin que Lui, par son Fils unique, puisse parler \u00e0 nos c\u0153urs et les nourrir de la gr\u00e2ce divine. \u00c0 cet \u00e9gard, de m\u00eame qu\u2019il est parfaitement normal que des personnes quittent le confinement de leur foyer pour acheter, par exemple, de la nourriture et des m\u00e9dicaments, il est encore plus parfaitement normal que des personnes de foi quittent le confinement de leur foyer pour prier et recevoir les sacrements.<u><\/u><u><\/u><\/span><\/div>\n<div><span style=\"color:#008000;\">Ici, il faut noter que Notre Seigneur a confi\u00e9 les r\u00e9alit\u00e9s sacr\u00e9es de sa pr\u00e9sence parmi nous aux soins de nos pasteurs. Ce sont eux qui ont re\u00e7u la gr\u00e2ce de sauvegarder ces r\u00e9alit\u00e9s et d\u2019en permettre l\u2019acc\u00e8s aux fid\u00e8les. Leur connaissance et leur exp\u00e9rience doivent toujours \u00eatre conformes aux v\u00e9rit\u00e9s de la foi, qui nous ont \u00e9t\u00e9 transmises par la ligne ininterrompue de la Tradition apostolique. En p\u00e9riode de crise sanitaire, les experts en sant\u00e9 publique peuvent faire des recommandations sur la meilleure fa\u00e7on de prot\u00e9ger la sant\u00e9 de ceux qui ont acc\u00e8s aux \u00e9glises et aux chapelles, mais ce sont les \u00e9v\u00eaques et les pr\u00eatres qui doivent mettre en \u0153uvre ces recommandations d\u2019une mani\u00e8re qui respecte la r\u00e9alit\u00e9 divine de la foi elle-m\u00eame et des sacrements. Par exemple, sugg\u00e9rer \u00e0 un pr\u00eatre de distribuer la sainte communion en portant un masque et des gants en plastique, et de se d\u00e9sinfecter les mains \u00e0 diff\u00e9rents moments apr\u00e8s avoir consacr\u00e9 la Sainte Hostie peut, d\u2019un point de vue m\u00e9dical, \u00eatre la pratique la plus hygi\u00e9nique, mais cela ne respecte pas cette v\u00e9rit\u00e9\u00a0: c\u2019est le Christ qui se donne \u00e0 nous dans la sainte Hostie. En m\u00eame temps, l\u2019interdiction de recevoir la sainte Hostie sur la langue et le commandement de recevoir la sainte Communion dans la main, bien que cela puisse \u00eatre plus hygi\u00e9nique \u2013 encore que ce point soit d\u00e9battu \u2013 ne pourrait \u00eatre justifi\u00e9 que par une raison grave.<u><\/u><u><\/u><\/span><\/div>\n<div><span style=\"color:#008000;\">Il est vrai qu\u2019historiquement, l\u2019\u00c9glise a utilis\u00e9 diff\u00e9rents instruments sacr\u00e9s pour donner la sainte communion \u00e0 une personne tr\u00e8s contagieuse, mais ces m\u00e9thodes de r\u00e9ception de la sainte communion n\u2019ont pas \u00e9t\u00e9 utilis\u00e9es pour la sainte communion des fid\u00e8les en g\u00e9n\u00e9ral. On ne supposait pas que le pr\u00eatre et les fid\u00e8les, en g\u00e9n\u00e9ral, \u00e9taient tous infect\u00e9s, comme cela semble \u00eatre le cas aujourd\u2019hui, et qu\u2019ils ne pouvaient donc pas recevoir la sainte communion de la mani\u00e8re la plus pieuse possible. Les experts m\u00e9dicaux et les responsables de la sant\u00e9 publique peuvent faire des recommandations \u00e0 l\u2019\u00c9glise, mais c\u2019est l\u2019\u00c9glise elle-m\u00eame qui doit d\u00e9cider des pratiques touchant aux r\u00e9alit\u00e9s les plus sacr\u00e9es de notre foi.<u><\/u><u><\/u><\/span><\/div>\n<div><span style=\"color:#008000;\">L\u2019\u00e9pid\u00e9mie de coronavirus COVID-19 a \u00e9galement soulev\u00e9 une question des plus s\u00e9rieuses pour nous en tant que citoyens d\u2019une nation. Le r\u00f4le de la R\u00e9publique populaire de Chine dans l\u2019ensemble de la crise sanitaire internationale soul\u00e8ve de nombreuses et graves questions. Si, en tant que chr\u00e9tiens, nous aimons le peuple chinois et voulons pour lui ce qui est bon pour lui, nous ne pouvons pas ne pas reconna\u00eetre que son gouvernement est l\u2019incarnation du mat\u00e9rialisme ath\u00e9e ou du communisme. En d\u2019autres termes, c\u2019est un gouvernement qui n\u2019a aucun respect pour Dieu et pour sa Loi. Le pr\u00e9sident de la Chine, Xi Jinping, a dit tr\u00e8s clairement que la seule religion acceptable en Chine est la Chine. Son gouvernement est fond\u00e9 sur l\u2019idol\u00e2trie de la nation, et un certain nombre de ses lois et pratiques sont en violation flagrante des pr\u00e9ceptes les plus fondamentaux de la loi divine \u00e9crits dans le c\u0153ur de chaque homme et de chaque femme, et \u00e9nonc\u00e9s dans le D\u00e9calogue. Il s\u2019agit d\u2019une forme de gouvernement malfaisante qui, par exemple, pratique des avortements forc\u00e9s et viole ouvertement la libert\u00e9 religieuse du peuple. Il est juste de se demander quels principes \u00e9thiques ont r\u00e9gi l\u2019implication du gouvernement chinois dans la crise sanitaire internationale du coronavirus COVID-19.<u><\/u><u><\/u><\/span><\/div>\n<div><span style=\"color:#008000;\">Dans le m\u00eame temps, il est juste de demander quelle a \u00e9t\u00e9 et quelle demeure la relation des organisations nationales et internationales de sant\u00e9 publique avec le gouvernement chinois dans l\u2019affaire du virus qui a menac\u00e9 de nombreuses vies et la stabilit\u00e9 m\u00eame des nations souveraines. Il y a aussi la grave question des individus disposant de nombreux milliards de dollars, qui soutiennent r\u00e9guli\u00e8rement et puissamment un programme anti-vie et anti-famille, et qui sont publiquement impliqu\u00e9s dans la crise et exercent une lourde influence sur l\u2019opinion publique \u00e0 son sujet. En tant que citoyens d\u2019une nation, il est de notre devoir de poser ces questions et d\u2019y apporter des r\u00e9ponses r\u00e9solument honn\u00eates.<u><\/u><u><\/u><\/span><\/div>\n<div><span style=\"color:#008000;\">Lorsque j\u2019\u00e9tais \u00e0 l\u2019\u00e9cole primaire et secondaire, l\u2019\u00e9tude de ce qu\u2019on appelait l\u2019instruction civique \u00e9tait prise tr\u00e8s au s\u00e9rieux. C\u2019\u00e9tait l\u2019\u00e9tude de la fa\u00e7on dont le gouvernement de sa propre nation travaille pour prot\u00e9ger le bien commun, y compris les relations justes avec les autres nations. Le but de l\u2019\u00e9tude \u00e9tait de rendre les \u00e9l\u00e8ves, qui sont l\u2019avenir de la nation, responsables du gouvernement de leur nation. On me dit que, depuis longtemps d\u00e9j\u00e0, l\u2019instruction civique n\u2019est pas enseign\u00e9e dans de nombreuses \u00e9coles. Si tel est le cas, comment les \u00e9l\u00e8ves seront-ils pr\u00e9par\u00e9s \u00e0 devenir des citoyens responsables ? L\u2019exercice de cette responsabilit\u00e9 est irrempla\u00e7able pour un gouvernement d\u00e9mocratique stable. Il fait \u00e9galement partie de la loi naturelle, en particulier le quatri\u00e8me commandement du d\u00e9calogue, qui nous enseigne le respect de nos parents et des institutions qui sauvegardent et promeuvent la vie familiale, et en fin de compte de la nation. La crise actuelle devrait nous amener \u00e0 revoir l\u2019\u00e9ducation, expression fondamentale de notre culture, et \u00e0 fournir ce qui manque \u00e0 la pr\u00e9paration des \u00e9tudiants \u00e0 l\u2019exercice de la vertu fondamentale du patriotisme.<u><\/u><u><\/u><\/span><\/div>\n<div><span style=\"color:#008000;\"><span style=\"color:#ff00ff;\">La crise actuelle a \u00e9galement montr\u00e9 clairement \u00e0 quel point de nombreuses nations sont d\u00e9pendantes de la R\u00e9publique populaire de Chine. Les entreprises qui, pendant des d\u00e9cennies, ont produit les biens n\u00e9cessaires d\u2019une nation au sein de celle-ci, produisent maintenant ces biens en Chine dans l\u2019int\u00e9r\u00eat du profit \u00e9conomique. Combien de marchandises que nous utilisons quotidiennement ne portent-elles pas cette \u00e9tiquette : \u00ab\u00a0Made in China\u00a0\u00bb\u00a0? La crise actuelle doit nous amener \u00e0 nous demander pourquoi, au sein de nos nations, nous ne produisons pas nous-m\u00eames ce qui est n\u00e9cessaire \u00e0 la vie saine et forte du peuple de ces nations. Ce sont des questions complexes qui sont rendues d\u2019autant plus urgentes que de nombreuses nations sont, en fait, d\u00e9pendantes de la R\u00e9publique populaire de Chine, un gouvernement qui \u00e9pouse pleinement et radicalement le mat\u00e9rialisme ath\u00e9e.<\/span><u><\/u><u><\/u><\/span><\/div>\n<div><span style=\"color:#008000;\">Ma longue r\u00e9flexion ne doit pas conduire au d\u00e9couragement mais plut\u00f4t \u00e0 la recherche courageuse de notre identit\u00e9 catholique dans le Christ vivant pour nous dans sa sainte \u00c9glise, une identit\u00e9 qui, par sa d\u00e9finition m\u00eame, est pour le bien commun, le bien de tous les peuples. Le Christ est venu pour sauver le monde, et il nous appelle \u00e0 la vie dans l\u2019Esprit Saint, afin que nous soyons ses collaborateurs dans sa mission r\u00e9demptrice qui se poursuit jusqu\u2019\u00e0 son retour \u00e0 la fin des temps pour \u00e9tablir \u00ab\u00a0de nouveaux cieux et une nouvelle terre, dans lesquels la justice habitera\u00a0\u00bb, (3) pour inaugurer les Noces de l\u2019Agneau, (4) ses Noces, auxquelles nous sommes appel\u00e9s \u00e0 participer par la gr\u00e2ce du bapt\u00eame et de la confirmation.<u><\/u><u><\/u><\/span><\/div>\n<div><span style=\"color:#008000;\">Notre Seigneur a envoy\u00e9 sa Vierge M\u00e8re \u00e0 Cova da Iria pr\u00e8s de Fatima au Portugal en 1917, avec la mission pr\u00e9cise de nous rappeler \u00e0 la vie en Lui, \u00e0 une forte identit\u00e9 catholique, face \u00e0 la mont\u00e9e et \u00e0 la propagation du mat\u00e9rialisme ath\u00e9e ou du communisme. En vous parlant aujourd\u2019hui de la situation critique dans laquelle nous nous trouvons, je ne pourrais pas vous donner de meilleurs conseils que ceux que la Vierge M\u00e8re de Dieu nous a donn\u00e9s, par l\u2019interm\u00e9diaire des trois pastoureaux de la Cova da Iria : les saints Fran\u00e7ois et Jacinthe Marto, et la servante de Dieu, S\u0153ur Marie-Lucie de J\u00e9sus et du C\u0153ur Immacul\u00e9.<u><\/u><u><\/u><\/span><\/div>\n<div><span style=\"color:#008000;\">Les apparitions de Notre-Dame de Fatima sont survenues \u00e0 un moment o\u00f9 le monde traversait une crise terrifiante, une crise qui mena\u00e7ait son avenir m\u00eame, une crise qui, de nombreuses et effrayantes fa\u00e7ons, continue, de nos jours, \u00e0 menacer l\u2019avenir de l\u2019homme et du monde. C\u2019est une crise qui a \u00e9galement infect\u00e9 la vie de l\u2019\u00c9glise, ne touchant pas, bien s\u00fbr, la r\u00e9alit\u00e9 objective de la vie du Christ dans l\u2019\u00c9glise pour notre salut mais, plut\u00f4t, en obscurcissant et en manipulant l\u2019\u00c9glise de l\u2019int\u00e9rieur \u00e0 des fins \u00e9trang\u00e8res \u00e0 sa nature et donc toxiques pour les \u00e2mes.<u><\/u><u><\/u><\/span><\/div>\n<div><span style=\"color:#008000;\">La manifestation imm\u00e9diate de la crise a \u00e9t\u00e9 la mont\u00e9e du mat\u00e9rialisme ath\u00e9e ou du communisme en Russie et sa propagation dans le monde entier. Le mat\u00e9rialisme ath\u00e9e ou le communisme est le mal \u00e0 la racine, car il est l\u2019abandon de la foi en Dieu et en son plan pour notre salut \u00e9ternel, tel qu\u2019Il l\u2019a inscrit, depuis la cr\u00e9ation, dans la nature et, surtout, dans le c\u0153ur de l\u2019homme. C\u2019est l\u2019abandon du Myst\u00e8re de la Foi, une indiff\u00e9rence, un m\u00e9pris ou m\u00eame une hostilit\u00e9 vis-\u00e0-vis de la r\u00e9alit\u00e9 supr\u00eame de l\u2019Incarnation r\u00e9demptrice de Dieu le Fils par laquelle Il a gagn\u00e9 pour l\u2019homme le salut \u00e9ternel, la demeure du Saint-Esprit, de la gr\u00e2ce divine, afin que l\u2019homme puisse vivre en communion avec Dieu, en accord avec son plan pour sa cr\u00e9ation. Le Christ a gagn\u00e9 pour l\u2019homme le don de sa propre vie, afin que l\u2019homme puisse atteindre la vie \u00e9ternelle, tout en pr\u00e9parant le monde \u00e0 sa transformation, conform\u00e9ment au plan de Dieu, pour l\u2019inauguration de \u00ab\u00a0nouveaux cieux et une nouvelle terre, dans lesquels la justice habitera\u00a0\u00bb. (5) Le Christ est l\u2019Agneau \u00e9ternel de Dieu, aux Noces duquel nous sommes tous appel\u00e9s \u00e0 avoir une place. (6)<u><\/u><u><\/u><\/span><\/div>\n<div><span style=\"color:#ff00ff;\">\u00a0 \u00a0 \u00a0 \u00a0 \u00a0 \u00a0 \u00a0 \u00a0 Dieu a pr\u00e9par\u00e9 les messagers de la Vierge de Fatima par trois visions de l\u2019Ange du Portugal qui ont eu lieu au printemps, \u00e0 l\u2019\u00e9t\u00e9 et \u00e0 l\u2019automne 1916. Lors de la premi\u00e8re vision, tout en disant aux pastoureaux de ne pas avoir peur et en leur assurant qu\u2019il \u00e9tait \u00ab l\u2019Ange de la paix\u00bb, il leur a appris \u00e0 r\u00e9citer trois fois cette pri\u00e8re <\/span><strong><span style=\"color:#ff00ff;\">:<\/span><\/strong><\/div>\n<blockquote><p><strong><span style=\"color:#ff00ff;\">Mon Dieu, je crois, j\u2019adore, j\u2019esp\u00e8re et je vous aime. Je vous demande pardon pour ceux qui ne croient pas, qui n\u2019adorent pas, qui n\u2019esp\u00e8rent pas et qui ne vous aiment pas. (7)<\/span><\/strong><\/p><\/blockquote>\n<div><span style=\"color:#008000;\">Le messager de Dieu aux pastoureaux indiquait d\u00e9j\u00e0 la mani\u00e8re dont la M\u00e8re de Dieu allait conduire le monde \u00e0 faire face \u00e0 la grave crise du mat\u00e9rialisme ath\u00e9e ou du communisme et \u00e0 son apostasie intrins\u00e8que : la voie de la foi et de la pri\u00e8re, et celle de la p\u00e9nitence et de la r\u00e9paration.<u><\/u><u><\/u><\/span><\/div>\n<div><span style=\"color:#008000;\">L\u2019apostasie ne se limite pas simplement \u00e0 la n\u00e9gation de la foi, mais elle implique tous les aspects de la foi. Selon les termes du Dictionnaire de Th\u00e9ologie Catholique, \u00ab\u00a0L\u2019apostasie est un p\u00e9ch\u00e9 contre la foi, puisqu\u2019elle rejette la doctrine r\u00e9v\u00e9l\u00e9e ; contre la religion, puisqu\u2019elle refuse \u00e0 Dieu le culte vrai ; contre la justice, puisqu\u2019elle foule aux pieds les promesses du chr\u00e9tien\u00a0\u00bb. (8) Se r\u00e9f\u00e9rant \u00e0 un auteur moderne qui qualifie l\u2019apostasie de \u00ab\u00a0suicide spirituel\u00a0\u00bb, le Dictionnaire de Th\u00e9ologie Catholique d\u00e9clare\u00a0:<u><\/u><u><\/u><\/span><\/div>\n<blockquote><p><span style=\"color:#008000;\"><b>Ce \u00ab\u00a0suicide religieux\u00a0\u00bb est, apr\u00e8s la haine de Dieu, le plus grave des p\u00e9ch\u00e9s, parce que plus compl\u00e8tement et plus d\u00e9finitivement que les fautes simplement oppos\u00e9es aux vertus morales, il s\u00e9pare de Dieu les puissances de l\u2019\u00e2me, intelligence et volont\u00e9. <\/b>(9)<\/span><\/p><\/blockquote>\n<div><span style=\"color:#008000;\">Il est clair que l\u2019apostasie, explicite ou implicite, \u00e9loigne les c\u0153urs du C\u0153ur Immacul\u00e9 de Marie et, par cons\u00e9quent, du Sacr\u00e9-C\u0153ur de J\u00e9sus, seule source de notre salut. \u00c0 cet \u00e9gard, comme le message de Fatima le montre clairement, les pasteurs de l\u2019\u00c9glise, qui d\u2019une certaine mani\u00e8re coop\u00e8rent avec l\u2019apostasie, y compris par leur silence, portent un tr\u00e8s lourd fardeau de responsabilit\u00e9.<u><\/u><u><\/u><\/span><\/div>\n<div><span style=\"color:#008000;\">Les \u00e9tudes les plus respect\u00e9es sur les apparitions de Notre Dame de Fatima soutiennent que la troisi\u00e8me partie du Message ou Secret de Fatima a trait aux forces diaboliques qui se sont d\u00e9cha\u00een\u00e9es sur le monde \u00e0 notre \u00e9poque et qui entrent dans la vie m\u00eame de l\u2019\u00c9glise, qui \u00e9loignent les \u00e2mes de la v\u00e9rit\u00e9 de la foi et, par cons\u00e9quent, de l\u2019Amour Divin qui coule du C\u0153ur glorieux et transperc\u00e9 de J\u00e9sus. (10) Notre Dame de Fatima pr\u00e9cise que seule la foi, qui place l\u2019homme dans la relation d\u2019unit\u00e9 de c\u0153ur avec le Sacr\u00e9-Coeur de J\u00e9sus, par la m\u00e9diation de son C\u0153ur Immacul\u00e9, peut sauver l\u2019homme des ch\u00e2timents mat\u00e9riels et spirituels que la r\u00e9bellion contre Dieu entra\u00eene n\u00e9cessairement sur ses auteurs et sur l\u2019ensemble de la soci\u00e9t\u00e9 et de l\u2019Eglise. Elle exhorte donc \u00e0 une conversion quotidienne de la vie pour le salut des \u00e2mes et le salut du monde.<u><\/u><u><\/u><\/span><\/div>\n<div><span style=\"color:#008000;\">Se r\u00e9f\u00e9rant aux ch\u00e2timents n\u00e9cessairement li\u00e9s aux graves p\u00e9ch\u00e9s de l\u2019\u00e9poque, la Vierge, lors de son apparition le 13 juillet 1917, a annonc\u00e9 la paix que Dieu veut donner aux \u00e2mes et au monde. Elle nous enseigne que la paix de Dieu viendra au monde par deux moyens : la cons\u00e9cration de la Russie au C\u0153ur Immacul\u00e9 de Marie, et la pratique de la communion de r\u00e9paration le premier samedi du mois. Notre Dame a adress\u00e9 ces paroles aux enfants des bergers :<u><\/u><u><\/u><\/span><\/div>\n<div><em><span style=\"color:#ff00ff;\">Pour emp\u00eacher cette guerre [la punition du monde de ses crimes par le moyen de la guerre, de la faim et des pers\u00e9cutions contre l\u2019\u00c9glise et ke Saint-P\u00e8re&#8221;], je viendrai demander la cons\u00e9cration de la Russie \u00e0 mon C\u0153ur Immacul\u00e9 et la communion r\u00e9paratrice des premiers samedis. Si l\u2019on entend mes demandes, la Russie se convertira et on aura la paix ; sinon, elle r\u00e9pandra ses erreurs dans le monde, provoquant des guerres et des pers\u00e9cutions contre l\u2019\u00c9glise. Les bons seront martyris\u00e9s, le Saint-P\u00e8re aura beaucoup \u00e0 souffrir, plusieurs nations seront an\u00e9anties.<u><\/u><u><\/u><\/span><\/em><\/div>\n<div><span style=\"color:#008000;\"><em><span style=\"color:#ff00ff;\">\u00c0 la fin, mon C\u0153ur Immacul\u00e9 triomphera. Le Saint-P\u00e8re me consacrera la Russie, qui se convertira et il y aura un certain temps de paix. Au Portugal, le dogme de la Foi sera toujours pr\u00e9serv\u00e9, etc.<\/span><\/em> (11)<u><\/u><u><\/u><\/span><\/div>\n<div><span style=\"color:#008000;\">La Vierge indique le rem\u00e8de spirituel \u00e0 la situation d\u00e9plorable dans laquelle se trouvent le monde et l\u2019\u00c9glise. Elle pr\u00e9dit \u00e9galement les terribles ch\u00e2timents physiques qui r\u00e9sulteraient de l\u2019\u00e9chec \u00e0 consacrer l\u2019agent de la propagation du communisme ath\u00e9e au Sacr\u00e9-C\u0153ur de J\u00e9sus par son C\u0153ur Immacul\u00e9, et \u00e0 entreprendre la pratique r\u00e9guli\u00e8re de la r\u00e9paration de tant d\u2019offenses commises contre l\u2019amour incommensurable et incessant de Dieu manifest\u00e9 si parfaitement dans le C\u0153ur glorieux et transperc\u00e9 de J\u00e9sus.<u><\/u><u><\/u><\/span><\/div>\n<div><span style=\"color:#008000;\">La cons\u00e9cration de la Russie au C\u0153ur Immacul\u00e9 de Marie est plus n\u00e9cessaire aujourd\u2019hui que jamais. Lorsque nous voyons comment le mal du mat\u00e9rialisme ath\u00e9e, qui a ses racines en Russie, dirige de mani\u00e8re radicale le gouvernement de la R\u00e9publique populaire de Chine, nous reconnaissons que le grand mal du communisme doit \u00eatre gu\u00e9ri \u00e0 la racine par la cons\u00e9cration de la Russie, comme l\u2019a demand\u00e9 la Vierge. Reconnaissant la n\u00e9cessit\u00e9 d\u2019une conversion totale du mat\u00e9rialisme ath\u00e9e et du communisme au Christ, l\u2019appel de Notre-Dame de Fatima \u00e0 consacrer la Russie \u00e0 son C\u0153ur Immacul\u00e9, en accord avec son instruction explicite, reste urgent.<u><\/u><u><\/u><\/span><\/div>\n<div><span style=\"color:#008000;\">La communion de r\u00e9paration des premiers samedis repr\u00e9sente le c\u0153ur d\u2019une vie coh\u00e9rente v\u00e9cue dans le Christ, une union des c\u0153urs, unis au C\u0153ur Immacul\u00e9 de Marie, au C\u0153ur sacr\u00e9 de J\u00e9sus. Nous avons l\u2019assurance de Notre Dame que son C\u0153ur Immacul\u00e9 triomphera, que la v\u00e9rit\u00e9 et l\u2019amour de son Divin Fils triompheront. Nous sommes appel\u00e9s \u00e0 \u00eatre les agents de son triomphe par notre ob\u00e9issance \u00e0 son conseil maternel. N\u2019oublions pas la description de la troisi\u00e8me partie du Secret par S\u0153ur Lucie, dans laquelle elle \u00e9voque \u00ab\u00a0l\u2019Ange \u00e0 l\u2019\u00e9p\u00e9e flamboyante \u00bb qu\u2019elle a vu \u00e0 la gauche de la Vierge :<u><\/u><u><\/u><\/span><\/div>\n<div><span style=\"color:#008000;\">D\u00e9signant la terre de sa main droite, l\u2019Ange s\u2019est \u00e9cri\u00e9 d\u2019une voix forte : \u00ab\u00a0P\u00e9nitence, P\u00e9nitence, P\u00e9nitence ! \u00bb (12)<u><\/u><u><\/u><\/span><\/div>\n<div><span style=\"color:#008000;\">S\u0153ur Lucie d\u00e9crit ensuite le martyre de ceux qui sont rest\u00e9s fid\u00e8les \u00e0 Notre Seigneur, de ceux qui d\u2019un seul c\u0153ur sont dans le C\u0153ur Immacul\u00e9 de Marie, dans le Sacr\u00e9 C\u0153ur de J\u00e9sus. (13) Ne manquons pas d\u2019embrasser toute souffrance qui pourrait nous atteindre \u00e0 cause de notre t\u00e9moignage fid\u00e8le \u00e0 Celui qui est le v\u00e9ritable tr\u00e9sor de nos c\u0153urs, \u00e0 Celui qui est le Roi du Ciel et de la Terre.<u><\/u><u><\/u><\/span><\/div>\n<div><span style=\"color:#008000;\"><span style=\"color:#ff00ff;\">La r\u00e9alit\u00e9 de l\u2019apostasie de la foi, qui se manifeste par la propagation du mat\u00e9rialisme ath\u00e9e \u00e0 notre \u00e9poque, nous effraie profond\u00e9ment, et \u00e0 juste titre<\/span>. Notre amour pour le Christ et pour son Corps Mystique, l\u2019\u00c9glise, nous fait comprendre la gravit\u00e9 du mal qui cherche \u00e0 nous priver de notre salut \u00e9ternel dans le Christ. Ne c\u00e9dons pas au d\u00e9couragement, mais rappelons-nous plut\u00f4t que le C\u0153ur Immacul\u00e9 de la Bienheureuse Vierge Marie, assum\u00e9 dans la gloire, ne cesse jamais de battre avec amour pour nous, les enfants que son Divin Fils lui a donn\u00e9s alors qu\u2019il mourait sur la Croix. (14) Avec un soin maternel, elle attire nos c\u0153urs vers son C\u0153ur Immacul\u00e9 glorieux, afin de porter nos c\u0153urs vers le C\u0153ur Divin, le C\u0153ur sacr\u00e9 de Dieu le Fils, qui est le Fils de Marie, qui n\u2019a jamais cess\u00e9 de battre avec amour pour nous et pour notre monde. Elle nous enseigne, comme elle a enseign\u00e9 aux sommeliers des Noces de Cana dans leur d\u00e9tresse : \u00ab\u00a0Faites tout ce qu\u2019il vous dira.\u00a0\u00bb (15) Soyons pr\u00eats, avec l\u2019aide de la Vierge M\u00e8re de Dieu, \u00e0 accepter tout sacrifice qui nous sera demand\u00e9, afin d\u2019\u00eatre de fid\u00e8les fr\u00e8res et s\u0153urs du Christ, de fid\u00e8les soldats du Christ, le Fils unique de Dieu, de fid\u00e8les coop\u00e9rateurs de sa gr\u00e2ce.<u><\/u><u><\/u><\/span><\/div>\n<div><span style=\"color:#008000;\">Prions chaque jour pour la conversion de la Russie, et empruntons le chemin de la pri\u00e8re, de la p\u00e9nitence et de la r\u00e9paration que nous enseigne Notre-Dame de Fatima. Faisons n\u00f4tre la pri\u00e8re enseign\u00e9e aux enfants du saint berger par l\u2019Ange du Portugal lors de sa premi\u00e8re vision :<u><\/u><u><\/u><\/span><\/div>\n<blockquote><p><span style=\"color:#008000;\"><b>Mon Dieu, je crois, j\u2019adore, j\u2019esp\u00e8re et je vous aime. Je vous demande pardon pour ceux qui ne croient pas, qui n\u2019adorent pas, qui n\u2019esp\u00e8rent pas et qui ne vous aiment pas.<\/b> (16)<\/span><\/p><\/blockquote>\n<div><span style=\"color:#008000;\">En priant ainsi, n\u2019oublions pas les paroles du m\u00eame Ange, messager de Dieu aupr\u00e8s des enfants des bergers pour les pr\u00e9parer aux apparitions de la M\u00e8re de Dieu :<u><\/u><u><\/u><\/span><\/div>\n<div><span style=\"color:#008000;\"><b>Priez ainsi. Les C\u0153urs de J\u00e9sus et de Marie sont attentifs \u00e0 la voix de vos supplications.<\/b> (17)<u><\/u><u><\/u><\/span><\/div>\n<div><span style=\"color:#008000;\">Ne doutons jamais que les C\u0153urs de J\u00e9sus et de Marie sont toujours ouverts pour recevoir nos pri\u00e8res et nous aider dans tous nos besoins.<u><\/u><u><\/u><\/span><\/div>\n<div><span style=\"color:#008000;\">Pour nous, suivons le conseil du m\u00eame Ange, donn\u00e9 aux pastoureaux lors de sa deuxi\u00e8me apparition : \u00ab\u00a0Offrez des pri\u00e8res et des sacrifices au Tr\u00e8s-Haut.\u00a0\u00bb (18) Faisons, comme l\u2019Ange l\u2019a fait pour instruire les enfants :<u><\/u><u><\/u><\/span><\/div>\n<div><span style=\"color:#008000;\"><b>De tout ce que vous pourrez, offrez \u00e0 Dieu un sacrifice en acte de r\u00e9paration pour les p\u00e9ch\u00e9s par lesquels Il est offens\u00e9, et de supplication pour la conversion des p\u00e9cheurs. De cette mani\u00e8re, vous attirerez la paix sur votre patrie. Je suis son Ange gardien, l\u2019Ange du Portugal. Surtout, acceptez et supportez, avec soumission, les souffrances que le Seigneur vous enverra.<\/b> (19)<u><\/u><u><\/u><\/span><\/div>\n<div><span style=\"color:#008000;\">A l\u2019instar des saints pastoureaux, acceptons avec joie la souffrance pour le pardon des p\u00e9ch\u00e9s et la r\u00e9paration du d\u00e9sordre que le p\u00e9ch\u00e9 introduit toujours dans notre vie personnelle et dans le monde. Soyons r\u00e9alistes face aux grands maux qui assaillent le monde et l\u2019\u00c9glise, et, en m\u00eame temps, soyons pleins d\u2019espoir dans la victoire du Sacr\u00e9-C\u0153ur de J\u00e9sus par le C\u0153ur Immacul\u00e9 de Marie, pour laquelle nous luttons chaque jour avec les incomparables armes spirituelles de la pri\u00e8re et de la p\u00e9nitence, et de la r\u00e9paration des p\u00e9ch\u00e9s commis.<u><\/u><u><\/u><\/span><\/div>\n<div><\/div>\n<div><span style=\"color:#008000;\">Je vous assure de mes pri\u00e8res quotidiennes, demandant \u00e0 Notre Seigneur, par l\u2019intercession de Notre Dame de Fatima, des Quatorze saints auxiliaires et de saint Roch, de vous garder \u00e0 l\u2019abri du mal du coronavirus COVID-19 et de tout autre mal. Que Dieu vous b\u00e9nisse, vous et vos foyers.<\/span><u><\/u><u><\/u><\/div>\n<div><\/div>\n<div><span style=\"color:#ff6600;\"><i>Raymond Leo cardinal Burke<\/i><\/span><\/div>\n<div><\/div>\n<div><span style=\"color:#0000ff;\"><i>\u00a9\u00a0<a style=\"color:#0000ff;\" href=\"http:\/\/leblogdejeannesmits.blogspot.com\/\" target=\"_blank\" rel=\"noopener\">leblogdejeannesmits<\/a>\u00a0pour la traduction<\/i><\/span><\/div>\n<div><i><span style=\"color:#0000ff;\">\u00a9\u00a0Photo : Olivier Figuera<\/span>s<\/i><\/div>\n<div>________<\/div>\n<div>1 Cf. l\u2019\u00e9dition de la Confr\u00e9rie du P\u00e8re Connell, New Baltimore Catechism, n\u00b0 3 (New York : Benziger Brothers, Inc., 1949), pp. 5-7, nos. 3-4.<u><\/u><u><\/u><\/div>\n<div>2 Cf. le Cat\u00e9chisme de l\u2019\u00c9glise catholique, n\u00b0 2180.<u><\/u><u><\/u><\/div>\n<div>3 2 Pet 3, 13.<u><\/u><u><\/u><\/div>\n<div>4 Cf. Apoc. 19, 7-9.<u><\/u><u><\/u><\/div>\n<div>5 2 P 3, 13.<u><\/u><u><\/u><\/div>\n<div>6 Apoc. 19, 7-9.<u><\/u><u><\/u><\/div>\n<div>7 \u00ab\u00a0Meu Deus ! Eu creio, adoro, espero e amo-Vos. Pe\u00e7o-Vos perd\u00e3o para os que n\u00e3o cr\u00eaem, n\u00e3o adoram, n\u00e3o esperam e Vos n\u00e3o amam.\u00a0\u00bb Carmelo de Coimbra, Um caminho sob o olhar de Maria. Biografia da Irm\u00e3 Maria L\u00facia de Jesus e do Cora\u00e7\u00e3o Imaculado O.C.D. (Marco de Canaveses : Edi\u00e7\u00f5es Carmelo, 2013), p. 37. [Ci-apr\u00e8s, Carmelo de Coimbra].<u><\/u><u><\/u><\/div>\n<div>8 \u00ab\u00a0L\u2019apostasie est un p\u00e9ch\u00e9 contre la foi, puisqu\u2019elle rejette la doctrine r\u00e9v\u00e9l\u00e9e ; contre la religion, puisqu\u2019elle refuse \u00e0 Dieu le culte vrai ; contre la justice, puisqu\u2019elle foule aux pieds les promesses du chr\u00e9tien.\u00a0\u00bb Dictionnaire de Th\u00e9ologie Catholique, Tome premier (Paris : Letouzey et An\u00e9, 1903), col. 1604. [Ci-apr\u00e8s, DTC].<u><\/u><u><\/u><\/div>\n<div>9 &#8220;Ce \u00ab\u00a0suicide religieux \u00bb est, apr\u00e8s la haine de Dieu, le plus grave des p\u00e9ch\u00e9s, parce que plus compl\u00e8tement et plus d\u00e9finitivement que les fautes simplement oppos\u00e9es aux vertus morales, il s\u00e9pare de Dieu les puissances de l\u2019\u00e2me humaine, intelligence et volont\u00e9. DTC, col. 1604.<u><\/u><u><\/u><\/div>\n<div>10 Cf. Fr\u00e8re Michel de la Sainte Trinit\u00e9, Toute la v\u00e9rit\u00e9 sur Fatima. Tome 3 : Le troisi\u00e8me secret (1942-1960) (Saint-Parres-l\u00e8s-Vaides [France] : Renaissance Catholique Contre-R\u00e9forme Catholique, 1985), p. 552.<u><\/u><u><\/u><\/div>\n<div>11 \u00ab\u00a0Para a impedir, virei pedir a consagra\u00e7\u00e3o da R\u00fassia a Meu Imaculado Cora\u00e7\u00e3o e a Comunh\u00e3o reparadora nos primeiros s\u00e1bados. Se atenderem a Meus pedidos, a R\u00fassia se converter\u00e1 e ter\u00e3o paz ; se n\u00e3o, espalhar\u00e1 seus erros pelo mundo, promovendo guerras e persegui\u00e7\u00f5es \u00e0 Igreja. Os bons ser\u00e3o martirizados, o Santo Padre ter\u00e1 muito que sofrer, v\u00e1rias na\u00e7\u00f5es ser\u00e3o aniquiladas.<u><\/u><u><\/u><\/div>\n<div>Por fim, o Meu Imaculado Cora\u00e7\u00e3o triunfar\u00e1. O Santo Padre consagrar-Me-\u00e1 a Russia que se converter\u00e1 e ser\u00e1 concedido ao mundo algum tempo de paz. Em Portugal se conservar\u00e1 sempre o dogma da F\u00e9, etc.\u00a0\u00bb Carmelo de Coimbra, p. 63.<u><\/u><u><\/u><\/div>\n<div>12 \u00ab\u00a0O Anjo apontando com a m\u00e3o direita para a terra, come voz forte disse : Penit\u00eancia, Penit\u00eancia, Penit\u00eancia !\u00a0\u00bb Carmelo de Coimbra, p. 64.<u><\/u><u><\/u><\/div>\n<div>13 Cf. Carmelo de Coimbra, p. 64-65.<u><\/u><u><\/u><\/div>\n<div>14 Cf. Jn 19, 26-27.<u><\/u><u><\/u><\/div>\n<div>15 Jn 2, 5.<u><\/u><u><\/u><\/div>\n<div>16 \u00ab\u00a0Meu Deus ! Eu creio, adoro, espero e amo-Vos. Pe\u00e7o-Vos perd\u00e3o para os que n\u00e3o cr\u00eaem, n\u00e3o adoram, n\u00e3o esperam e Vos n\u00e3o amam.\u00a0\u00bb Carmelo de Coimbra, p. 37.<u><\/u><u><\/u><\/div>\n<div>17 \u00ab\u00a0Orai assim. Os Cora\u00e7\u00f5es de Jesus e Maria est\u00e3o atentos \u00e0 vos das vossas s\u00faplicas\u00a0\u00bb. Carmelo de Coimbra, p. 37.<u><\/u><u><\/u><\/div>\n<div>18 \u00ab\u00a0Oferecei constantemente, ao Alt\u00edssimo, ora\u00e7\u00f5es e sacrif\u00edcios.\u00a0\u00bb Carmelo de Coimbra, p. 37.<u><\/u><u><\/u><\/div>\n<p>19 \u00ab\u00a0De tudo que puderdes, oferecei a Deus sacrif\u00edcio em acto de repara\u00e7\u00e3o pelos pecados com que Ele \u00e9 ofendido e s\u00faplica pela convers\u00e3o dos pecadores. Atra\u00ed assim, sobre a vossa P\u00e1tria, a paz\u00a0\u00bb. Carmelo de Coimbra, p. 37.<br \/>\n<b><i><br \/>\n<\/i><\/b><b><i><br \/>\n<\/i><\/b><b><i>\u2022 Voulez-vous \u00eatre tenu au courant des informations originales paraissant sur ce blog ? Abonnez-vous gratuitement \u00e0 la lettre d&#8217;informations. Vous recevrez au maximum un courriel par jour. <a href=\"http:\/\/feedburner.google.com\/fb\/a\/mailverify?uri=blogspot\/jeannesmits&amp;loc=fr_FR\" target=\"_blank\" rel=\"noopener\">S&#8217;abonner<\/a><\/i><\/b><br \/>\n<b><br \/>\n<\/b><\/p>\n<div><i>\u2022\u00a0<\/i>Pour soutenir ce blog gratuit et non r\u00e9mun\u00e9r\u00e9, et m&#8217;aider \u00e0 maintenir le rythme des publications, il est possible de verser une participation sur\u00a0<a href=\"https:\/\/paypal.me\/SmitsJeanne?locale.x=fr_FR\" target=\"_blank\" rel=\"noopener\">paypal.me\/SmitsJeanne<\/a>.<\/div>\n<div><\/div>\n<div>Ou bien, virement sur<br \/>\nIBAN : FR78 3000 2089 0000 0058 5657 G83<br \/>\nBIC : CRLYFRPP\u00a0 (Jeanne Figueras)<\/div>\n<div><\/div>\n<div>Avec un grand merci \u00e0 tous ceux qui ont d\u00e9j\u00e0 g\u00e9n\u00e9reusement contribu\u00e9 !<\/div>\n<p><b>\u00a0<\/b><\/p>\n<\/div>\n<div><\/div>\n<div>\n<p><a href=\"http:\/\/feeds.feedburner.com\/blogspot\/jeannesmits\" target=\"_blank\" rel=\"alternate noopener\"><img decoding=\"async\" src=\"https:\/\/www.feedburner.com\/fb\/images\/pub\/feed-icon32x32.png\" alt=\"\" \/><\/a>\u00a0 <a href=\"http:\/\/feeds.feedburner.com\/blogspot\/jeannesmits\" target=\"_blank\" rel=\"alternate noopener\">S&#8217;abonner \u00e0 un flux<\/a><\/p>\n<\/div>\n<p>&nbsp;<\/p>\n<div><\/div>\n<p>&nbsp;<\/p>\n<div><\/div>\n<p><b><i><\/i><\/b> \u00a9 <a href=\"http:\/\/leblogdejeannesmits.blogspot.com\/\" target=\"_blank\" rel=\"noopener\">leblogdejeannesmits<\/a><\/p>\n<div><\/div>\n<div><b><i><a href=\"http:\/\/reinformation.tv\/\" target=\"_blank\" rel=\"noopener\">Reinformation.tv<\/a><\/i><\/b><\/div>\n<\/div>\n<\/td>\n<\/tr>\n<\/tbody>\n<\/table>\n","protected":false},"excerpt":{"rendered":"<p>Merci \u00e0 M. le\u00a0 Chanoine Trauchessec de\u00a0 son envoi. Le cardinal Burke \u00e9voque le coronavirus \u00e0 la lumi\u00e8re de Fatima Posted: 21 May 2020 03:37 PM PDT Le cardinal Burke&#8230; <a href=\"https:\/\/charte-fontevrault-providentialisme.fr\/index.php\/2020\/05\/22\/le-blog-de-jeanne-smits-le-cardinal-burke-evoque-le-coronavirus-a-la-lumiere-de-fatima\/\">Cliquez pour lire davantage &raquo;<\/a><\/p>\n","protected":false},"author":5,"featured_media":0,"comment_status":"open","ping_status":"open","sticky":false,"template":"","format":"standard","meta":{"footnotes":""},"categories":[7],"tags":[988,2215,2666,30110],"class_list":["post-31092","post","type-post","status-publish","format-standard","hentry","category-blogs-et-sites-catholiques","tag-apparitions-mariales-de-fatima-portugal","tag-cardinal-burke","tag-chanoine-trauchessec","tag-virus-corona-covid-19"],"_links":{"self":[{"href":"https:\/\/charte-fontevrault-providentialisme.fr\/index.php\/wp-json\/wp\/v2\/posts\/31092","targetHints":{"allow":["GET"]}}],"collection":[{"href":"https:\/\/charte-fontevrault-providentialisme.fr\/index.php\/wp-json\/wp\/v2\/posts"}],"about":[{"href":"https:\/\/charte-fontevrault-providentialisme.fr\/index.php\/wp-json\/wp\/v2\/types\/post"}],"author":[{"embeddable":true,"href":"https:\/\/charte-fontevrault-providentialisme.fr\/index.php\/wp-json\/wp\/v2\/users\/5"}],"replies":[{"embeddable":true,"href":"https:\/\/charte-fontevrault-providentialisme.fr\/index.php\/wp-json\/wp\/v2\/comments?post=31092"}],"version-history":[{"count":0,"href":"https:\/\/charte-fontevrault-providentialisme.fr\/index.php\/wp-json\/wp\/v2\/posts\/31092\/revisions"}],"wp:attachment":[{"href":"https:\/\/charte-fontevrault-providentialisme.fr\/index.php\/wp-json\/wp\/v2\/media?parent=31092"}],"wp:term":[{"taxonomy":"category","embeddable":true,"href":"https:\/\/charte-fontevrault-providentialisme.fr\/index.php\/wp-json\/wp\/v2\/categories?post=31092"},{"taxonomy":"post_tag","embeddable":true,"href":"https:\/\/charte-fontevrault-providentialisme.fr\/index.php\/wp-json\/wp\/v2\/tags?post=31092"}],"curies":[{"name":"wp","href":"https:\/\/api.w.org\/{rel}","templated":true}]}}