{"id":32080,"date":"2020-07-03T15:43:20","date_gmt":"2020-07-03T13:43:20","guid":{"rendered":"https:\/\/chartedefontevraultprovidentialisme.wordpress.com\/?p=32080"},"modified":"2020-07-03T15:43:20","modified_gmt":"2020-07-03T13:43:20","slug":"32080","status":"publish","type":"post","link":"https:\/\/charte-fontevrault-providentialisme.fr\/index.php\/2020\/07\/03\/32080\/","title":{"rendered":"Les valeurs de la r\u00e9publique. &#8220;La v\u00e9rit\u00e9 est au fond du puit &#8221; D\u00e9mocrite *"},"content":{"rendered":"\n<p><span style=\"color:#008000;\"><a href=\"https:\/\/chartedefontevraultprovidentialisme.files.wordpress.com\/2020\/07\/1593615123801blob.jpg.png\"><img loading=\"lazy\" decoding=\"async\" class=\"alignleft  wp-image-32082\" src=\"https:\/\/chartedefontevraultprovidentialisme.files.wordpress.com\/2020\/07\/1593615123801blob.jpg.png?w=198\" alt=\"\" width=\"208\" height=\"315\" srcset=\"https:\/\/charte-fontevrault-providentialisme.fr\/wp-content\/uploads\/2020\/07\/1593615123801blob.jpg.png 500w, https:\/\/charte-fontevrault-providentialisme.fr\/wp-content\/uploads\/2020\/07\/1593615123801blob.jpg-198x300.png 198w\" sizes=\"auto, (max-width: 208px) 100vw, 208px\" \/><\/a>\u00a0 \u00a0 La R\u00e9publique s\u2019est faite par les colporteurs, vous savez, qui allaient de porte en porte dire la force de nos valeurs.<\/span><\/p>\n<p><span style=\"color:#ff6600;\">\u00a0 \u00a0Emmanuel Macron dixit<\/span><\/p>\n\n\n\n<p><span style=\"color:#0000ff;\">https:\/\/www.elysee.fr\/emmanuel-macron\/2020\/06\/29\/le-president-emmanuel-macron-repond-aux-150-citoyens-de-la-convention-citoyenne-pour-le-climat<\/span><\/p>\n<p>\u00a0<span style=\"color:#008000;\"> \u00a0Nous remercions\u00a0 de tout\u00a0 coeur L.C.G. de sa vigilance et de\u00a0 son envoi.<\/span><\/p>\n<ul>\n<li><span style=\"color:#0000ff;\">https:\/\/fr.wikipedia.org\/wiki\/D\u00e9mocrite<\/span><\/li>\n<\/ul>\n<p>&nbsp;<\/p>\n","protected":false},"excerpt":{"rendered":"<p>\u00a0 \u00a0 La R\u00e9publique s\u2019est faite par les colporteurs, vous savez, qui allaient de porte en porte dire la force de nos valeurs. \u00a0 \u00a0Emmanuel Macron dixit https:\/\/www.elysee.fr\/emmanuel-macron\/2020\/06\/29\/le-president-emmanuel-macron-repond-aux-150-citoyens-de-la-convention-citoyenne-pour-le-climat \u00a0 \u00a0Nous&#8230; <a href=\"https:\/\/charte-fontevrault-providentialisme.fr\/index.php\/2020\/07\/03\/32080\/\">Cliquez pour lire davantage &raquo;<\/a><\/p>\n","protected":false},"author":5,"featured_media":0,"comment_status":"open","ping_status":"open","sticky":false,"template":"","format":"standard","meta":{"footnotes":""},"categories":[29],"tags":[5252,8531,13191,20218,29416],"class_list":["post-32080","post","type-post","status-publish","format-standard","hentry","category-uncategorized","tag-democrite","tag-guerres-de-vendee","tag-l-c-g","tag-president-emmanuel-macron","tag-valeurs-de-la-republique"],"_links":{"self":[{"href":"https:\/\/charte-fontevrault-providentialisme.fr\/index.php\/wp-json\/wp\/v2\/posts\/32080","targetHints":{"allow":["GET"]}}],"collection":[{"href":"https:\/\/charte-fontevrault-providentialisme.fr\/index.php\/wp-json\/wp\/v2\/posts"}],"about":[{"href":"https:\/\/charte-fontevrault-providentialisme.fr\/index.php\/wp-json\/wp\/v2\/types\/post"}],"author":[{"embeddable":true,"href":"https:\/\/charte-fontevrault-providentialisme.fr\/index.php\/wp-json\/wp\/v2\/users\/5"}],"replies":[{"embeddable":true,"href":"https:\/\/charte-fontevrault-providentialisme.fr\/index.php\/wp-json\/wp\/v2\/comments?post=32080"}],"version-history":[{"count":0,"href":"https:\/\/charte-fontevrault-providentialisme.fr\/index.php\/wp-json\/wp\/v2\/posts\/32080\/revisions"}],"wp:attachment":[{"href":"https:\/\/charte-fontevrault-providentialisme.fr\/index.php\/wp-json\/wp\/v2\/media?parent=32080"}],"wp:term":[{"taxonomy":"category","embeddable":true,"href":"https:\/\/charte-fontevrault-providentialisme.fr\/index.php\/wp-json\/wp\/v2\/categories?post=32080"},{"taxonomy":"post_tag","embeddable":true,"href":"https:\/\/charte-fontevrault-providentialisme.fr\/index.php\/wp-json\/wp\/v2\/tags?post=32080"}],"curies":[{"name":"wp","href":"https:\/\/api.w.org\/{rel}","templated":true}]}}