{"id":34642,"date":"2020-09-29T16:59:50","date_gmt":"2020-09-29T14:59:50","guid":{"rendered":"https:\/\/chartedefontevraultprovidentialisme.wordpress.com\/?p=34642"},"modified":"2020-09-29T16:59:50","modified_gmt":"2020-09-29T14:59:50","slug":"34642","status":"publish","type":"post","link":"https:\/\/charte-fontevrault-providentialisme.fr\/index.php\/2020\/09\/29\/34642\/","title":{"rendered":"La  vie particuli\u00e8re de M\u00e8re Yvonne-Aim\u00e9e de Malestroit."},"content":{"rendered":"\n<p><a href=\"https:\/\/chartedefontevraultprovidentialisme.files.wordpress.com\/2020\/09\/20200927_193237.jpg\"><img loading=\"lazy\" decoding=\"async\" class=\"alignleft size-medium wp-image-34651\" src=\"https:\/\/chartedefontevraultprovidentialisme.files.wordpress.com\/2020\/09\/20200927_193237.jpg?w=176\" alt=\"\" width=\"176\" height=\"300\" \/><\/a><em>Evoquer M\u00e8re Yvonne-Aim\u00e9e de Malestroit, Yvonne Beauvais au civil (1901- 1951 ) est pour moi un grand honneur dont je ne sais si je suis digne.<\/em><\/p>\n\n\n\n\n\n<p>Ce que je sais par contre c&#8217;est que j&#8217;ai un attachement incommensurable pour cette &#8220;sainte&#8221; femme qui depuis longtemps aurait d\u00fb \u00eatre canonis\u00e9e. Le proc\u00e8s en reconnaissance a \u00e9t\u00e9 brutalement interrompu par le Vatican en 1960 et d\u00e9finitivement car il consid\u00e9rait qu&#8217;elle \u00e9tait trop m\u00e9diatis\u00e9e et donc il fut interdit m\u00eame de faire quelque publication que ce soit sur elle .<\/p>\n\n\n\n<p>Le livre que l&#8217;abb\u00e9 Laurentin lui a consacr\u00e9 , le seul et unique \u00e0 ce jour avec autorisation de Mgr Ratzinger <em>alors Pr\u00e9fet de la Congr\u00e9gation de la Foi<\/em> en 1985, est une somme des charismes qu&#8217;elle avait, une reconnaissance parfaite de ses dons , des \u00e9changes permanents avec le Christ certifi\u00e9s et v\u00e9rifi\u00e9s quelques fois jusqu&#8217;\u00e0 trois ou quatre par jour, des fruits nombreux qu&#8217;elle a produits autour d&#8217;elle, l&#8217;\u00e9volution d&#8217;une \u00e2me conduite par le Divin, ce livre dis-je pourrait \u00eatre un livre de chevet sur notre table de nuit .\u00a0<\/p>\n\n\n\n<p>A l&#8217;image de Sainte Th\u00e9r\u00e8se de Lisieux qui \u00e9tait &#8220;sa sainte&#8221; , d&#8217;un Padre Pio ou d&#8217;une Sainte Th\u00e9r\u00e8se d&#8217;Avila, M\u00e8re Yvonne-Aim\u00e9e \u00e9tait\u00a0<strong>un don d&#8217;elle m\u00eame permanent<\/strong>\u00a0pour les pauvres d&#8217;abord : elle allait \u00e0 18 ans\u00a0 (1911-1922) dans les quartiers les plus d\u00e9favoris\u00e9s de la p\u00e9riph\u00e9rie parisienne o\u00f9 personne n&#8217;osait s&#8217;aventurer car c&#8217;\u00e9tait trop risqu\u00e9 , cette toute jeune fille lavait, nettoyait, donnait \u00e0 manger \u00e0 ceux que personne ne regardait sur les pas de Saint Vincent de Paul et donc bien avant une M\u00e8re Th\u00e9r\u00e9sa ou une soeur Emmanuelle ici, en France , \u00e0 Paris.\u00a0 Yvonne Beauvais \u00e0 ce moment l\u00e0 , pas encore soeur ,se d\u00e9vouait sans compter allant jusqu&#8217;\u00e0 faire des m\u00e9nages (elle \u00e9tait d&#8217;une bonne famille ) devenant m\u00eame la femme de m\u00e9nage de sa m\u00e8re , pour gagner un peu d&#8217;argent pour acheter de la nourriture pour ces parias de la soci\u00e9t\u00e9, donnant de petits concerts\u00a0 dans des familles amies (elle avait pass\u00e9 deux ann\u00e9es en Angleterre et \u00e9tait revenue bard\u00e9e de dipl\u00f4mes dont un de musique). tout y passait y compris son argent de poche que sa m\u00e8re lui donnait pour vivre. Et tout cela dans\u00a0<strong>l&#8217;humilit\u00e9 et la simplicit\u00e9 absolues , l&#8217;abn\u00e9gation d&#8217;elle m\u00eame,\u00a0<\/strong>allant m\u00eame jusqu&#8217;\u00e0 se laisser accuser de vols qu&#8217;elle n&#8217;avait pas commis par deux fois par charit\u00e9\u00a0<\/p>\n\n\n\n<p>Je vous fais gr\u00e2ce de son enfance car vous pouvez retrouver cela sur Wikip\u00e9dia\u00a0 <em>https:\/\/fr.wikipedia.org\/wiki\/Yvonne-Aim%C3%A9e_de_Malestroit .<\/em> Je ne vais m&#8217;attacher qu&#8217;\u00e0 son oeuvre\u00a0<\/p>\n\n\n\n<p>L&#8217;amour pour J\u00e9sus\u00a0<strong>, son petit roi d&#8217;amour,\u00a0<\/strong>comme elle l&#8217;appelait lui est venu d\u00e8s sa plus tendre enfance , toute petite, elle voulait tout lui donner , lui gagner des \u00e2mes et elle souhaitait ardemment se faire aimer de lui. elle souffrait \u00e9norm\u00e9ment de manque d&#8217;amour . Sa m\u00e8re n&#8217;avait\u00a0 d&#8217;yeux que pour sa soeur a\u00een\u00e9e et c&#8217;\u00e9tait elle qui \u00e9tait destin\u00e9e \u00e0 rentrer en religion pas &#8220;<strong>Vonnette &#8220;<\/strong>\u00a0comme l&#8217;appelaient sa famille et ses amies\u00a0<\/p>\n\n\n\n<p>Un jour elle a \u00e9chang\u00e9 ses deux plus belles poup\u00e9es v\u00eatues de soie contre une image du Christ tomb\u00e9e du livre que son amie tenait dans ses mains\u00a0<\/p>\n\n\n\n<p>Comment va-t-elle connaitre Malestroit\u00a0 ?\u00a0 Par un s\u00e9jour de convalescence du 19 Mars au 12 Juin 1922\u00a0 suite \u00e0 une paratyphoide et l\u00e0 tout le monde va s&#8217;attacher \u00e0 elle\u00a0<\/p>\n\n\n\n<p>Pourtant, celle qui deviendra Sup\u00e9rieure de son monast\u00e8re , fondatrice\u00a0 et Sup\u00e9rieure G\u00e9n\u00e9rale de la F\u00e9d\u00e9ration des Augustines Hospitali\u00e8res se verra\u00a0 dans un premier temps interdite de Malestroit et de son h\u00f4pital avec beaucoup de s\u00e9v\u00e9rit\u00e9. Pourquoi ? Parce que ses dons, ses charismes, ses stigmates perturbent tout le monde eccl\u00e9siastique autour d&#8217;elle.\u00a0\u00a0<\/p>\n\n\n\n<p>Elle sera\u00a0 pr\u00e9venue de tout par le Christ d\u00e8s leurs premiers \u00e9changes . Elle re\u00e7u la\u00a0 gr\u00e2ce fondatrice du mariage sprituel,\u00a0 le 5 juillet 1922 : troisi\u00e8me voie des mystiques, l union parfaite. . Elle savait que toutes celles et tous ceux qui lui \u00e9taient attach\u00e9s et qu&#8217;elle aimait le plus la rejetteraient impitoyablement la croyant poss\u00e9d\u00e9e par le d\u00e9mon.\u00a0<strong>Le Christ l&#8217; avait aussi inform\u00e9e qu&#8217;il ne lui \u00e9pargnerait rien aucune souffrance ni physique ni morale.\u00a0<\/strong>Elle donne des d\u00e9tails tr\u00e8s pr\u00e9cis dans toutes ses lettres \u00e0 son confesseur le P\u00e8re Cr\u00e9t\u00e9 .\u00a0<\/p>\n\n\n\n<p>Elle est toujours pour le moment Yvonne Beauvais .<\/p>\n\n\n\n<p>Cela ira m\u00eame jusqu&#8217;\u00e0 la priver de ce confesseur en avril 1925 . Elle souffre horriblement , c&#8217;est perceptible , palpable dans ses \u00e9changes \u00e9pistolaires . De fait toutes les visions qu&#8217;elle a et qui la troublent elle -m\u00eame , avec des dates pr\u00e9cises, des lieux ( elle aura la vision de la guerre de 1940) \u00e9veillent en elle le doute aussi sur son union mystique avec le Christ car concomitamment elle est tr\u00e8s attaqu\u00e9e par le malin comme souvent les grands saints.\u00a0 Ce f\u00fbt le cas plus pr\u00e8s de nous de Padre Pio. Ce furent des batailles physiques, des meubles qui volaient.\u00a0<strong>Il ira m\u00eame jusqu&#8217;\u00e0 la pr\u00e9cipiter du balcon de sa chambre qui \u00e9tait au deuxi\u00e8me \u00e9tage du chalet o\u00f9 elle habitait .<\/strong>Elle en gardera des s\u00e9quelles \u00e0 la colonne vert\u00e9brale toute sa vie . Elle se trainera jusqu&#8217;\u00e0 l&#8217;autre chalet o\u00f9 se trouvait la directrice du foyer qui la logeait \u00e0 Malestroit o\u00f9 elle \u00e9tait retourn\u00e9e malgr\u00e9 l&#8217;interdiction mais pour ob\u00e9ir \u00e0 sa m\u00e8re\u00a0<\/p>\n\n\n\n<p>Aux souffrances physiques et morales s&#8217;ajoutent les inquisitions d&#8217;un exorciste le P\u00e8re de Tonqu\u00e9dec <em>https:\/\/fr.wikipedia.org\/wiki\/Joseph_de_Tonqu\u00e9dec<\/em> qui malgr\u00e9 la vision en sa pr\u00e9sence de la participation d&#8217;Yvonne au couronnement d&#8217;\u00e9pines du Christ le 9 mai 1925) reste sceptique<\/p>\n\n\n\n<p>Ce m\u00eame mois Yvonne et sa m\u00e8re se rendent \u00e0 Rome pour la canonisation de Ste Th\u00e9r\u00e8se de Lisieux .Pie XI va \u00e9merger de la foule pour venir les b\u00e9nir tout sp\u00e9cialement . Mme Beauvais n&#8217;en revient pas mais secr\u00e8tement Yvonne avait demand\u00e9 cette gr\u00e2ce qu&#8217;elles ont re\u00e7ue . Mme Beauvais n&#8217;est pas encore au courant de ce qui se passe dans sa fille.<\/p>\n\n\n\n<p>Elle va subir nombre d&#8217;examens m\u00e9dicaux desquels il ressort qu&#8217;elle est parfaitement normale<\/p>\n\n\n\n<p>Pourtant tout se lie contre elle . Le 15 janvier 1927 elle re\u00e7oit une lettre de Mgr Picaud , Ev\u00eaque de Vannes , lui interdisant l&#8217;entr\u00e9e formelle et d\u00e9finitive au couvent de Malestroit .\u00a0<strong>Surprise !!\u00a0 LA LETTRE ETAIT UN FAUX ECRITE PAR LE MALIN\u00a0\u00a0<\/strong>. Inform\u00e9 par Mme Beauvais\u00a0 qui lui avait envoy\u00e9 la lettre \u00e0 moiti\u00e9 consum\u00e9e toute seule Mgr Picaud reconnait les faits d\u00e9moniaques et autorise enfin Yvonne \u00e0 rentrer au monast\u00e8re ce qu&#8217;elle fera le 18 Mars 1927 . Donc vous voyez il faudra 4 ans et 8 mois d&#8217;un calvaire incroyable\u00a0 avec des alternances de dons ineffables du Christ suivis de nuits\u00a0 spirituelles noires profondes ; de souffrances physiques , de missions r\u00e9ussies, de t\u00e2ches glorieuses ou sordides &#8230;&#8230;qui auraient d\u00fb \u00e9craser cette toute jeune fille avant qu&#8217;elle ne puisse postuler\u00a0<strong>(et elle n&#8217;est pas aux bouts de ses peines) eh bien non\u00a0<\/strong>: sa force f\u00fbt au del\u00e0 d&#8217;un don total , un abandon \u00e0 Dieu seul dans un amour pr\u00eat \u00e0 tout .Elle a exp\u00e9riment\u00e9 en profondeur ce que disait l&#8217;ap\u00f4tre Paul: &#8220;pour ceux qui aiment Dieu, tout concourt au bien &#8221; Rom 8,28<\/p>\n\n\n\n<p>Yvonne fut soumise \u00e0 des contradictions particuli\u00e8rement violentes et paroxystiques mais sut les assumer dans l&#8217;AMOUR: le grand et le petit . C&#8217;est l&#8217;amour qui donne un sens au pointill\u00e9 disparate de sa vie et en fait une ligne droite\u00a0<\/p>\n\n\n\n<p>Elle est heureuse enfin, elle est l\u00e0 o\u00f9 elle voulait \u00eatre. Cependant la dure \u00e9cole du noviciat et du clo\u00eetre va \u00eatre pour cette jeune fille si vive, si moderne, tr\u00e8s cultiv\u00e9e, tr\u00e8s libre , tr\u00e8s voyageuse ,de Paris au Mans, du Mans \u00e0 Brest ,de Brest \u00e0 Paris ,de Paris en Angleterre etc&#8230;.encore une \u00e9preuve immense \u00e0 laquelle elle va se plier malgr\u00e9 tout , en avouant qu&#8217;elle n&#8217;a jamais moins bien pri\u00e9 que depuis qu&#8217;elle est au couvent . Et donc sa sant\u00e9 va se d\u00e9grader. Sa vie est z\u00e9br\u00e9e d&#8217;extases, de missions . Les combats avec la puissance des t\u00e9n\u00e8bres bien connus de l&#8217;ap\u00f4tre Paul prennent des formes violentes et sanglantes<\/p>\n\n\n\n<p>Elle prend l&#8217;habit le 10 septembre 1927 et c&#8217;est Mgr Picaud qui pr\u00e9side \u00e0 la c\u00e9r\u00e9monie tandis que c&#8217;est son ancien directeur de conscience\u00a0 le P\u00e8re Cr\u00e9t\u00e9 qui est le pr\u00e9dicateur\u00a0 et qui ose comparer Yvonne \u00e0 la petite Th\u00e9r\u00e8se\u00a0<\/p>\n\n\n\n<p>Sa modernit\u00e9 fait qu&#8217;elle pousse \u00e0 la r\u00e9novation du petit h\u00f4pital et elle r\u00e9ussit \u00e0 convaincre la m\u00e8re sup\u00e9rieure malgr\u00e9 les r\u00e9ticences de Mgr Gouraud\u00a0 pour les questions d&#8217;argent . Et les voil\u00e0 parties visiter les installations hospitali\u00e8res de 12 Maisons augustines en Bretagne et en Normandie\u00a0<\/p>\n\n\n\n<p>Elle savait qu&#8217;elles auraient des dons pour ce projet et en effet 200 000F arrivent \u00e0 No\u00ebl puis le 29 d\u00e9cembre 700 000 d&#8217;un industriel du Finist\u00e8re dont je ne r\u00e9siste pas \u00e0 vous donner le nom car il est tr\u00e8s connu dans sa descendance de nos jours\u00a0 :\u00a0<strong>Mr BOLLORE . Il restera fid\u00e8le \u00e0 M\u00e8re Yvonne Aim\u00e9e jusqu&#8217;\u00e0 la fin de ses jours<\/strong><\/p>\n\n\n\n<p>Le 28 Novembre 1927 Yvonne tombe malade si gravement qu&#8217;on lui administre \u00a0 les derniers sacrements et on organise en catastrophe la c\u00e9r\u00e9monie de voeux perp\u00e9tuels . Mais coup de th\u00e9atre , \u00e0 15h son visage cyanos\u00e9 reprend des couleurs, on arr\u00eate la c\u00e9r\u00e9monie, elle demande \u00e0 s&#8217;alimenter, elle s&#8217;habille et va \u00e0 la chapelle pour le Salut du Saint Sacrement :\u00a0<strong>elle a tout simplement v\u00e9cu l&#8217;agonie du Christ\u00a0<\/strong><\/p>\n\n\n\n<p>La vie reprend ,elle dresse les plans de la nouvelle clinique . Et de nouveau c&#8217;est le rejet d&#8217;abord de la M\u00e8re sup\u00e9rieure puis de l\u2019aum\u00f4nier , l&#8217;abb\u00e9 Joseph Bruneau qui va se montrer odieux avec elle . Elle souffre mais n&#8217;en demeure pas moins tr\u00e8s active : elle est maintenant cusini\u00e8re . Et tout le monde , malades, soeurs, h\u00f4tes, louent les omelettes baveuses, les blanquettes , les choux \u00e0 la cr\u00e8me,le riz \u00e0 l&#8217;imp\u00e9ratrice de soeur Yvonne Aim\u00e9e;<\/p>\n\n\n\n<p>Un tremblement de terre le 8 janvier 1930 endommage s\u00e9rieusement le couvent : elle r\u00e9pare, dresse les plans d un nouveau r\u00e9fectoire, restaure la salle des chapitres, elle dessine un parc \u00e0 l anglaise&#8230;.. L argent vient \u00e0 la mesure des besoins. Elle respire une\u00a0 joie communicative et rayonnante et pourtant&#8230;. ..des malaises cardiaques troublent son sommeil , une congestion pulmonaire l&#8217;arr\u00eate \u00e0 peine\u00a0<\/p>\n\n\n\n<p>Le 29 Septembre 1931 elle prononce ses voeux perp\u00e9tuels avec les m\u00eames participants que la premi\u00e8re fois . Elle est la premi\u00e8re \u00e0 recevoir l&#8217;anneau d&#8217;or que porteront d\u00e9sormais les professes suivant la nouvelle constitution qu&#8217;elle a renouvel\u00e9e de fond en comble car elle datait de 1631 . Constitution qu&#8217;elle va faire approuver \u00e0 Rome\u00a0 par le pape Pie XI et non content de cela elle va demander et obtenir la r\u00e9trocession des titres de chanoinesses r\u00e9guli\u00e8res un temps oubli\u00e9\u00a0<\/p>\n\n\n\n<p>C&#8217;est un temps b\u00e9ni qui commence et une irr\u00e9sistible ascension pour soeur Yvonne Aim\u00e9e ente 1932 et 1936 : formatrice des jeunes du noviciat , maitresse des novices entre 33 et 35 , elle lit dans les \u00e2mes , elle restaure la liturgie selon l&#8217;authentique tradition de son ordre, elle r\u00e9veille la monotonie de la vie clo\u00eetr\u00e9e en animant des f\u00eates. Elle est partout (<strong>don d&#8217;ubiquit\u00e9<\/strong>\u00a0)\u00a0 toujours disponible elle est un instrument entre les mains du Seigneur et tr\u00e8s fid\u00e8le aux normes de la Communaut\u00e9 , r\u00e8gles esprit et autorit\u00e9<\/p>\n\n\n\n<p>Mais tout cela a un prix :sa sant\u00e9 est alarmante bien qu&#8217;elle ne montre rien du tout et elle continue\u00a0 d&#8217;un endroit \u00e0 un autre , \u00e0 Paris pr\u00e9cipitamment pour voir le ministre de la sant\u00e9 car l&#8217;anticl\u00e9ricanisme cr\u00e9e des probl\u00e8mes entre les augustines hospitali\u00e8res et les infirmi\u00e8res , le 26 novembre pour assister Monsieur Bollor\u00e9 sur son lit de mort . Elle y retournera le 16 janvier 1935 pour recueillir son dernier soupir et dire &#8220;il est mort comme un saint &#8220;<\/p>\n\n\n\n<p>Le 2 Mai 1935 elle est \u00e9lue \u00e0 l&#8217;unanimit\u00e9 M\u00e8re Sup\u00e9rieure de sa congr\u00e9gation avec dispense de Rome car elle a 33 ans ce qui n&#8217;est pas l \u00e2ge canonique et elle n&#8217;a pas non plus le temps de profession requis . Elle fait face \u00e0 tout malgr\u00e9 sa maladie : fi\u00e8vre persistante entre 39 et 40 et 3, 50 gr d&#8217;albumine (d&#8217;o\u00f9 son embonpoint) . Son activit\u00e9 dispers\u00e9e dans un kaleidoscope d&#8217;expressions et t\u00e2ches vari\u00e9es est le rayonnement du seul amour et de la mis\u00e9ricorde de Dieu\u00a0<\/p>\n\n\n\n<p>Entre 1937 et 1939 elle va s&#8217;attacher \u00e0 cr\u00e9er une F\u00e9d\u00e9ration des\u00a0 Augustines Hospitali\u00e8res de la Mis\u00e9ricorde de J\u00e9sus . Cela implique des voyages , elle va partout , en Afrique centrale , en Afrique du sud . &#8230;.Quand la guerre\u00a0 \u00e9clate en 1939 elle est au Canada o\u00f9 elle donne une conf\u00e9rence improvis\u00e9e \u00e0 l&#8217;universit\u00e9 de Laval au Qu\u00e9bec\u00a0<\/p>\n\n\n\n<p>De retour \u00e0 Malestroit le 16 octobre 1939 elle intensifie la pri\u00e8re l\u00e0 et dans toute la f\u00e9d\u00e9ration naissante\u00a0<\/p>\n\n\n\n<p>Pour la suite comment r\u00e9sumer toute son oeuvre pendant la guerre , mission impossible . Le monast\u00e8re est occup\u00e9 par les allemands et pourtant elle trouve le moyen de soigner les maquisards , les parachutistes, d&#8217;en faire passer en Espagne . Elle donne abri au g\u00e9n\u00e9ral Audibert qui ne voulant pas suivre ses conseils est d\u00e9couvert et fait prisonnier .Ce sera le seul de tous ceux qu&#8217;elle a vu passer dans son monast\u00e8re et autour .. Les \u00e9preuves qu&#8217;elle avait entrevues 15 ans auparavant commencent \u00e0 r\u00e9v\u00e9ler leur sens . Les demandes de pri\u00e8res et d&#8217;aides affluent de toute part et M\u00e8re Yvonne Aim\u00e9e\u00a0 se multiplie avec le don d&#8217;ubiquit\u00e9 que le Seigneur lui a donn\u00e9\u00a0<\/p>\n\n\n\n<p>le 26 F\u00e9vrier 1943 elle est arr\u00eat\u00e9e par la gestapo et le fait savoir \u00e0 soeur St Vincent Ferrier et au P\u00e8re Labutte qu&#8217;elle mande \u00e0 Paris de toute urgence . Celui ci se trouvait \u00e0 Flers dans l&#8217;Orne . Et le lundi vers 21h alors qu&#8217;il \u00e9tait en pri\u00e8re dans le bureau de M\u00e8re Yvonne Aim\u00e9e, celle -ci apparait . Un ange l&#8217;avait d\u00e9livr\u00e9e tout comme Pierre dans sa prison et tout comme elle l&#8217;avait eu en vision des ann\u00e9es avant .<\/p>\n\n\n\n<p>A la fin de la guerre la reconnaissance afflue de toute part . On sait pour la d\u00e9coration du G\u00e9n\u00e9ral De Gaulle mais il y eut aussi les Anglais , les Am\u00e9ricains et le G\u00e9n\u00e9ral Audibert qu&#8217;elle avait h\u00e9berg\u00e9 et qui \u00e9tait revenu sauf du camp de concentration de Buckenwald et qui lui remis la croix de guerre\u00a0<\/p>\n\n\n\n<p>L&#8217;apr\u00e8s guerre doit-on en parler , un peu seulement car elle va se consacrer \u00e0 cette F\u00e9d\u00e9ration qu&#8217;elle avait cr\u00e9\u00e9e juste avant la guerre et elle en sera nomm\u00e9e Sup\u00e9rieure G\u00e9n\u00e9rale\u00a0<\/p>\n\n\n\n<p>Cependant son corps est \u00e9puis\u00e9\u00a0 elle va subir plusieurs\u00a0 \u00a0 \u00a0 \u00a0 \u00a0 \u00a0 \u00a0 \u00a0 \u00a0 \u00a0 \u00a0 \u00a0 \u00a0 \u00a0 \u00a0 \u00a0 \u00a0 \u00a0 \u00a0 \u00a0 op\u00e9rations\u00a0 <a href=\"https:\/\/chartedefontevraultprovidentialisme.files.wordpress.com\/2020\/09\/20200928_202240.jpg\"><img loading=\"lazy\" decoding=\"async\" class=\"alignright  wp-image-34646\" src=\"https:\/\/chartedefontevraultprovidentialisme.files.wordpress.com\/2020\/09\/20200928_202240.jpg?w=169\" alt=\"\" width=\"171\" height=\"304\" \/><\/a>avant de quitter cette terre mais aura encore une gr\u00e2ce supr\u00eame , elle va vivre encore une troisi\u00e8me \u00e9tape dans sa vie spirituelle une derni\u00e8re grande extase celle de la Transfiguration\u00a0 le 10 Mai 1948 \u00e0 4h . Elle a v\u00e9cue dans le Christ , par le Christ dans la totalit\u00e9 de sa vie <strong>\u00a0c&#8217;est pourquoi il l&#8217;appelait MON AIMEE MON EPOUSE BIEN AIMEE\u00a0<\/strong><strong>et elle mon petit ROI D AMOUR\u00a0<\/strong><\/p>\n\n\n\n<p><strong>C&#8217;est une vie exceptionnelle d&#8217;une femme exceptionnelle et pourtant qui a su rester humble ,ob\u00e9issante au Christ , simple et surtout UNE FEMME D&#8217;AMOUR\u00a0<\/strong><\/p>\n<p>Marie-Agn\u00e9s Lacour. CJA &#8211; H*. D\u00e9l\u00e9gu\u00e9e de la Charte de Fontevrault\u00a0 dans la province\u00a0 d&#8217;Anjou.<\/p>\n\n\n","protected":false},"excerpt":{"rendered":"<p>Evoquer M\u00e8re Yvonne-Aim\u00e9e de Malestroit, Yvonne Beauvais au civil (1901- 1951 ) est pour moi un grand honneur dont je ne sais si je suis digne. Ce que je sais&#8230; <a href=\"https:\/\/charte-fontevrault-providentialisme.fr\/index.php\/2020\/09\/29\/34642\/\">Cliquez pour lire davantage &raquo;<\/a><\/p>\n","protected":false},"author":5,"featured_media":0,"comment_status":"open","ping_status":"open","sticky":false,"template":"","format":"standard","meta":{"footnotes":""},"categories":[7],"tags":[483,4058,5233,6487,15620,16003,16400,24653,25209,25227,30817],"class_list":["post-34642","post","type-post","status-publish","format-standard","hentry","category-blogs-et-sites-catholiques","tag-abbe-rene-laurentin","tag-commune-de-malestroit-56140","tag-delegations-de-la-charte-de-fontevrault","tag-encyclopedie-wikipedia","tag-marie-agnes-lacour-cja-h","tag-mere-yvonne-aimee-de-malestroit","tag-mgr-ratzinger","tag-saint-padre-pio","tag-sainte-therese-davila","tag-sainte-therese-de-lisieux","tag-yvonne-beauvais"],"_links":{"self":[{"href":"https:\/\/charte-fontevrault-providentialisme.fr\/index.php\/wp-json\/wp\/v2\/posts\/34642","targetHints":{"allow":["GET"]}}],"collection":[{"href":"https:\/\/charte-fontevrault-providentialisme.fr\/index.php\/wp-json\/wp\/v2\/posts"}],"about":[{"href":"https:\/\/charte-fontevrault-providentialisme.fr\/index.php\/wp-json\/wp\/v2\/types\/post"}],"author":[{"embeddable":true,"href":"https:\/\/charte-fontevrault-providentialisme.fr\/index.php\/wp-json\/wp\/v2\/users\/5"}],"replies":[{"embeddable":true,"href":"https:\/\/charte-fontevrault-providentialisme.fr\/index.php\/wp-json\/wp\/v2\/comments?post=34642"}],"version-history":[{"count":0,"href":"https:\/\/charte-fontevrault-providentialisme.fr\/index.php\/wp-json\/wp\/v2\/posts\/34642\/revisions"}],"wp:attachment":[{"href":"https:\/\/charte-fontevrault-providentialisme.fr\/index.php\/wp-json\/wp\/v2\/media?parent=34642"}],"wp:term":[{"taxonomy":"category","embeddable":true,"href":"https:\/\/charte-fontevrault-providentialisme.fr\/index.php\/wp-json\/wp\/v2\/categories?post=34642"},{"taxonomy":"post_tag","embeddable":true,"href":"https:\/\/charte-fontevrault-providentialisme.fr\/index.php\/wp-json\/wp\/v2\/tags?post=34642"}],"curies":[{"name":"wp","href":"https:\/\/api.w.org\/{rel}","templated":true}]}}