{"id":34934,"date":"2020-10-10T10:00:00","date_gmt":"2020-10-10T08:00:00","guid":{"rendered":"https:\/\/chartedefontevraultprovidentialisme.wordpress.com\/?p=34934"},"modified":"2020-10-10T10:00:00","modified_gmt":"2020-10-10T08:00:00","slug":"la-charte-de-fontevrault-a-lecoute-de-saint-augustin","status":"publish","type":"post","link":"https:\/\/charte-fontevrault-providentialisme.fr\/index.php\/2020\/10\/10\/la-charte-de-fontevrault-a-lecoute-de-saint-augustin\/","title":{"rendered":"La Charte de Fontevrault \u00e0 l&#8217;\u00e9coute de Saint Augustin."},"content":{"rendered":"\n<p>\u00a0 \u00a0 \u00a0 \u00a0&#8221; <em>Il y a trois temps : le pr\u00e9sent du pass\u00e9, le pr\u00e9sent du pr\u00e9sent, le pr\u00e9sent du futur. [&#8230;] Le pr\u00e9sent du pass\u00e9, c&#8217;est la m\u00e9moire ; le pr\u00e9sent du pr\u00e9sent, c&#8217;est l&#8217;intuition directe ; le pr\u00e9sent de l&#8217;avenir, c&#8217;est l&#8217;attente<\/em>. &#8220;<\/p>\n\n\n\n<p><em>Les Confessions. Livre XI.<\/em><\/p>\n\n\n\n<p>Saint Augustin<\/p>\n\n\n\n\n\n<p>https:\/\/www.abc-citations.com\/citations\/<\/p>\n<ul>\n<li>Le pr\u00e9sent\u00a0 du pass\u00e9; c&#8217;est la m\u00e9moire, m\u00e9moire de\u00a0 <em>ce\u00a0 que\u00a0 fut la France\u00a0 catholique et royale.<\/em><\/li>\n<li>Le pr\u00e9sent du pr\u00e9sent ; c&#8217;est l&#8217;intuition directe de\u00a0 ce\u00a0 qu&#8217;il faut\u00a0 faire\u00a0 et de ce qu&#8217;il faut ne pas faire\u00a0 si l&#8217;on veut <em>promouvoir la France\u00a0 catholique et royale<\/em><\/li>\n<li>Le pr\u00e9sent de l&#8217;avenir, c&#8217;est l&#8217;attente du r\u00e9sultat de nos efforts, lorsqu&#8217;adviendra <em>la France\u00a0 catholique et royale<\/em><\/li>\n<\/ul>\n\n\n\n<p>&nbsp;<\/p>\n","protected":false},"excerpt":{"rendered":"<p>\u00a0 \u00a0 \u00a0 \u00a0&#8221; Il y a trois temps : le pr\u00e9sent du pass\u00e9, le pr\u00e9sent du pr\u00e9sent, le pr\u00e9sent du futur. [&#8230;] Le pr\u00e9sent du pass\u00e9, c&#8217;est la m\u00e9moire&#8230; <a href=\"https:\/\/charte-fontevrault-providentialisme.fr\/index.php\/2020\/10\/10\/la-charte-de-fontevrault-a-lecoute-de-saint-augustin\/\">Cliquez pour lire davantage &raquo;<\/a><\/p>\n","protected":false},"author":5,"featured_media":0,"comment_status":"open","ping_status":"open","sticky":false,"template":"","format":"standard","meta":{"footnotes":""},"categories":[7],"tags":[13999,24253],"class_list":["post-34934","post","type-post","status-publish","format-standard","hentry","category-blogs-et-sites-catholiques","tag-les-confessions","tag-saint-augustin-354-430"],"_links":{"self":[{"href":"https:\/\/charte-fontevrault-providentialisme.fr\/index.php\/wp-json\/wp\/v2\/posts\/34934","targetHints":{"allow":["GET"]}}],"collection":[{"href":"https:\/\/charte-fontevrault-providentialisme.fr\/index.php\/wp-json\/wp\/v2\/posts"}],"about":[{"href":"https:\/\/charte-fontevrault-providentialisme.fr\/index.php\/wp-json\/wp\/v2\/types\/post"}],"author":[{"embeddable":true,"href":"https:\/\/charte-fontevrault-providentialisme.fr\/index.php\/wp-json\/wp\/v2\/users\/5"}],"replies":[{"embeddable":true,"href":"https:\/\/charte-fontevrault-providentialisme.fr\/index.php\/wp-json\/wp\/v2\/comments?post=34934"}],"version-history":[{"count":0,"href":"https:\/\/charte-fontevrault-providentialisme.fr\/index.php\/wp-json\/wp\/v2\/posts\/34934\/revisions"}],"wp:attachment":[{"href":"https:\/\/charte-fontevrault-providentialisme.fr\/index.php\/wp-json\/wp\/v2\/media?parent=34934"}],"wp:term":[{"taxonomy":"category","embeddable":true,"href":"https:\/\/charte-fontevrault-providentialisme.fr\/index.php\/wp-json\/wp\/v2\/categories?post=34934"},{"taxonomy":"post_tag","embeddable":true,"href":"https:\/\/charte-fontevrault-providentialisme.fr\/index.php\/wp-json\/wp\/v2\/tags?post=34934"}],"curies":[{"name":"wp","href":"https:\/\/api.w.org\/{rel}","templated":true}]}}