{"id":35034,"date":"2020-10-15T10:00:38","date_gmt":"2020-10-15T08:00:38","guid":{"rendered":"https:\/\/chartedefontevraultprovidentialisme.wordpress.com\/?p=35034"},"modified":"2020-10-15T10:00:38","modified_gmt":"2020-10-15T08:00:38","slug":"pelerinage-a-malestroit-morbihan-le-18-octobre-2020","status":"publish","type":"post","link":"https:\/\/charte-fontevrault-providentialisme.fr\/index.php\/2020\/10\/15\/pelerinage-a-malestroit-morbihan-le-18-octobre-2020\/","title":{"rendered":"P\u00e9lerinage \u00e0 Malestroit ( Morbihan) le 18 octobre 2020."},"content":{"rendered":"\n<p>Lettre du 15 octobre 2020<\/p>\n\n\n\n<p>aux Coeurs Crois\u00e9s<\/p>\n\n\n\n<p>Chers Amis,<\/p>\n\n\n\n<p><strong><a href=\"https:\/\/chartedefontevraultprovidentialisme.files.wordpress.com\/2020\/10\/capture-decc81cran-2020-10-15-acc80-09.49.56.png\"><img loading=\"lazy\" decoding=\"async\" class=\"alignleft wp-image-35039 \" src=\"https:\/\/chartedefontevraultprovidentialisme.files.wordpress.com\/2020\/10\/capture-decc81cran-2020-10-15-acc80-09.49.56.png?w=300\" alt=\"\" width=\"235\" height=\"149\" srcset=\"https:\/\/charte-fontevrault-providentialisme.fr\/wp-content\/uploads\/2020\/10\/capture-decc81cran-2020-10-15-acc80-09.49.56.png 652w, https:\/\/charte-fontevrault-providentialisme.fr\/wp-content\/uploads\/2020\/10\/capture-decc81cran-2020-10-15-acc80-09.49.56-300x190.png 300w, https:\/\/charte-fontevrault-providentialisme.fr\/wp-content\/uploads\/2020\/10\/capture-decc81cran-2020-10-15-acc80-09.49.56-624x396.png 624w\" sizes=\"auto, (max-width: 235px) 100vw, 235px\" \/><\/a>Le prochain et dernier de nos douze p\u00e8lerinages aura lieu le Dimanche 18 Octobre\u00a0 \u00e0 Malestroit<\/strong> au couvent des Augustines *, la messe commence \u00e0 10h. Rendez-Vous \u00e0 9h45 pr\u00e9cise, car le nombre de places est limit\u00e9 par la \u00ab distanciation \u00bb. Puis nous irons sur la tombe de M\u00e8re Yvonne Aim\u00e9e la remercier et faire les pri\u00e8res des Coeurs Crois\u00e9s. Si vous pouvez rester d\u00e9jeuner, nous irons ensuite \u00e0 la cr\u00eaperie \u00ab La grange \u00e0 Louise \u00bb, en face de la mairie *\u00a0<\/p>\n\n\n\n\n\n<p><a href=\"https:\/\/webmail1m.orange.fr\/webmail\/fr_FR\/read.html?FOLDER=SF_INBOX&amp;IDMSG=638406&amp;check=&amp;SORTBY=1#\">&#8220;Arm\u00e9e des Coeurs Crois\u00e9s&#8221; &lt;les-coeurs-croises@la-nouvelle-france.fr&gt;<\/a><\/p>\n<p>https:\/\/augustines-malestroit.com<\/p>\n<p>https:\/\/chartedefontevraultprovidentialisme.wordpress.com\/2015\/03\/16\/les-mystiques-sont-ils-fous-la-charte-de-fontevrault-repond-sans-hesiter-oui-ils-sont-fous-de-dieu\/Augustines<\/p>\n","protected":false},"excerpt":{"rendered":"<p>Lettre du 15 octobre 2020 aux Coeurs Crois\u00e9s Chers Amis, Le prochain et dernier de nos douze p\u00e8lerinages aura lieu le Dimanche 18 Octobre\u00a0 \u00e0 Malestroit au couvent des Augustines&#8230; <a href=\"https:\/\/charte-fontevrault-providentialisme.fr\/index.php\/2020\/10\/15\/pelerinage-a-malestroit-morbihan-le-18-octobre-2020\/\">Cliquez pour lire davantage &raquo;<\/a><\/p>\n","protected":false},"author":5,"featured_media":0,"comment_status":"open","ping_status":"open","sticky":false,"template":"","format":"standard","meta":{"footnotes":""},"categories":[7,12],"tags":[1077,1299,15331,16003],"class_list":["post-35034","post","type-post","status-publish","format-standard","hentry","category-blogs-et-sites-catholiques","category-blogs-et-sites-providentialistes","tag-armee-des-coeurs-croises","tag-augustines-de-malestroit","tag-malestroit-morbihan","tag-mere-yvonne-aimee-de-malestroit"],"_links":{"self":[{"href":"https:\/\/charte-fontevrault-providentialisme.fr\/index.php\/wp-json\/wp\/v2\/posts\/35034","targetHints":{"allow":["GET"]}}],"collection":[{"href":"https:\/\/charte-fontevrault-providentialisme.fr\/index.php\/wp-json\/wp\/v2\/posts"}],"about":[{"href":"https:\/\/charte-fontevrault-providentialisme.fr\/index.php\/wp-json\/wp\/v2\/types\/post"}],"author":[{"embeddable":true,"href":"https:\/\/charte-fontevrault-providentialisme.fr\/index.php\/wp-json\/wp\/v2\/users\/5"}],"replies":[{"embeddable":true,"href":"https:\/\/charte-fontevrault-providentialisme.fr\/index.php\/wp-json\/wp\/v2\/comments?post=35034"}],"version-history":[{"count":0,"href":"https:\/\/charte-fontevrault-providentialisme.fr\/index.php\/wp-json\/wp\/v2\/posts\/35034\/revisions"}],"wp:attachment":[{"href":"https:\/\/charte-fontevrault-providentialisme.fr\/index.php\/wp-json\/wp\/v2\/media?parent=35034"}],"wp:term":[{"taxonomy":"category","embeddable":true,"href":"https:\/\/charte-fontevrault-providentialisme.fr\/index.php\/wp-json\/wp\/v2\/categories?post=35034"},{"taxonomy":"post_tag","embeddable":true,"href":"https:\/\/charte-fontevrault-providentialisme.fr\/index.php\/wp-json\/wp\/v2\/tags?post=35034"}],"curies":[{"name":"wp","href":"https:\/\/api.w.org\/{rel}","templated":true}]}}