{"id":35200,"date":"2020-10-24T12:00:13","date_gmt":"2020-10-24T10:00:13","guid":{"rendered":"https:\/\/chartedefontevraultprovidentialisme.wordpress.com\/?p=35200"},"modified":"2020-10-24T12:00:13","modified_gmt":"2020-10-24T10:00:13","slug":"le-contenu-errone-du-manifeste-du-comte-de-chambord-23-octobre-1873","status":"publish","type":"post","link":"https:\/\/charte-fontevrault-providentialisme.fr\/index.php\/2020\/10\/24\/le-contenu-errone-du-manifeste-du-comte-de-chambord-23-octobre-1873\/","title":{"rendered":"Le  contenu erron\u00e9 du &#8220;Manifeste du Comte de Chambord&#8221;( 23 octobre 1873)."},"content":{"rendered":"\n<div id=\"attachment_35203\" style=\"width: 310px\" class=\"wp-caption alignleft\"><a href=\"https:\/\/chartedefontevraultprovidentialisme.files.wordpress.com\/2020\/10\/henri-v.jpg\"><img loading=\"lazy\" decoding=\"async\" aria-describedby=\"caption-attachment-35203\" class=\"wp-image-35203 size-medium\" src=\"https:\/\/chartedefontevraultprovidentialisme.files.wordpress.com\/2020\/10\/henri-v.jpg?w=300\" alt=\"\" width=\"300\" height=\"297\" srcset=\"https:\/\/charte-fontevrault-providentialisme.fr\/wp-content\/uploads\/2020\/10\/henri-v.jpg 339w, https:\/\/charte-fontevrault-providentialisme.fr\/wp-content\/uploads\/2020\/10\/henri-v-300x297.jpg 300w, https:\/\/charte-fontevrault-providentialisme.fr\/wp-content\/uploads\/2020\/10\/henri-v-150x150.jpg 150w, https:\/\/charte-fontevrault-providentialisme.fr\/wp-content\/uploads\/2020\/10\/henri-v-60x60.jpg 60w\" sizes=\"auto, (max-width: 300px) 100vw, 300px\" \/><\/a><p id=\"caption-attachment-35203\" class=\"wp-caption-text\">Le Figaro. Vendredi 23 octobre 2020. p. 19.<\/p><\/div>\n<p><strong>I.<\/strong> Tout le monde\u00a0 comprend tr\u00e9s\u00a0 bien que\u00a0 si Louis XVII &#8211; fils\u00a0 de Louis XVI-\u00a0 \u00a0n&#8217;est pas mort au Temple- comme c&#8217;est\u00a0 de plus en plus vraisemblable- et\u00a0 qu&#8217;il a eut une descendance, il est inutile &#8211; et m\u00eame\u00a0 contre productif-\u00a0 de promouvoir les droits au tr\u00f4ne de France du Comte de Chambord, dernier petit-fils de Louis XV et fr\u00e8re puin\u00e9 de Louis XVI. Comme le\u00a0 Comte de Chambord ne saurait \u00eatre le roi\u00a0 l\u00e9gitime, il ne saurait porter non plus\u00a0 la titulature d&#8217;<strong> Henri V.<\/strong><\/p>\n<div id=\"attachment_34891\" style=\"width: 380px\" class=\"wp-caption alignleft\"><a href=\"https:\/\/chartedefontevraultprovidentialisme.files.wordpress.com\/2020\/10\/capture-de28099ecc81cran-2020-03-14-acc80-19.25.01.png\"><img loading=\"lazy\" decoding=\"async\" aria-describedby=\"caption-attachment-34891\" class=\"wp-image-34891\" src=\"https:\/\/chartedefontevraultprovidentialisme.files.wordpress.com\/2020\/10\/capture-de28099ecc81cran-2020-03-14-acc80-19.25.01.png?w=300\" alt=\"\" width=\"370\" height=\"260\" srcset=\"https:\/\/charte-fontevrault-providentialisme.fr\/wp-content\/uploads\/2020\/10\/capture-de28099ecc81cran-2020-03-14-acc80-19.25.01.png 1056w, https:\/\/charte-fontevrault-providentialisme.fr\/wp-content\/uploads\/2020\/10\/capture-de28099ecc81cran-2020-03-14-acc80-19.25.01-300x211.png 300w, https:\/\/charte-fontevrault-providentialisme.fr\/wp-content\/uploads\/2020\/10\/capture-de28099ecc81cran-2020-03-14-acc80-19.25.01-1024x721.png 1024w, https:\/\/charte-fontevrault-providentialisme.fr\/wp-content\/uploads\/2020\/10\/capture-de28099ecc81cran-2020-03-14-acc80-19.25.01-768x541.png 768w, https:\/\/charte-fontevrault-providentialisme.fr\/wp-content\/uploads\/2020\/10\/capture-de28099ecc81cran-2020-03-14-acc80-19.25.01-624x440.png 624w\" sizes=\"auto, (max-width: 370px) 100vw, 370px\" \/><\/a><p id=\"caption-attachment-34891\" class=\"wp-caption-text\">https:\/\/louischiren6.wixsite.com\/peintreetpoete\/le-songe-de-louis-chiren<\/p><\/div>\n<p>&nbsp;<\/p>\n<p><strong>II<\/strong>. Maximin Giraud, le Berger de la Salette avait re\u00e7u ordre de la Sainte Vierge de r\u00e9v\u00e9ler la Survivance de Louis XVII et de sa descendance au Comte de Chambord.<br \/><br \/>\u00a0 \u00a0 \u00a0 \u00a0 En avril 1865, soit\u00a0 huit ans avant la\u00a0 d\u00e9claration\u00a0 aff\u00e9rente\u00a0 au drapeau blanc\u00a0 dite &#8221; Manifeste du Comte de Chambord&#8221; Maximin se rendit\u00a0 au Ch\u00e2teau de \u00a0Frohsdorf , <em>https:\/\/fr.wikipedia.org\/wiki\/Frohsdorf\u00a0<\/em> gr\u00e2ce \u00e0 la Marquise de Pignerol . A ce moment, le secr\u00e9taire du\u00a0 Prince\u00a0 \u00e9tait le comte Henri\u00a0 de Vanssay<em> https:\/\/www.chateaudelabarre.com\/fr\/histoire-du-chateau-de-la-barre\/\u00a0<\/em> qui\u00a0 \u00a0a\u00a0 \u00a0 \u00a0 \u00a0 \u00a0 \u00a0 \u00a0 \u00a0 \u00a0 \u00a0 \u00a0 \u00a0 \u00a0 \u00a0 \u00a0 \u00a0 \u00a0 \u00a0 \u00a0 \u00a0 \u00a0 \u00a0 \u00a0 \u00a0 \u00a0 \u00a0 \u00a0 \u00a0 \u00a0 \u00a0 \u00a0 \u00a0 \u00a0 \u00a0 \u00a0 \u00a0 \u00a0 \u00a0 \u00a0 \u00a0 \u00a0 \u00a0 \u00a0 \u00a0 \u00a0 \u00a0 \u00a0 \u00a0 \u00a0 \u00a0 \u00a0 \u00a0 \u00a0 \u00a0 \u00a0 \u00a0 \u00a0 \u00a0 \u00a0 \u00a0 a r\u00e9dig\u00e9 pour sa famille \u2013 dont le Marquis de La Franquerie tiens la copie du document \u2013 le compte rendu de l\u2019entretien :<br \/><br \/>\u00a0 \u00a0 \u00a0 \u00ab <em>Je vis que le Comte de Chambord \u00e9tait \u00e9mu et parla longuement et avec beaucoup de bont\u00e9 au jeune voyant. Quand Maximin quitta la pi\u00e8ce, tout \u00e9mu, le Prince se tourna vers moi : Maintenant j\u2019ai la certitude que mon cousin Louis XVII existe. Je ne monterai donc pas sur le tr\u00f4ne de France. Mais Dieu veut que nous gardions le secret. C\u2019est lui seul qui se r\u00e9serve de r\u00e9tablir la royaut\u00e9.<\/em> \u00bb<\/p>\n<p><strong>\u00a0 \u00a0III.\u00a0 Il parait r\u00e9sulter\u00a0 du compte-rendu\u00a0 des extases de Marie-Julie Jahenny, que ce ne serait<\/strong>\u00a0ni le Prince LOUIS, ni le Prince JEAN qui seraient le Grand Monarque des proph\u00e9ties, mais un troisi\u00e8me, un Prince inconnu, pr\u00e9nomm\u00e9 HENRI.\u00a0<\/p>\n<p><em>\u00a0 \u00a0 \u00a0La stigmatis\u00e9e de Blain a annonc\u00e9 ce Grand Monarque et elle\u00a0 le nommait HENRI V DE LA CROIX .. \u00a0ce ne sont pas les Pr\u00e9tendants que l\u2019on nous pr\u00e9sente aujourd\u2019hui qui sont appel\u00e9s \u00e0 si\u00e9ger sur le Tr\u00f4ne de France.<\/em><\/p>\n<p><strong>\u00a0 \u00a0 Descendant, selon les proph\u00e9ties, des Rois de France, A\u00een\u00e9 L\u00e9gitime des Cap\u00e9tiens, issu de la branche coup\u00e9e des Lys, le Pr\u00e9tendant cach\u00e9, LE ROI BLANC, Roi du Sacr\u00e9-Coeur, Roi du Miracle tenu en r\u00e9serve par Dieu pour la r\u00e9g\u00e9n\u00e9ration de la France, SMTC HENRI V DE LA CROIX m\u00e8nerait une vie retir\u00e9e et\u00a0 p\u00e9nitente\u00a0\u00a0<\/strong><strong>en attendant le jour de sa Restauration<\/strong>.<br \/>\u00a0 \u00a0\u00a0C\u2019est dans la Foi et l\u2019abandon \u00e0 Dieu que le ROI cach\u00e9 HENRI V DE LA CROIX doit trouver la force du \u00ab\u00a0<em>sacrifice<\/em>\u00a0\u00bb qu\u2019il lui est demand\u00e9 : ne pas sortir de l\u2019anonymat AVANT l\u2019heure de Dieu.<\/p>\n<p><em>https:\/\/chartedefontevraultprovidentialisme.wordpress.com\/2020\/07\/18\/hommage-au-roi-cache-smtc-henri-v-de-la-croix\/<\/em><\/p>\n","protected":false},"excerpt":{"rendered":"<p>I. Tout le monde\u00a0 comprend tr\u00e9s\u00a0 bien que\u00a0 si Louis XVII &#8211; fils\u00a0 de Louis XVI-\u00a0 \u00a0n&#8217;est pas mort au Temple- comme c&#8217;est\u00a0 de plus en plus vraisemblable- et\u00a0 qu&#8217;il&#8230; <a href=\"https:\/\/charte-fontevrault-providentialisme.fr\/index.php\/2020\/10\/24\/le-contenu-errone-du-manifeste-du-comte-de-chambord-23-octobre-1873\/\">Cliquez pour lire davantage &raquo;<\/a><\/p>\n","protected":false},"author":5,"featured_media":0,"comment_status":"open","ping_status":"open","sticky":false,"template":"","format":"standard","meta":{"footnotes":""},"categories":[2,12],"tags":[3035,8868,8895,10492,10931,14619,14783,14790,15355,15679,15983,23299,26459],"class_list":["post-35200","post","type-post","status-publish","format-standard","hentry","category-action-legitimiste","category-blogs-et-sites-providentialistes","tag-chateau-de-frohsdorf-autriche","tag-henri-dartois-comte-de-chambord-henri-v-ou-pas","tag-henri-de-vanssay","tag-https-fr-wikipedia-org-wiki-andre_de_la_franquerie","tag-https-www-chateaudelabarre-com-fr","tag-louis-chiren-le-songe-de-louis-chiren","tag-louis-xvi-de-france","tag-louis-xvii-de-france","tag-manifeste-du-comte-de-chambord","tag-marie-julie-jahenny-voyante-1850-1941","tag-maximin-giraud-berger-de-la-salette","tag-rois-de-france-et-de-navarre","tag-smtc-henri-v-de-la-croix"],"_links":{"self":[{"href":"https:\/\/charte-fontevrault-providentialisme.fr\/index.php\/wp-json\/wp\/v2\/posts\/35200","targetHints":{"allow":["GET"]}}],"collection":[{"href":"https:\/\/charte-fontevrault-providentialisme.fr\/index.php\/wp-json\/wp\/v2\/posts"}],"about":[{"href":"https:\/\/charte-fontevrault-providentialisme.fr\/index.php\/wp-json\/wp\/v2\/types\/post"}],"author":[{"embeddable":true,"href":"https:\/\/charte-fontevrault-providentialisme.fr\/index.php\/wp-json\/wp\/v2\/users\/5"}],"replies":[{"embeddable":true,"href":"https:\/\/charte-fontevrault-providentialisme.fr\/index.php\/wp-json\/wp\/v2\/comments?post=35200"}],"version-history":[{"count":0,"href":"https:\/\/charte-fontevrault-providentialisme.fr\/index.php\/wp-json\/wp\/v2\/posts\/35200\/revisions"}],"wp:attachment":[{"href":"https:\/\/charte-fontevrault-providentialisme.fr\/index.php\/wp-json\/wp\/v2\/media?parent=35200"}],"wp:term":[{"taxonomy":"category","embeddable":true,"href":"https:\/\/charte-fontevrault-providentialisme.fr\/index.php\/wp-json\/wp\/v2\/categories?post=35200"},{"taxonomy":"post_tag","embeddable":true,"href":"https:\/\/charte-fontevrault-providentialisme.fr\/index.php\/wp-json\/wp\/v2\/tags?post=35200"}],"curies":[{"name":"wp","href":"https:\/\/api.w.org\/{rel}","templated":true}]}}