{"id":35871,"date":"2020-11-18T17:30:31","date_gmt":"2020-11-18T16:30:31","guid":{"rendered":"https:\/\/chartedefontevraultprovidentialisme.wordpress.com\/?p=35871"},"modified":"2020-11-18T17:30:31","modified_gmt":"2020-11-18T16:30:31","slug":"priere-a-notre-dame-de-france-mere-celeste","status":"publish","type":"post","link":"https:\/\/charte-fontevrault-providentialisme.fr\/index.php\/2020\/11\/18\/priere-a-notre-dame-de-france-mere-celeste\/","title":{"rendered":"Pri\u00e8re \u00e0 Notre-Dame de France, M\u00e8re c\u00e9leste."},"content":{"rendered":"\n<figure><strong>\u00a0 \u00a0 \u00a0 \u00a0 \u00a0 \u00a0 \u00a0 \u00a0 \u00a0 \u00a0Merci \u00e0 notre correspondante en Anjou, Agn\u00e9s Lacour, pour cet envoi .<\/strong><\/figure>\n<figure class=\"wp-block-image size-large\"><a href=\"https:\/\/chartedefontevraultprovidentialisme.files.wordpress.com\/2020\/11\/capture-decc81cran-2020-11-18-acc80-17.29.53.png\"><img loading=\"lazy\" decoding=\"async\" width=\"1522\" height=\"1026\" class=\"wp-image-35872\" src=\"https:\/\/chartedefontevraultprovidentialisme.files.wordpress.com\/2020\/11\/capture-decc81cran-2020-11-18-acc80-17.29.53.png?w=1024\" alt=\"\" srcset=\"https:\/\/charte-fontevrault-providentialisme.fr\/wp-content\/uploads\/2020\/11\/capture-decc81cran-2020-11-18-acc80-17.29.53.png 1522w, https:\/\/charte-fontevrault-providentialisme.fr\/wp-content\/uploads\/2020\/11\/capture-decc81cran-2020-11-18-acc80-17.29.53-300x202.png 300w, https:\/\/charte-fontevrault-providentialisme.fr\/wp-content\/uploads\/2020\/11\/capture-decc81cran-2020-11-18-acc80-17.29.53-1024x690.png 1024w, https:\/\/charte-fontevrault-providentialisme.fr\/wp-content\/uploads\/2020\/11\/capture-decc81cran-2020-11-18-acc80-17.29.53-768x518.png 768w, https:\/\/charte-fontevrault-providentialisme.fr\/wp-content\/uploads\/2020\/11\/capture-decc81cran-2020-11-18-acc80-17.29.53-624x421.png 624w\" sizes=\"auto, (max-width: 1522px) 100vw, 1522px\" \/><\/a><\/figure>\n","protected":false},"excerpt":{"rendered":"","protected":false},"author":5,"featured_media":0,"comment_status":"open","ping_status":"open","sticky":false,"template":"","format":"standard","meta":{"footnotes":""},"categories":[26],"tags":[2224,5235,15620,18563],"class_list":["post-35871","post","type-post","status-publish","format-standard","hentry","category-societe-traditionnelle","tag-cardinal-egenio-pacelli","tag-delegations-fontevristes","tag-marie-agnes-lacour-cja-h","tag-pape-pie-xii"],"_links":{"self":[{"href":"https:\/\/charte-fontevrault-providentialisme.fr\/index.php\/wp-json\/wp\/v2\/posts\/35871","targetHints":{"allow":["GET"]}}],"collection":[{"href":"https:\/\/charte-fontevrault-providentialisme.fr\/index.php\/wp-json\/wp\/v2\/posts"}],"about":[{"href":"https:\/\/charte-fontevrault-providentialisme.fr\/index.php\/wp-json\/wp\/v2\/types\/post"}],"author":[{"embeddable":true,"href":"https:\/\/charte-fontevrault-providentialisme.fr\/index.php\/wp-json\/wp\/v2\/users\/5"}],"replies":[{"embeddable":true,"href":"https:\/\/charte-fontevrault-providentialisme.fr\/index.php\/wp-json\/wp\/v2\/comments?post=35871"}],"version-history":[{"count":0,"href":"https:\/\/charte-fontevrault-providentialisme.fr\/index.php\/wp-json\/wp\/v2\/posts\/35871\/revisions"}],"wp:attachment":[{"href":"https:\/\/charte-fontevrault-providentialisme.fr\/index.php\/wp-json\/wp\/v2\/media?parent=35871"}],"wp:term":[{"taxonomy":"category","embeddable":true,"href":"https:\/\/charte-fontevrault-providentialisme.fr\/index.php\/wp-json\/wp\/v2\/categories?post=35871"},{"taxonomy":"post_tag","embeddable":true,"href":"https:\/\/charte-fontevrault-providentialisme.fr\/index.php\/wp-json\/wp\/v2\/tags?post=35871"}],"curies":[{"name":"wp","href":"https:\/\/api.w.org\/{rel}","templated":true}]}}