{"id":36783,"date":"2020-12-24T15:00:13","date_gmt":"2020-12-24T14:00:13","guid":{"rendered":"https:\/\/chartedefontevraultprovidentialisme.wordpress.com\/?p=36783"},"modified":"2020-12-24T15:00:13","modified_gmt":"2020-12-24T14:00:13","slug":"noel-noel-nous-dit-lami-royal-artillerie","status":"publish","type":"post","link":"https:\/\/charte-fontevrault-providentialisme.fr\/index.php\/2020\/12\/24\/noel-noel-nous-dit-lami-royal-artillerie\/","title":{"rendered":"No\u00ebl ! No\u00ebl nous dit l&#8217;ami Royal Artillerie."},"content":{"rendered":"\n<div class=\"wp-block-image\">\n<figure class=\"aligncenter size-large is-resized\"><a href=\"https:\/\/chartedefontevraultprovidentialisme.files.wordpress.com\/2020\/12\/capture-decc81cran-2020-12-24-acc80-09.46.19.png\"><img loading=\"lazy\" decoding=\"async\" class=\"wp-image-36785\" src=\"https:\/\/chartedefontevraultprovidentialisme.files.wordpress.com\/2020\/12\/capture-decc81cran-2020-12-24-acc80-09.46.19.png?w=1024\" alt=\"\" width=\"432\" height=\"296\" srcset=\"https:\/\/charte-fontevrault-providentialisme.fr\/wp-content\/uploads\/2020\/12\/capture-decc81cran-2020-12-24-acc80-09.46.19.png 1220w, https:\/\/charte-fontevrault-providentialisme.fr\/wp-content\/uploads\/2020\/12\/capture-decc81cran-2020-12-24-acc80-09.46.19-300x205.png 300w, https:\/\/charte-fontevrault-providentialisme.fr\/wp-content\/uploads\/2020\/12\/capture-decc81cran-2020-12-24-acc80-09.46.19-1024x700.png 1024w, https:\/\/charte-fontevrault-providentialisme.fr\/wp-content\/uploads\/2020\/12\/capture-decc81cran-2020-12-24-acc80-09.46.19-768x525.png 768w, https:\/\/charte-fontevrault-providentialisme.fr\/wp-content\/uploads\/2020\/12\/capture-decc81cran-2020-12-24-acc80-09.46.19-624x427.png 624w\" sizes=\"auto, (max-width: 432px) 100vw, 432px\" \/><\/a>\n<figcaption>https:\/\/royalartillerie.blogspot.com\/2020\/12\/no-no.html?utm_source=feedburner&amp;utm_medium=email&amp;utm_campaign=Feed%3A+Royalartillerie+%28ROYAL\u2694ARTILLERIE%29<\/figcaption>\n<\/figure>\n<\/div>\n\n\n\n<h3 class=\"wp-block-heading\"><strong>NO\u00cbL NO\u00cbL<\/strong><\/h3>\n\n\n\n<p><strong>\u00a0 \u00a0 \u00a0 Deux mille et vingt ans plus tard<\/strong>, nous entrons dans le souvenir du plus beau conte de No\u00ebl que l&#8217;humanit\u00e9 n&#8217;ait jamais produit, et puisque les Evangiles de la sainte Eglise nous en disent si peu, nous empruntons l&#8217;histoire au\u00a0<em>prot\u00e9vangile<\/em>\u00a0de Jacques le mineur, fils de Joseph de Nazareth, qui aurait (??) verbalis\u00e9 ces merveilles \u00e0 la mani\u00e8re des contes orientaux, de ceux qu&#8217;on \u00e9coutait le soir \u00e0 la lumi\u00e8re de la lampe \u00e0 huile pour enrichir des r\u00eaves imminents. Ce prot\u00e9vangile est une tr\u00e8s vieille affaire dont on parlait d\u00e9j\u00e0 au deuxi\u00e8me si\u00e8cle. Le texte retenu ici est tir\u00e9 de l&#8217;ouvrage\u00a0<em>&#8220;Les Evangiles apocryphes traduits et annot\u00e9s d&#8217;apr\u00e8s l&#8217;\u00e9dition de JC Thilo par Gustave Brunet&#8221; (Franck libraire, Paris 1848)<\/em>, accompagn\u00e9 de ses notes savantes. Il est accessible en ligne si l&#8217;on\u00a0<a href=\"http:\/\/remacle.org\/bloodwolf\/apocryphes\/marie2.htm\" target=\"_blank\" rel=\"noreferrer noopener\">clique ici<\/a> <strong>http:\/\/remacle.org\/bloodwolf\/apocryphes\/marie2.htm<\/strong> .<\/p>\n\n\n\n<p>\u00a0 \u00a0 Le texte original est celui du manuscrit sur v\u00e9lin du quatorzi\u00e8me si\u00e8cle, conserv\u00e9 \u00e0 la Biblioth\u00e8que du Roi \u00e0 Paris. Il faut le lire avec l&#8217;\u0153il \u00e9merveill\u00e9 du b\u00e9douin, et sous cette condition, il est tr\u00e8s int\u00e9ressant. On y retrouve toutes ses petites choses de la vie qui humanisent les pr\u00e9mices de la mission du Christ Sauveur et qui sont \u00e0 l&#8217;origine d&#8217;une pi\u00e9t\u00e9 de charbonnier sans laquelle les religions meurent de s\u00e8cheresse comme la main de Salom\u00e9. Les premiers \u00e9v\u00eaques ne s&#8217;y \u00e9taient pas tromp\u00e9s qui usaient de ces \u00e9vangiles apocryphes dans leurs hom\u00e9lies.<\/p>\n\n\n\n<p>\u00a0 \u00a0L<em>&#8216;int\u00e9gralit\u00e9 du post de Royal Artillerie- est \u00e0 lire ( en activant le lien qui suit)<\/em><\/p>\n\n\n\n<p>&#8230;<\/p>\n\n\n\n<figure class=\"wp-block-embed is-type-rich is-provider-embed wp-block-embed-embed\">\n<h4 class=\"wp-block-embed__wrapper\">https:\/\/royalartillerie.blogspot.com\/2020\/12\/no-no.html?utm_source=feedburner&amp;utm_medium=email&amp;utm_campaign=Feed%3A+Royalartillerie+%28ROYAL\u2694ARTILLERIE%2<\/h4>\n<\/figure>\n\n\n\n<p>&nbsp;<\/p>\n\n\n\n<p>&nbsp;<\/p>\n","protected":false},"excerpt":{"rendered":"<p>NO\u00cbL NO\u00cbL \u00a0 \u00a0 \u00a0 Deux mille et vingt ans plus tard, nous entrons dans le souvenir du plus beau conte de No\u00ebl que l&#8217;humanit\u00e9 n&#8217;ait jamais produit, et puisque&#8230; <a href=\"https:\/\/charte-fontevrault-providentialisme.fr\/index.php\/2020\/12\/24\/noel-noel-nous-dit-lami-royal-artillerie\/\">Cliquez pour lire davantage &raquo;<\/a><\/p>\n","protected":false},"author":5,"featured_media":0,"comment_status":"open","ping_status":"open","sticky":false,"template":"","format":"standard","meta":{"footnotes":""},"categories":[7],"tags":[9564,10777,17326,23527],"class_list":["post-36783","post","type-post","status-publish","format-standard","hentry","category-blogs-et-sites-catholiques","tag-http-remacle-org","tag-https-royalartillerie-blogspot-com","tag-noel","tag-royal-artillerie"],"_links":{"self":[{"href":"https:\/\/charte-fontevrault-providentialisme.fr\/index.php\/wp-json\/wp\/v2\/posts\/36783","targetHints":{"allow":["GET"]}}],"collection":[{"href":"https:\/\/charte-fontevrault-providentialisme.fr\/index.php\/wp-json\/wp\/v2\/posts"}],"about":[{"href":"https:\/\/charte-fontevrault-providentialisme.fr\/index.php\/wp-json\/wp\/v2\/types\/post"}],"author":[{"embeddable":true,"href":"https:\/\/charte-fontevrault-providentialisme.fr\/index.php\/wp-json\/wp\/v2\/users\/5"}],"replies":[{"embeddable":true,"href":"https:\/\/charte-fontevrault-providentialisme.fr\/index.php\/wp-json\/wp\/v2\/comments?post=36783"}],"version-history":[{"count":0,"href":"https:\/\/charte-fontevrault-providentialisme.fr\/index.php\/wp-json\/wp\/v2\/posts\/36783\/revisions"}],"wp:attachment":[{"href":"https:\/\/charte-fontevrault-providentialisme.fr\/index.php\/wp-json\/wp\/v2\/media?parent=36783"}],"wp:term":[{"taxonomy":"category","embeddable":true,"href":"https:\/\/charte-fontevrault-providentialisme.fr\/index.php\/wp-json\/wp\/v2\/categories?post=36783"},{"taxonomy":"post_tag","embeddable":true,"href":"https:\/\/charte-fontevrault-providentialisme.fr\/index.php\/wp-json\/wp\/v2\/tags?post=36783"}],"curies":[{"name":"wp","href":"https:\/\/api.w.org\/{rel}","templated":true}]}}