{"id":36994,"date":"2020-12-29T21:00:50","date_gmt":"2020-12-29T20:00:50","guid":{"rendered":"https:\/\/chartedefontevraultprovidentialisme.wordpress.com\/?p=36994"},"modified":"2020-12-29T21:00:50","modified_gmt":"2020-12-29T20:00:50","slug":"en-memoire-de-saint-thomas-becket-assassine-a-linstigation-dhenri-ii-plantagenet-le-29-decembre-1170","status":"publish","type":"post","link":"https:\/\/charte-fontevrault-providentialisme.fr\/index.php\/2020\/12\/29\/en-memoire-de-saint-thomas-becket-assassine-a-linstigation-dhenri-ii-plantagenet-le-29-decembre-1170\/","title":{"rendered":"En m\u00e9moire de Saint Thomas Becket assassin\u00e9 \u00e0 l&#8217;instigation (?) d&#8217;Henri II Plantagen\u00eat* le 29 d\u00e9cembre 1170."},"content":{"rendered":"<div id=\"attachment_36995\" style=\"width: 310px\" class=\"wp-caption alignleft\"><a href=\"https:\/\/charte-fontevrault-providentialisme.fr\/wp-content\/uploads\/2020\/12\/capture-decc81cran-2020-12-30-acc80-21.25.48.png\"><img loading=\"lazy\" decoding=\"async\" aria-describedby=\"caption-attachment-36995\" class=\"wp-image-36995 size-medium\" src=\"https:\/\/charte-fontevrault-providentialisme.fr\/wp-content\/uploads\/2020\/12\/capture-decc81cran-2020-12-30-acc80-21.25.48.png?w=300\" alt=\"\" width=\"300\" height=\"257\" srcset=\"https:\/\/charte-fontevrault-providentialisme.fr\/wp-content\/uploads\/2020\/12\/capture-decc81cran-2020-12-30-acc80-21.25.48.png 1054w, https:\/\/charte-fontevrault-providentialisme.fr\/wp-content\/uploads\/2020\/12\/capture-decc81cran-2020-12-30-acc80-21.25.48-300x257.png 300w, https:\/\/charte-fontevrault-providentialisme.fr\/wp-content\/uploads\/2020\/12\/capture-decc81cran-2020-12-30-acc80-21.25.48-1024x876.png 1024w, https:\/\/charte-fontevrault-providentialisme.fr\/wp-content\/uploads\/2020\/12\/capture-decc81cran-2020-12-30-acc80-21.25.48-768x657.png 768w, https:\/\/charte-fontevrault-providentialisme.fr\/wp-content\/uploads\/2020\/12\/capture-decc81cran-2020-12-30-acc80-21.25.48-624x534.png 624w\" sizes=\"auto, (max-width: 300px) 100vw, 300px\" \/><\/a><p id=\"caption-attachment-36995\" class=\"wp-caption-text\">&#8220;Magnificat &#8220;D\u00e9cembre 2019<\/p><\/div>\n<p>&nbsp;<\/p>\n<p>&nbsp;<\/p>\n<p>&nbsp;<\/p>\n<p>&nbsp;<\/p>\n<p>&nbsp;<\/p>\n<p>&nbsp;<\/p>\n<p>https:\/\/fr.wikipedia.org\/wiki\/Thomas_Becket<\/p>\n<p>https:\/\/www.herodote.net\/29_decembre_1170-evenement-11701229.php<\/p>\n<p>https:\/\/nominis.cef.fr\/contenus\/saint\/329\/Saint-Thomas-Becket.html<\/p>\n<hr \/>\n<div id=\"attachment_36998\" style=\"width: 343px\" class=\"wp-caption aligncenter\"><a href=\"https:\/\/charte-fontevrault-providentialisme.fr\/wp-content\/uploads\/2020\/12\/download-2.jpg\"><img loading=\"lazy\" decoding=\"async\" aria-describedby=\"caption-attachment-36998\" class=\"wp-image-36998\" src=\"https:\/\/charte-fontevrault-providentialisme.fr\/wp-content\/uploads\/2020\/12\/download-2.jpg\" alt=\"\" width=\"333\" height=\"229\" \/><\/a><p id=\"caption-attachment-36998\" class=\"wp-caption-text\">https:\/\/dictionnaireordremonastiquedefontevraud.wordpress.com\/2011\/05\/17\/e-epitaphe-du-roi-henri-ii-plantagenet-en-l\u2019abbaye-royale-de-fontevraud\/<\/p><\/div>\n<ul>\n<li>Inhum\u00e9 dans l&#8217;abbaye royale de\u00a0 Fontevraud<\/li>\n<\/ul>\n","protected":false},"excerpt":{"rendered":"<p>&nbsp; &nbsp; &nbsp; &nbsp; &nbsp; &nbsp; https:\/\/fr.wikipedia.org\/wiki\/Thomas_Becket https:\/\/www.herodote.net\/29_decembre_1170-evenement-11701229.php https:\/\/nominis.cef.fr\/contenus\/saint\/329\/Saint-Thomas-Becket.html Inhum\u00e9 dans l&#8217;abbaye royale de\u00a0 Fontevraud<\/p>\n","protected":false},"author":5,"featured_media":0,"comment_status":"open","ping_status":"open","sticky":false,"template":"","format":"standard","meta":{"footnotes":""},"categories":[18],"tags":[366,6487,8909,10435,10720,11100,19118],"class_list":["post-36994","post","type-post","status-publish","format-standard","hentry","category-familles-royales-francaises-et-etrangeres","tag-abbatiale-sainte-marie-de-fontevraud","tag-encyclopedie-wikipedia","tag-henri-ii-plantagenet","tag-https-dictionnaireordremonastiquedefontevraud-wordpress-com","tag-https-nominis-cef-fr","tag-https-www-herodote-net","tag-periodique-magnificat"],"_links":{"self":[{"href":"https:\/\/charte-fontevrault-providentialisme.fr\/index.php\/wp-json\/wp\/v2\/posts\/36994","targetHints":{"allow":["GET"]}}],"collection":[{"href":"https:\/\/charte-fontevrault-providentialisme.fr\/index.php\/wp-json\/wp\/v2\/posts"}],"about":[{"href":"https:\/\/charte-fontevrault-providentialisme.fr\/index.php\/wp-json\/wp\/v2\/types\/post"}],"author":[{"embeddable":true,"href":"https:\/\/charte-fontevrault-providentialisme.fr\/index.php\/wp-json\/wp\/v2\/users\/5"}],"replies":[{"embeddable":true,"href":"https:\/\/charte-fontevrault-providentialisme.fr\/index.php\/wp-json\/wp\/v2\/comments?post=36994"}],"version-history":[{"count":0,"href":"https:\/\/charte-fontevrault-providentialisme.fr\/index.php\/wp-json\/wp\/v2\/posts\/36994\/revisions"}],"wp:attachment":[{"href":"https:\/\/charte-fontevrault-providentialisme.fr\/index.php\/wp-json\/wp\/v2\/media?parent=36994"}],"wp:term":[{"taxonomy":"category","embeddable":true,"href":"https:\/\/charte-fontevrault-providentialisme.fr\/index.php\/wp-json\/wp\/v2\/categories?post=36994"},{"taxonomy":"post_tag","embeddable":true,"href":"https:\/\/charte-fontevrault-providentialisme.fr\/index.php\/wp-json\/wp\/v2\/tags?post=36994"}],"curies":[{"name":"wp","href":"https:\/\/api.w.org\/{rel}","templated":true}]}}